{"id":36608,"date":"2026-07-17T07:49:00","date_gmt":"2026-07-17T05:49:00","guid":{"rendered":"https:\/\/euapp01.newsmemory.com\/lamarseillaise\/news\/?p=36608"},"modified":"2026-07-17T10:11:56","modified_gmt":"2026-07-17T08:11:56","slug":"cest-lete-lopera-investit-le-off-avec-la-vie-de-boheme","status":"publish","type":"post","link":"https:\/\/euapp01.newsmemory.com\/lamarseillaise\/news\/2026\/07\/17\/cest-lete-lopera-investit-le-off-avec-la-vie-de-boheme\/","title":{"rendered":"[C\u2019est l\u00e9t\u00e9] L\u2019op\u00e9ra investit le Off avec \u00ab La Vie de Boh\u00e8me \u00bb"},"content":{"rendered":"<div class=\"paragraph\">\n<p>Les plus grands et les plus populaires op\u00e9ras ont piqu\u00e9 l\u2019imagination de metteurs en sc\u00e8ne que les morts de Carmen, Traviata, Li\u00f9, Tosca et autres Mimi, ont toujours fascin\u00e9e. Tremp\u00e9es dans le m\u00e9lodrame, ces h\u00e9ro\u00efnes meurent dans d\u2019immortelles arias que nul ne songerait \u00e0 critiquer. Car l\u2019op\u00e9ra n\u2019entend pas refl\u00e9ter la r\u00e9alit\u00e9, il \u00e9chappe au quotidien, \u00e0 la m\u00e9diocrit\u00e9 de nos petites vies. Il veut transporter interpr\u00e8tes et public dans un ailleurs sublime que les voix et l\u2019orchestre exaltent \u00e0 l\u2019envi. On pleure volontiers \u00e0 l\u2019op\u00e9ra. Non pas de tristesse mais du bonheur physique, impalpable, qui tressaille dans notre corps.<\/p>\n<p>Olivier Desbordes, mentor de la compagnie Op\u00e9ra \u00c9clat\u00e9 la bien nomm\u00e9e, a mis plusieurs fois en sc\u00e8ne <i>La Boh\u00e8me<\/i> de Puccini, c\u2019est dire s\u2019il conna\u00eet l\u2019ouvrage dans la moindre note. Il a d\u00e9cid\u00e9 d\u2019en g\u00e9rer une adaptation pour des sc\u00e8nes moins ambitieuses et convaincre ainsi les spectateurs novices en la mati\u00e8re, que l\u2019op\u00e9ra est un art \u00e0 la port\u00e9e de tous, \u00e0 condition d\u2019y entrer sans pr\u00e9jug\u00e9s, et de se laisser embarquer dans un voyage hors du r\u00e9el. Avec <i>La<\/i><i>\u00a0<\/i><i>Vie de Boh\u00e8me<\/i>, il opte pour une version qui r\u00e9unit de jeunes chanteurs et musiciens bourr\u00e9s de talent\u00a0: certains passent d\u2019un instrument \u00e0 l\u2019autre, d\u2019autres d\u2019un r\u00f4le chant\u00e9 \u00e0 un violoncelle. Voil\u00e0 la preuve que nos jeunes artistes n\u2019ont rien \u00e0 envier \u00e0 leurs a\u00een\u00e9s, m\u00eame si certains r\u00e9torqueront que chanter un r\u00f4le entier exige plus de m\u00e9tier. Apr\u00e8s tout, n\u2019ont-ils pas toute la vie devant eux\u00a0? Oublions le XIX<sup>e<\/sup>\u00a0si\u00e8cle (la cr\u00e9ation de <i>La Boh\u00e8me <\/i>date de 1896), enfilons blousons clout\u00e9s, vestes paillet\u00e9es et guitares \u00e9lectriques fa\u00e7on ann\u00e9es 70-80. Les quatre jeunes gens, artistes affam\u00e9s mais arm\u00e9s d\u2019une solide d\u00e9termination \u00e0 \u00eatre reconnus, volontiers bambochards, br\u00fblent d\u2019un m\u00eame Fureur de Vivre. L\u2019arriv\u00e9e de la petite couturi\u00e8re Mimi court-circuite le c\u0153ur de Rodolphe. L\u2019aventure amoureuse est en marche. Puccini aime les fins tragiques qui comblent son app\u00e9tit pour les g\u00e9n\u00e9reuses envol\u00e9es lyriques sur d\u2019intenses lignes m\u00e9lodiques.<\/p>\n<p>La repr\u00e9sentation qu\u2019il nous est donn\u00e9 de voir \u00e0 Avignon est une int\u00e9ressante approche d\u2019une \u0153uvre gorg\u00e9e des s\u00e8ves de l\u2019amiti\u00e9 et de l\u2019amour. Les voix sont tout \u00e0 fait agr\u00e9ables, l\u2019orchestre assure avec panache, la mise en sc\u00e8ne papillonne au gr\u00e9 des rythmes et des \u00e9motions o\u00f9 se glissent quelques anachronismes (merci Dalida et le disco au Palace\u00a0!). Si les duos, si c\u00e9l\u00e8bres, paraissent un peu longuets c\u2019est qu\u2019il leur manque cette distance avec le public, indispensable pour en go\u00fbter toute la saveur. Ne doutons pas que cette <i>Vie de Boh\u00e8me<\/i> sortira de sa chrysalide dans une salle mieux adapt\u00e9e. \u00c0 Avignon, nous en avons eu la primeur, r\u00e9jouissons-nous et profitons-en.<\/p>\n<\/p><\/div>\n<div class=\"paragraph\">\n<p><i><\/i><\/p>\n<p>\u00ab <i>La Vie de Boh\u00e8me \u00bb, tous <br \/>les jours sauf jeudi \u00e0 18h10 <br \/>\u00e0 la Nouvelle \u00c9tincelle.<\/i><\/p>\n<\/p><\/div>\n","protected":false},"excerpt":{"rendered":"Les plus grands et les plus populaires op&eacute;ras ont piqu&eacute; l&rsquo;imagination de metteurs en sc&egrave;ne que les morts de Carmen, Traviata, Li&ugrave;, Tosca et autres Mimi, ont toujours fascin&eacute;e. Tremp&eacute;es dans le &#8230;","protected":false},"author":1,"featured_media":36609,"comment_status":"open","ping_status":"open","sticky":false,"template":"","format":"standard","meta":{"footnotes":""},"categories":[32],"tags":[2927,174,6085,329,186,1239,529,188,1241,171],"news-destination":[],"news-source":[475],"is_homepage":[],"ta_other":[],"class_list":["post-36608","post","type-post","status-publish","format-standard","has-post-thumbnail","hentry","category-culture","tag-arts-vivants","tag-avignon","tag-cest-lete","tag-festival","tag-festival-davignon-off","tag-opera","tag-spectacle","tag-spectacle-vivant","tag-theatre","tag-vaucluse","news-source-website"],"_links":{"self":[{"href":"https:\/\/euapp01.newsmemory.com\/lamarseillaise\/news\/wp-json\/wp\/v2\/posts\/36608","targetHints":{"allow":["GET"]}}],"collection":[{"href":"https:\/\/euapp01.newsmemory.com\/lamarseillaise\/news\/wp-json\/wp\/v2\/posts"}],"about":[{"href":"https:\/\/euapp01.newsmemory.com\/lamarseillaise\/news\/wp-json\/wp\/v2\/types\/post"}],"author":[{"embeddable":true,"href":"https:\/\/euapp01.newsmemory.com\/lamarseillaise\/news\/wp-json\/wp\/v2\/users\/1"}],"replies":[{"embeddable":true,"href":"https:\/\/euapp01.newsmemory.com\/lamarseillaise\/news\/wp-json\/wp\/v2\/comments?post=36608"}],"version-history":[{"count":1,"href":"https:\/\/euapp01.newsmemory.com\/lamarseillaise\/news\/wp-json\/wp\/v2\/posts\/36608\/revisions"}],"predecessor-version":[{"id":36610,"href":"https:\/\/euapp01.newsmemory.com\/lamarseillaise\/news\/wp-json\/wp\/v2\/posts\/36608\/revisions\/36610"}],"wp:featuredmedia":[{"embeddable":true,"href":"https:\/\/euapp01.newsmemory.com\/lamarseillaise\/news\/wp-json\/wp\/v2\/media\/36609"}],"wp:attachment":[{"href":"https:\/\/euapp01.newsmemory.com\/lamarseillaise\/news\/wp-json\/wp\/v2\/media?parent=36608"}],"wp:term":[{"taxonomy":"category","embeddable":true,"href":"https:\/\/euapp01.newsmemory.com\/lamarseillaise\/news\/wp-json\/wp\/v2\/categories?post=36608"},{"taxonomy":"post_tag","embeddable":true,"href":"https:\/\/euapp01.newsmemory.com\/lamarseillaise\/news\/wp-json\/wp\/v2\/tags?post=36608"},{"taxonomy":"news-destination","embeddable":true,"href":"https:\/\/euapp01.newsmemory.com\/lamarseillaise\/news\/wp-json\/wp\/v2\/news-destination?post=36608"},{"taxonomy":"news-source","embeddable":true,"href":"https:\/\/euapp01.newsmemory.com\/lamarseillaise\/news\/wp-json\/wp\/v2\/news-source?post=36608"},{"taxonomy":"is_homepage","embeddable":true,"href":"https:\/\/euapp01.newsmemory.com\/lamarseillaise\/news\/wp-json\/wp\/v2\/is_homepage?post=36608"},{"taxonomy":"ta_other","embeddable":true,"href":"https:\/\/euapp01.newsmemory.com\/lamarseillaise\/news\/wp-json\/wp\/v2\/ta_other?post=36608"}],"curies":[{"name":"wp","href":"https:\/\/api.w.org\/{rel}","templated":true}]}}