{"id":36605,"date":"2026-07-17T07:50:00","date_gmt":"2026-07-17T05:50:00","guid":{"rendered":"https:\/\/euapp01.newsmemory.com\/lamarseillaise\/news\/?p=36605"},"modified":"2026-07-17T10:11:56","modified_gmt":"2026-07-17T08:11:56","slug":"cest-lete-un-festival-a-taille-humaine-a-vauvenargues","status":"publish","type":"post","link":"https:\/\/euapp01.newsmemory.com\/lamarseillaise\/news\/2026\/07\/17\/cest-lete-un-festival-a-taille-humaine-a-vauvenargues\/","title":{"rendered":"[C\u2019est l\u2019\u00e9t\u00e9] Un festival \u00e0 taille humaine \u00e0 Vauvenargues"},"content":{"rendered":"<div class=\"paragraph\">\n<p>Le violoniste syrien Bilal Alnemr, alors en exil \u00e0 Vauvenargues, cr\u00e9ait le festival de Vauvenargues en 2002 en signe de gratitude pour la commune qui l\u2019avait accueilli. Il a donc voulu une manifestation \u00e0 taille humaine pour un public qui aime se retrouver dans un village tr\u00e8s engag\u00e9 dans la culture. La programmation se veut ouverte sur des champs larges sans a priori ni pr\u00e9jug\u00e9s.<\/p>\n<p>Vendredi 17 juillet 21h, sur le parvis de la mairie de Vauvenargues, Elad Navon, clarinette Bilal Alnemr, violon et l\u2019isra\u00e9lien Itai Navon, piano joueront un programme Bart\u00f3k, Weber et Mozart. Ce sera aussi l\u2019occasion de d\u00e9couvrir la Sonate pour violon et piano en hommage \u00e0 Chostakovitch du compositeur syrien Solhi Al-Wadi.<\/p>\n<p>Toujours sur le parvis de la mairie, samedi 18, l\u2019Ensemble les \u00ab\u00a0Cordes de Shams\u00a0\u00bb fond\u00e9 par Bilal Alnemr rassemblera sous une forme qui rel\u00e8ve peut-\u00eatre de l\u2019heureuse Utopie du West-Eastern Divan Orchestra de Daniel Barenbo\u00efm, des solistes en exil, entre Syrie, Liban, Isra\u00ebl, Turquie et Palestine pour la musique de chambre de Mendelssohn. Mercredi 22\u00a0juillet au mus\u00e9e Granet, le pianiste \u00c9ric Le Sage passera de Debussy \u00e0 Schumann et Gershwin. Le concert aura lieu dans le cadre de l\u2019exposition \u00ab\u00a0Paul McCartney\u00a0\u00bb et une visite privative sera organis\u00e9e pour l\u2019occasion \u00e0 19h30. Enfin mardi 21\u00a0juillet l\u2019Orchestre des jeunes de la M\u00e9diterran\u00e9e dirig\u00e9 par Sora Elisabeth est invit\u00e9, pour un concert gratuit offert par la commune de Vauvenargues en partenariat avec le Festival international d\u2019art lyrique d\u2019Aix-en-Provence et l\u2019association du festival de Vauvenargues \u00ab\u00a0Ugarit en Provence\u00a0\u00bb. On notera que Bilal Alnemr a \u00e9t\u00e9 membre \u00e0 13\u00a0ans d\u2019une promotion de cette indispensable phalange. Le programme associera les musiques des hongrois Zolt\u00e1n Kod\u00e1ly et Ern\u00f6 Dohn\u00e1nyi aux Tableaux d\u2019une exposition de Moussorgski avec en point d\u2019orgue la composition collective de l\u2019OJM avec le quintet et Amina Edris. \u00c0 c\u00f4t\u00e9 d\u2019Aix mais pas dans son ombre, le Festival de Vauvenargues offre l\u2019occasion de d\u00e9couvertes passionnantes. Rendez-vous aux amateurs.<\/p>\n<\/p><\/div>\n","protected":false},"excerpt":{"rendered":"Le violoniste syrien Bilal Alnemr, alors en exil &agrave; Vauvenargues, cr&eacute;ait le festival de Vauvenargues en 2002 en signe de gratitude pour la commune qui l&rsquo;avait accueilli. Il a donc voulu une manifestation &agrave; taille humaine &#8230;","protected":false},"author":1,"featured_media":36606,"comment_status":"open","ping_status":"open","sticky":false,"template":"","format":"standard","meta":{"footnotes":""},"categories":[32],"tags":[10,6085,336,329,325,6107],"news-destination":[],"news-source":[475],"is_homepage":[],"ta_other":[],"class_list":["post-36605","post","type-post","status-publish","format-standard","has-post-thumbnail","hentry","category-culture","tag-bouches-du-rhone","tag-cest-lete","tag-ete","tag-festival","tag-musique","tag-vauvenargues","news-source-website"],"_links":{"self":[{"href":"https:\/\/euapp01.newsmemory.com\/lamarseillaise\/news\/wp-json\/wp\/v2\/posts\/36605","targetHints":{"allow":["GET"]}}],"collection":[{"href":"https:\/\/euapp01.newsmemory.com\/lamarseillaise\/news\/wp-json\/wp\/v2\/posts"}],"about":[{"href":"https:\/\/euapp01.newsmemory.com\/lamarseillaise\/news\/wp-json\/wp\/v2\/types\/post"}],"author":[{"embeddable":true,"href":"https:\/\/euapp01.newsmemory.com\/lamarseillaise\/news\/wp-json\/wp\/v2\/users\/1"}],"replies":[{"embeddable":true,"href":"https:\/\/euapp01.newsmemory.com\/lamarseillaise\/news\/wp-json\/wp\/v2\/comments?post=36605"}],"version-history":[{"count":1,"href":"https:\/\/euapp01.newsmemory.com\/lamarseillaise\/news\/wp-json\/wp\/v2\/posts\/36605\/revisions"}],"predecessor-version":[{"id":36607,"href":"https:\/\/euapp01.newsmemory.com\/lamarseillaise\/news\/wp-json\/wp\/v2\/posts\/36605\/revisions\/36607"}],"wp:featuredmedia":[{"embeddable":true,"href":"https:\/\/euapp01.newsmemory.com\/lamarseillaise\/news\/wp-json\/wp\/v2\/media\/36606"}],"wp:attachment":[{"href":"https:\/\/euapp01.newsmemory.com\/lamarseillaise\/news\/wp-json\/wp\/v2\/media?parent=36605"}],"wp:term":[{"taxonomy":"category","embeddable":true,"href":"https:\/\/euapp01.newsmemory.com\/lamarseillaise\/news\/wp-json\/wp\/v2\/categories?post=36605"},{"taxonomy":"post_tag","embeddable":true,"href":"https:\/\/euapp01.newsmemory.com\/lamarseillaise\/news\/wp-json\/wp\/v2\/tags?post=36605"},{"taxonomy":"news-destination","embeddable":true,"href":"https:\/\/euapp01.newsmemory.com\/lamarseillaise\/news\/wp-json\/wp\/v2\/news-destination?post=36605"},{"taxonomy":"news-source","embeddable":true,"href":"https:\/\/euapp01.newsmemory.com\/lamarseillaise\/news\/wp-json\/wp\/v2\/news-source?post=36605"},{"taxonomy":"is_homepage","embeddable":true,"href":"https:\/\/euapp01.newsmemory.com\/lamarseillaise\/news\/wp-json\/wp\/v2\/is_homepage?post=36605"},{"taxonomy":"ta_other","embeddable":true,"href":"https:\/\/euapp01.newsmemory.com\/lamarseillaise\/news\/wp-json\/wp\/v2\/ta_other?post=36605"}],"curies":[{"name":"wp","href":"https:\/\/api.w.org\/{rel}","templated":true}]}}