{"id":36596,"date":"2026-07-17T07:30:00","date_gmt":"2026-07-17T05:30:00","guid":{"rendered":"https:\/\/euapp01.newsmemory.com\/lamarseillaise\/news\/?p=36596"},"modified":"2026-07-23T07:46:06","modified_gmt":"2026-07-23T05:46:06","slug":"les-universites-vers-plus-dautonomie","status":"publish","type":"post","link":"https:\/\/euapp01.newsmemory.com\/lamarseillaise\/news\/2026\/07\/17\/les-universites-vers-plus-dautonomie\/","title":{"rendered":"Les universit\u00e9s vers plus d\u2019autonomie"},"content":{"rendered":"<div class=\"paragraph\">\n<p>Les quatre universit\u00e9s de la r\u00e9gion Provence-Alpes-C\u00f4te d\u2019Azur vont vers plus d\u2019autonomie et vers une strat\u00e9gie propre \u00e0 leur d\u00e9veloppement. C\u2019est en tout cas le sens des Contrats d\u2019objectifs de moyens et de performance (Comp) sign\u00e9s ce jeudi, au rectorat d\u2019Aix-en-Provence, entre Philippe Baptiste, Ministre de l\u2019Enseignement sup\u00e9rieur, de la recherche et de l\u2019espace et les pr\u00e9sidents des universit\u00e9s d\u2019Aix-Marseille (AMU), d\u2019Avignon, de Toulon mais aussi de l\u2019Universit\u00e9 de la C\u00f4te d\u2019Azur. C\u2019est au rectorat d\u2019Aix-en-Provence que les parties se sont retrouv\u00e9es pour signer ces contrats, vingt ans apr\u00e8s la loi dite P\u00e9cresse, actant l\u2019autonomie des universit\u00e9s. Le lieu signe \u00ab\u00a0<i>une marque de confiance<\/i><i>\u00a0<\/i>\u00bb, pour le recteur, Benoit Delaunay. La signature de ces COMP &#8211;\u00a0qui engage l\u2019<span class=\"mln_uppercase_mln\">\u00e9<\/span>tat pour une dur\u00e9e de cinq ans\u00a0&#8211; est une premi\u00e8re, en France, qui embo\u00eete le pas \u00e0<i> <\/i>\u00ab\u00a0<i>une phase de pr\u00e9figuration<\/i>\u00a0\u00bb lanc\u00e9e en 2025. Le 7\u00a0juillet dernier, le Ministre s\u2019\u00e9tait rendu en Nouvelle-Aquitaine, pour signer les six premiers contrats de cette strat\u00e9gie qui vise \u00e0 s\u2019\u00e9tendre sur tout le territoire national.<\/p>\n<\/p><\/div>\n<div class=\"intext\"> \u00ab\u00a0Caps \u00e0 long terme\u00a0\u00bb\n              <\/div>\n<div class=\"paragraph\">\n<p>\u00ab\u00a0<i>Ce qu\u2019on fait, c\u2019est s\u2019adresser \u00e0 chaque universit\u00e9. On leur demande d\u2019afficher leur strat\u00e9gie<\/i><i>\u00a0<\/i><i>: que voulez-vous faire dans les ann\u00e9es qui viennent<\/i><i>\u00a0<\/i><i>? Il n\u2019y a pas deux universit\u00e9s qui sont pareilles. On acte le fait que les universit\u00e9s sont toutes diff\u00e9rentes (&#8230;) L\u00e0 on a des diff\u00e9renciations qui sont tr\u00e8s fortes, qu\u2019on assume pleinement au travers de ces contrats<\/i>\u00a0\u00bb<i>,<\/i> d\u00e9roule Philippe Baptiste face \u00e0 la presse. Cette strat\u00e9gie prend en compte, notamment, le mod\u00e8le \u00e9conomique, la vie \u00e9tudiante, mais aussi la carte de formation. \u00ab\u00a0<i>C\u2019est pour cela que l\u2019on discute avec la R\u00e9gion, qui est autour de la table et qui vient expliquer quelles sont ses priorit\u00e9s en termes de formation<\/i>\u00a0\u00bb<i>,<\/i> pr\u00e9cise le Ministre de l\u2019enseignement sup\u00e9rieur, qui pr\u00e9cisera\u00a0:<i> <\/i>\u00ab\u00a0<i>Aujourd\u2019hui, il y a des dotations qu\u2019on donne tous les ans aux universit\u00e9s. En plus de ces dotations, pour ces Comp, il y a une sorte de bonus contractuel en plus, pas loin de 14<\/i><i>\u00a0<\/i><i>millions d\u2019euros, mis sur la table aujourd\u2019hui et qui sera rediscut\u00e9, ren\u00e9goci\u00e9 chaque ann\u00e9e (&#8230;) Au lieu de faire des pilotages annuels, ou l\u2019on r\u00e8gle les probl\u00e8mes les uns apr\u00e8s les autres, c\u2019est fixer des caps de long terme. Les universit\u00e9s d\u00e9cident ensuite des mani\u00e8res dont elle va utiliser ces ressources additionnelles<\/i><i>\u00a0<\/i><i>\u00bb.<\/i> Le ministre insiste\u00a0: <i>\u00ab<\/i><i>\u00a0<\/i><i>si on regarde sur les dix derni\u00e8res ann\u00e9es il y a eu un effort budg\u00e9taire annuel de l\u2019\u00e9tat qui a cru de mani\u00e8re extr\u00eamement significative.<\/i>\u00a0\u00bb<i> <\/i>Du c\u00f4t\u00e9 de la R\u00e9gion, repr\u00e9sent\u00e9e par Georges Leonetti, conseiller r\u00e9gional sp\u00e9cial d\u00e9l\u00e9gu\u00e9 \u00e0 la sant\u00e9, de la lutte contre la pand\u00e9mie, de l\u2019enseignement sup\u00e9rieur et de la recherche, on salue \u00ab\u00a0<i>une petite r\u00e9volution dans le monde universitaire<\/i><i>\u00a0<\/i>\u00bb. <span class=\"mln_uppercase_mln\">\u00e0<\/span> noter que les Crous d\u2019Aix-Marseille et de Nice-Toulon, l\u2019ARS, mais aussi des organismes nationaux de recherche s\u2019investissent dans ce partenariat.<i> <\/i>\u00ab\u00a0<i>Nous croyons en la d\u00e9centralisation. Elle sera r\u00e9ussie pour l\u2019enseignement sup\u00e9rieur<\/i><i>\u00a0<\/i>\u00bb<i>, <\/i>ajoute Georges Leonetti. Quand Eric Berton, rappelle qu\u2019AMU, dont il tient la pr\u00e9sidence,<i> <\/i>\u00ab\u00a0<i>a toujours \u00e9t\u00e9 une universit\u00e9 exp\u00e9rimentatrice. Je n\u2019ai pas h\u00e9sit\u00e9 \u00e0 aller sur les Comp, parce que je savais avec l\u2019\u00e9quipe politique et l\u2019\u00e9quipe administrative que nous allons r\u00e9ussir \u00e0 atteindre les objectifs.<\/i>\u00a0\u00bb Selon le minist\u00e8re de l\u2019Enseignement sup\u00e9rieur, d\u2019ici la fin de l\u2019ann\u00e9e 2026, \u00ab\u00a0<i>l\u2019\u00c9cole Centrale M\u00e9diterran\u00e9e et Sciences Po Aix signeront \u00e0 leur tour leur Comp, tandis que s\u2019ouvre pour le rectorat la phase de suivi des contrats des quatre universit\u00e9s.<\/i><i>\u00a0<\/i>\u00bb<i><\/i><\/p>\n<\/p><\/div>\n","protected":false},"excerpt":{"rendered":"Les quatre universit&eacute;s de la r&eacute;gion Provence-Alpes-C&ocirc;te d&rsquo;Azur vont vers plus d&rsquo;autonomie et vers une strat&eacute;gie propre &agrave; leur d&eacute;veloppement. C&rsquo;est en tout cas le sens des Contrats &#8230;","protected":false},"author":1,"featured_media":36597,"comment_status":"open","ping_status":"open","sticky":false,"template":"","format":"standard","meta":{"footnotes":""},"categories":[3926,3925,330,20],"tags":[556,1617,174,10,4612,4394,497,191,222,597,1615,3221,2520],"news-destination":[3944],"news-source":[475],"is_homepage":[],"ta_other":[],"class_list":["post-36596","post","type-post","status-publish","format-standard","has-post-thumbnail","hentry","category-accueil-merge","category-accueil-third","category-politique","category-societe","tag-aix-en-provence","tag-amu","tag-avignon","tag-bouches-du-rhone","tag-enseignement-superieur","tag-eric-berton","tag-ministre","tag-politique","tag-region-sud-paca","tag-toulon","tag-universite","tag-universite-aix-marseille","tag-universites","news-destination-homepage","news-source-website"],"_links":{"self":[{"href":"https:\/\/euapp01.newsmemory.com\/lamarseillaise\/news\/wp-json\/wp\/v2\/posts\/36596","targetHints":{"allow":["GET"]}}],"collection":[{"href":"https:\/\/euapp01.newsmemory.com\/lamarseillaise\/news\/wp-json\/wp\/v2\/posts"}],"about":[{"href":"https:\/\/euapp01.newsmemory.com\/lamarseillaise\/news\/wp-json\/wp\/v2\/types\/post"}],"author":[{"embeddable":true,"href":"https:\/\/euapp01.newsmemory.com\/lamarseillaise\/news\/wp-json\/wp\/v2\/users\/1"}],"replies":[{"embeddable":true,"href":"https:\/\/euapp01.newsmemory.com\/lamarseillaise\/news\/wp-json\/wp\/v2\/comments?post=36596"}],"version-history":[{"count":1,"href":"https:\/\/euapp01.newsmemory.com\/lamarseillaise\/news\/wp-json\/wp\/v2\/posts\/36596\/revisions"}],"predecessor-version":[{"id":36598,"href":"https:\/\/euapp01.newsmemory.com\/lamarseillaise\/news\/wp-json\/wp\/v2\/posts\/36596\/revisions\/36598"}],"wp:featuredmedia":[{"embeddable":true,"href":"https:\/\/euapp01.newsmemory.com\/lamarseillaise\/news\/wp-json\/wp\/v2\/media\/36597"}],"wp:attachment":[{"href":"https:\/\/euapp01.newsmemory.com\/lamarseillaise\/news\/wp-json\/wp\/v2\/media?parent=36596"}],"wp:term":[{"taxonomy":"category","embeddable":true,"href":"https:\/\/euapp01.newsmemory.com\/lamarseillaise\/news\/wp-json\/wp\/v2\/categories?post=36596"},{"taxonomy":"post_tag","embeddable":true,"href":"https:\/\/euapp01.newsmemory.com\/lamarseillaise\/news\/wp-json\/wp\/v2\/tags?post=36596"},{"taxonomy":"news-destination","embeddable":true,"href":"https:\/\/euapp01.newsmemory.com\/lamarseillaise\/news\/wp-json\/wp\/v2\/news-destination?post=36596"},{"taxonomy":"news-source","embeddable":true,"href":"https:\/\/euapp01.newsmemory.com\/lamarseillaise\/news\/wp-json\/wp\/v2\/news-source?post=36596"},{"taxonomy":"is_homepage","embeddable":true,"href":"https:\/\/euapp01.newsmemory.com\/lamarseillaise\/news\/wp-json\/wp\/v2\/is_homepage?post=36596"},{"taxonomy":"ta_other","embeddable":true,"href":"https:\/\/euapp01.newsmemory.com\/lamarseillaise\/news\/wp-json\/wp\/v2\/ta_other?post=36596"}],"curies":[{"name":"wp","href":"https:\/\/api.w.org\/{rel}","templated":true}]}}