{"id":36593,"date":"2026-07-17T07:33:00","date_gmt":"2026-07-17T05:33:00","guid":{"rendered":"https:\/\/euapp01.newsmemory.com\/lamarseillaise\/news\/?p=36593"},"modified":"2026-07-23T07:59:08","modified_gmt":"2026-07-23T05:59:08","slug":"les-soignants-de-lhopital-de-martigues-refusent-de-perdre-leurs-conquis","status":"publish","type":"post","link":"https:\/\/euapp01.newsmemory.com\/lamarseillaise\/news\/2026\/07\/17\/les-soignants-de-lhopital-de-martigues-refusent-de-perdre-leurs-conquis\/","title":{"rendered":"Les soignants de l\u2019h\u00f4pital de Martigues refusent de perdre leurs conquis"},"content":{"rendered":"<div class=\"paragraph\">\n<p>Les soignants de l\u2019h\u00f4pital de Martigues d\u00e9noncent une volont\u00e9 de faire des \u00e9conomies sur le dos des agents. Ce jeudi, alors que les partenaires sociaux devaient rencontrer la direction,<b> <\/b>des dizaines de personnels en gr\u00e8ve ont envahi la salle des Pin\u00e8des \u00e0 l\u2019initiative d\u2019une intersyndicale CGT et CFDT. \u00c0 l\u2019origine de la fronde\u00a0: la crainte d\u2019une mise en \u0153uvre des recommandations de l\u2019Agence nationale d\u2019appui \u00e0 la performance suite au rapport de la Chambre r\u00e9gionale des comptes publi\u00e9 en octobre<b> <\/b>2025, qui soulignait les probl\u00e9matiques financi\u00e8res de l\u2019\u00e9tablissement.<\/p>\n<p>Son directeur Lo\u00efc Mondoloni conc\u00e8de\u00a0: \u00ab\u00a0<i>La bonne nouvelle, c\u2019est que la situation s\u2019est bien am\u00e9lior\u00e9e<\/i><i>\u00a0<\/i><i>: le niveau de d\u00e9ficit a \u00e9t\u00e9 r\u00e9duit de 40%. Mais il y a des choses non conformes \u00e0 la loi et \u00e7a, il faut le r\u00e9gler quels que soient les impacts budg\u00e9taires. Fin 2025, j\u2019ai re\u00e7u une injonction d\u2019un procureur financier de revenir \u00e0 la r\u00e8gle. J\u2019engage ma responsabilit\u00e9 en tant que gestionnaire public.<\/i>\u00a0\u00bb<\/p>\n<p>Le principal sujet \u00e0 traiter est celui de la pause m\u00e9ridienne. \u00ab\u00a0<i>On veut nous enlever 40<\/i><i>\u00a0<\/i><i>minutes de temps de travail alors qu\u2019on mange en bossant<\/i>\u00a0\u00bb, s\u2019agace Laure Privat, secr\u00e9taire g\u00e9n\u00e9rale du syndicat CGT. Avec une cons\u00e9quence directe, \u00e9voqu\u00e9e comme une hypoth\u00e8se pour le moment : la suppression de RTT. \u00ab\u00a0<i>Pour un temps plein, \u00e7a \u00e9quivaudrait \u00e0 peu pr\u00e8s \u00e0 9 jours de repos en moins sur l\u2019ann\u00e9e<\/i><i>\u00a0<\/i>\u00bb, d\u00e9taille Manon, infirmi\u00e8re au bloc op\u00e9ratoire.<\/p>\n<\/p><\/div>\n<div class=\"intext\"> \u00ab\u00a0On veut de l\u2019\u00e9quit\u00e9.\u00a0\u00bb\n              <\/div>\n<div class=\"paragraph\">\n<p>Le d\u00e9cret du 4 janvier 2002 stipule qu\u2019une pause \u00ab\u00a0d\u2019une dur\u00e9e de 20 minutes est accord\u00e9e lorsque le temps de travail quotidien est sup\u00e9rieur \u00e0 6\u00a0heures cons\u00e9cutives\u00a0\u00bb sauf si les agents restent \u00e0 la disposition de leur employeur, auquel cas cette pause est consid\u00e9r\u00e9e comme du temps de travail effectif. \u00ab\u00a0<i>On est toujours \u00e0 disposition<\/i><i>\u00a0<\/i><i>\u00bb<\/i>, s\u2019agacent les personnels. La direction entend \u00ab\u00a0<i>poser des principes<\/i><i>\u00a0<\/i>\u00bb puis \u00ab\u00a0<i>discuter des exceptions avec les \u00e9quipes<\/i>\u00a0\u00bb d\u00e8s le mois de septembre. \u00ab<i>\u00a0<\/i><i>Il y a des services o\u00f9 il n\u2019est pas question de d\u00e9compter ces 40 minutes parce qu\u2019il faut une continuit\u00e9.<\/i><i>\u00a0<\/i>\u00bb Pour les personnels, hors de question de diff\u00e9rencier les conditions de travail en fonction du poste. \u00ab\u00a0<i>On veut de l\u2019\u00e9quit\u00e9<\/i>.\u00a0\u00bb<\/p>\n<p>Nathan Cabiac, secr\u00e9taire g\u00e9n\u00e9ral CGT, affirme qu\u2019il n\u2019est pas envisageable de toucher aux RTT des soignants. \u00ab\u00a0<i>Aujourd\u2019hui on a du temps de travail qui n\u2019est pas pris en compte<\/i><i>\u00a0<\/i><i>: quand on arrive avant pour la rel\u00e8ve, le quart d\u2019heure qu\u2019on note jamais mais qu\u2019on donne par conscience professionnelle, le temps d\u2019habillage, de d\u00e9shabillage&#8230; Ce temps, il faut le prendre en compte et il compense largement le temps de pause m\u00e9ridienne.<\/i>\u00a0\u00bb La direction s\u2019est engag\u00e9e \u00e0 ne pas toucher aux jours de repos mais pr\u00e9vient\u00a0: \u00ab\u00a0<i>La question de la pause devra \u00eatre pos\u00e9e<\/i>.\u00a0\u00bb<\/p>\n<p>Celle du forfait des astreintes sera aussi \u00e0 l\u2019ordre du jour. La rentr\u00e9e promet d\u2019\u00eatre mouvement\u00e9e. Les soignants du bloc op\u00e9ratoire ont entam\u00e9 une gr\u00e8ve reconductible pour amplifier la mobilisation.<\/p>\n<\/p><\/div>\n","protected":false},"excerpt":{"rendered":"Les soignants de l&rsquo;h&ocirc;pital de Martigues d&eacute;noncent une volont&eacute; de faire des &eacute;conomies sur le dos des agents. Ce jeudi, alors que les partenaires sociaux devaient rencontrer la direction, des dizaines de personnels en &#8230;","protected":false},"author":1,"featured_media":36594,"comment_status":"open","ping_status":"open","sticky":false,"template":"","format":"standard","meta":{"footnotes":""},"categories":[3926,3925,331],"tags":[10,237,113,591,195,1501,361,784,63,134,6043,1530],"news-destination":[3944],"news-source":[475],"is_homepage":[],"ta_other":[],"class_list":["post-36593","post","type-post","status-publish","format-standard","has-post-thumbnail","hentry","category-accueil-merge","category-accueil-third","category-social","tag-bouches-du-rhone","tag-cfdt","tag-cgt","tag-chambre-regionale-des-comptes","tag-conditions-de-travail","tag-hopital","tag-hopital-public","tag-intersyndicale","tag-martigues","tag-mobilisation","tag-rtt","tag-soignants","news-destination-homepage","news-source-website"],"_links":{"self":[{"href":"https:\/\/euapp01.newsmemory.com\/lamarseillaise\/news\/wp-json\/wp\/v2\/posts\/36593","targetHints":{"allow":["GET"]}}],"collection":[{"href":"https:\/\/euapp01.newsmemory.com\/lamarseillaise\/news\/wp-json\/wp\/v2\/posts"}],"about":[{"href":"https:\/\/euapp01.newsmemory.com\/lamarseillaise\/news\/wp-json\/wp\/v2\/types\/post"}],"author":[{"embeddable":true,"href":"https:\/\/euapp01.newsmemory.com\/lamarseillaise\/news\/wp-json\/wp\/v2\/users\/1"}],"replies":[{"embeddable":true,"href":"https:\/\/euapp01.newsmemory.com\/lamarseillaise\/news\/wp-json\/wp\/v2\/comments?post=36593"}],"version-history":[{"count":1,"href":"https:\/\/euapp01.newsmemory.com\/lamarseillaise\/news\/wp-json\/wp\/v2\/posts\/36593\/revisions"}],"predecessor-version":[{"id":36595,"href":"https:\/\/euapp01.newsmemory.com\/lamarseillaise\/news\/wp-json\/wp\/v2\/posts\/36593\/revisions\/36595"}],"wp:featuredmedia":[{"embeddable":true,"href":"https:\/\/euapp01.newsmemory.com\/lamarseillaise\/news\/wp-json\/wp\/v2\/media\/36594"}],"wp:attachment":[{"href":"https:\/\/euapp01.newsmemory.com\/lamarseillaise\/news\/wp-json\/wp\/v2\/media?parent=36593"}],"wp:term":[{"taxonomy":"category","embeddable":true,"href":"https:\/\/euapp01.newsmemory.com\/lamarseillaise\/news\/wp-json\/wp\/v2\/categories?post=36593"},{"taxonomy":"post_tag","embeddable":true,"href":"https:\/\/euapp01.newsmemory.com\/lamarseillaise\/news\/wp-json\/wp\/v2\/tags?post=36593"},{"taxonomy":"news-destination","embeddable":true,"href":"https:\/\/euapp01.newsmemory.com\/lamarseillaise\/news\/wp-json\/wp\/v2\/news-destination?post=36593"},{"taxonomy":"news-source","embeddable":true,"href":"https:\/\/euapp01.newsmemory.com\/lamarseillaise\/news\/wp-json\/wp\/v2\/news-source?post=36593"},{"taxonomy":"is_homepage","embeddable":true,"href":"https:\/\/euapp01.newsmemory.com\/lamarseillaise\/news\/wp-json\/wp\/v2\/is_homepage?post=36593"},{"taxonomy":"ta_other","embeddable":true,"href":"https:\/\/euapp01.newsmemory.com\/lamarseillaise\/news\/wp-json\/wp\/v2\/ta_other?post=36593"}],"curies":[{"name":"wp","href":"https:\/\/api.w.org\/{rel}","templated":true}]}}