{"id":36590,"date":"2026-07-17T07:36:00","date_gmt":"2026-07-17T05:36:00","guid":{"rendered":"https:\/\/euapp01.newsmemory.com\/lamarseillaise\/news\/?p=36590"},"modified":"2026-07-23T07:59:08","modified_gmt":"2026-07-23T05:59:08","slug":"david-gibaud-prend-la-tete-de-lopposition-a-istres","status":"publish","type":"post","link":"https:\/\/euapp01.newsmemory.com\/lamarseillaise\/news\/2026\/07\/17\/david-gibaud-prend-la-tete-de-lopposition-a-istres\/","title":{"rendered":"David Gibaud prend la t\u00eate de l\u2019opposition \u00e0 Istres"},"content":{"rendered":"<div class=\"paragraph\">\n<p>Il y a du changement dans l\u2019opposition istr\u00e9enne. Lors du dernier conseil municipal avant la pause estivale, le groupe \u00ab\u00a0Nous sommes Istres\u00a0\u00bb, a chang\u00e9 de pr\u00e9sidence. Suzelle Ayot laisse sa place \u00e0 David Gibaud, primo-\u00e9lu. Emmanuelle Taupin-Mayor, quitte quant \u00e0 elle le collectif pour si\u00e9ger en ind\u00e9pendante, comme son compagnon Olivier Mayor lors du pr\u00e9c\u00e9dent mandat.<\/p>\n<p>Changement aussi, du c\u00f4t\u00e9 de la collectivit\u00e9. Le maire Robin Pr\u00e9tot a annonc\u00e9, dans le cadre de la proc\u00e9dure en vigueur relative aux emplois fonctionnels qu\u2019\u00ab\u00a0<i>en vue de r\u00e9former, adapter notre administration et r\u00e9duire le nombre de directions et de directions g\u00e9n\u00e9rales, j\u2019envisage la d\u00e9charge de quatre directeurs et directrices g\u00e9n\u00e9raux adjoints<\/i>\u00a0\u00bb.<\/p>\n<p>\u00ab\u00a0<i>C\u2019est un choix tr\u00e8s pragmatique, il y avait cinq ou six DGA dans une commune comme Istres, c\u2019est disproportionn\u00e9, <\/i>estime-t-il.<i> Donc l\u2019envie est de r\u00e9duire, rationaliser, cette organisation. L\u2019emploi de fonctionnel n\u2019est pas le statut de fonctionnaire, apr\u00e8s ce sont des choix de carri\u00e8re individuels, soit on arrive \u00e0 les replacer en interne dans un poste qui correspond \u00e0 leur statut, soit certains veulent partir pour rejoindre d\u2019autres collectivit\u00e9s.<\/i><i>\u00a0<\/i>\u00bb<\/p>\n<p>Les r\u00e9sultats de l\u2019audit des ressources humaines et des finances, qui seront d\u00e9voil\u00e9s publiquement \u00e0 la rentr\u00e9e \u00ab\u00a0<i>vont nous permettre de continuer \u00e0 travailler cette r\u00e9organisation avec un nouvel organigramme, plus simple, plus efficace, pr\u00e9par\u00e9 en lien avec les partenaires sociaux<\/i><i>\u00a0<\/i>\u00bb, affirme l\u2019\u00e9dile.<\/p>\n<\/p><\/div>\n<div class=\"intext\"> Police municipale\n              <\/div>\n<div class=\"paragraph\">\n<p>Se saisissant du drame qui a co\u00fbt\u00e9 la vie \u00e0 Milyan Paloma, 21\u00a0ans, le mois dernier, l\u2019extr\u00eame droite a invit\u00e9 le maire \u00e0 proc\u00e9der \u00e0 des recrutements au sein de la police municipale. David Gibaud note\u00a0: \u00ab\u00a0<i>La ville d\u2019Istres est l\u2019une des mieux dot\u00e9es des Bouches-du-Rh\u00f4ne \u00e0 ce jour, il y a peut-\u00eatre de la r\u00e9organisation \u00e0 faire, mais ce n\u2019est pas un probl\u00e8me de bleu sur la voie publique. La police est pr\u00e9sente, on la voit r\u00e9guli\u00e8rement<\/i>.\u00a0\u00bb Et Robin Pr\u00e9tot d\u2019approuver\u00a0: \u00ab\u00a0<i>On a quand m\u00eame 90 personnes qui travaillent dans la direction de la police municipale H24 7\/7j<\/i>.\u00a0\u00bb Ce sont d\u2019ailleurs ses agents qui ont proc\u00e9d\u00e9 \u00e0 l\u2019arrestation de deux suspects dans cette affaire.<\/p>\n<\/p><\/div>\n","protected":false},"excerpt":{"rendered":"Il y a du changement dans l&rsquo;opposition istr&eacute;enne. Lors du dernier conseil municipal avant la pause estivale, le groupe &laquo;&nbsp;Nous sommes Istres&nbsp;&raquo;, a chang&eacute; de pr&eacute;sidence. Suzelle Ayot laisse sa place &#8230;","protected":false},"author":1,"featured_media":36591,"comment_status":"open","ping_status":"open","sticky":false,"template":"","format":"standard","meta":{"footnotes":""},"categories":[3926,3925,330],"tags":[3078,10,148,534,211,734,1040,592,5793],"news-destination":[3944],"news-source":[475],"is_homepage":[],"ta_other":[],"class_list":["post-36590","post","type-post","status-publish","format-standard","has-post-thumbnail","hentry","category-accueil-merge","category-accueil-third","category-politique","tag-administration","tag-bouches-du-rhone","tag-conseil-municipal","tag-istres","tag-organisation","tag-police-municipale","tag-recrutements","tag-ressources-humaines","tag-robin-pretot","news-destination-homepage","news-source-website"],"_links":{"self":[{"href":"https:\/\/euapp01.newsmemory.com\/lamarseillaise\/news\/wp-json\/wp\/v2\/posts\/36590","targetHints":{"allow":["GET"]}}],"collection":[{"href":"https:\/\/euapp01.newsmemory.com\/lamarseillaise\/news\/wp-json\/wp\/v2\/posts"}],"about":[{"href":"https:\/\/euapp01.newsmemory.com\/lamarseillaise\/news\/wp-json\/wp\/v2\/types\/post"}],"author":[{"embeddable":true,"href":"https:\/\/euapp01.newsmemory.com\/lamarseillaise\/news\/wp-json\/wp\/v2\/users\/1"}],"replies":[{"embeddable":true,"href":"https:\/\/euapp01.newsmemory.com\/lamarseillaise\/news\/wp-json\/wp\/v2\/comments?post=36590"}],"version-history":[{"count":1,"href":"https:\/\/euapp01.newsmemory.com\/lamarseillaise\/news\/wp-json\/wp\/v2\/posts\/36590\/revisions"}],"predecessor-version":[{"id":36592,"href":"https:\/\/euapp01.newsmemory.com\/lamarseillaise\/news\/wp-json\/wp\/v2\/posts\/36590\/revisions\/36592"}],"wp:featuredmedia":[{"embeddable":true,"href":"https:\/\/euapp01.newsmemory.com\/lamarseillaise\/news\/wp-json\/wp\/v2\/media\/36591"}],"wp:attachment":[{"href":"https:\/\/euapp01.newsmemory.com\/lamarseillaise\/news\/wp-json\/wp\/v2\/media?parent=36590"}],"wp:term":[{"taxonomy":"category","embeddable":true,"href":"https:\/\/euapp01.newsmemory.com\/lamarseillaise\/news\/wp-json\/wp\/v2\/categories?post=36590"},{"taxonomy":"post_tag","embeddable":true,"href":"https:\/\/euapp01.newsmemory.com\/lamarseillaise\/news\/wp-json\/wp\/v2\/tags?post=36590"},{"taxonomy":"news-destination","embeddable":true,"href":"https:\/\/euapp01.newsmemory.com\/lamarseillaise\/news\/wp-json\/wp\/v2\/news-destination?post=36590"},{"taxonomy":"news-source","embeddable":true,"href":"https:\/\/euapp01.newsmemory.com\/lamarseillaise\/news\/wp-json\/wp\/v2\/news-source?post=36590"},{"taxonomy":"is_homepage","embeddable":true,"href":"https:\/\/euapp01.newsmemory.com\/lamarseillaise\/news\/wp-json\/wp\/v2\/is_homepage?post=36590"},{"taxonomy":"ta_other","embeddable":true,"href":"https:\/\/euapp01.newsmemory.com\/lamarseillaise\/news\/wp-json\/wp\/v2\/ta_other?post=36590"}],"curies":[{"name":"wp","href":"https:\/\/api.w.org\/{rel}","templated":true}]}}