{"id":36587,"date":"2026-07-17T07:39:00","date_gmt":"2026-07-17T05:39:00","guid":{"rendered":"https:\/\/euapp01.newsmemory.com\/lamarseillaise\/news\/?p=36587"},"modified":"2026-07-23T07:59:08","modified_gmt":"2026-07-23T05:59:08","slug":"fernand-brun-nouveau-conseiller-departemental-du-canton-du-luc-le-montant-du-remboursement-de-la-dette-du-grand-prix-du-castellet-conteste","status":"publish","type":"post","link":"https:\/\/euapp01.newsmemory.com\/lamarseillaise\/news\/2026\/07\/17\/fernand-brun-nouveau-conseiller-departemental-du-canton-du-luc-le-montant-du-remboursement-de-la-dette-du-grand-prix-du-castellet-conteste\/","title":{"rendered":"Fernand Brun nouveau conseiller d\u00e9partemental du canton du Luc, le montant du remboursement de la dette du Grand Prix du Castellet contest\u00e9"},"content":{"rendered":"<div class=\"paragraph\">\n<p><i>\u00ab Ce n\u2019\u00e9tait pas du tout pr\u00e9vu, surtout dans ma t\u00eate, parce que quand on est rempla\u00e7ant de quelqu\u2019un d\u2019aussi dynamique que Dominique [Lain], on ne pense m\u00eame pas qu\u2019il peut mourir, ce n\u2019est pas possible.<\/i> \u00bb Fernand Brun, maire (DVD) de Pignans depuis 2020, aurait certainement pr\u00e9f\u00e9r\u00e9 ne jamais devenir conseiller d\u00e9partemental du canton du Luc, avouant m\u00eame qu\u2019il \u00ab <i>ne se (serait) jamais pr\u00e9sent\u00e9 de (lui)-m\u00eame<\/i> \u00bb. Mais <a rel=\"noopener noreferrer\" href=\"https:\/\/www.lamarseillaise.fr\/politique\/le-maire-dominique-lain-s-est-eteint-a-l-age-de-61-ans-GG20372620\" target=\"_blank\">la disparition de son \u00ab <i>ami <\/i><\/a><a rel=\"noopener noreferrer\" href=\"https:\/\/www.lamarseillaise.fr\/politique\/le-maire-dominique-lain-s-est-eteint-a-l-age-de-61-ans-GG20372620\" target=\"_blank\">\u00bb Dominique Lain, maire du Luc, le 14 juin dernier<\/a>, a pouss\u00e9 celui qui \u00e9tait son suppl\u00e9ant depuis 2015 \u00e0 embrasser la fonction.<\/p>\n<p>\u00c0 73 ans, cet ancien infirmier et cadre de sant\u00e9, pass\u00e9 par le PS dans sa jeunesse, qui a occup\u00e9 les fonctions de pr\u00e9sident de l\u2019association nationale de formation des personnels hospitaliers et de secr\u00e9taire f\u00e9d\u00e9ral FO Sant\u00e9 (de 2007 \u00e0 2014), esp\u00e8re \u00ab <i>apporter (sa) tr\u00e8s modeste contribution. J\u2019ai occup\u00e9 des fonctions qui m\u2019ont permis de cottoyer beaucoup de politiques. J\u2019ai fait beaucoup de choses dans ma vie, cela m\u2019a servi d\u2019exp\u00e9riences.<\/i> \u00bb Il travaillera en bin\u00f4me avec la maire de Collobri\u00e8res Christine Amrane, tandis que la place de vice-pr\u00e9isdent laiss\u00e9e vacante par Dominique Lain sera occup\u00e9e par Robert Beneventi, conseiller du canton d\u2019Ollioules.<\/p>\n<\/p><\/div>\n<div class=\"intext\"> D\u00e9saccord sur la dette du Grand Prix\n              <\/div>\n<div class=\"paragraph\">\n<p>L\u2019autre dossier du jour consistait \u00e0 prendre acte du <a rel=\"nofollow noopener noreferrer\" href=\"https:\/\/\/lamarseillaise\/news\/wp-content\/uploads\/sites\/2\/2026\/07\/PAR2026-0461.44928f4eb4f76a9335e3f75c9d754ef4.pdf\" target=\"_blank\">rapport d\u2019enqu\u00eate de la Chambre r\u00e9gionale des comptes au sujet du Groupement d\u2019int\u00e9r\u00eat public (GIP) Grand Prix du Castellet<\/a>. Rendu le 23 juin, il fait \u00e9tat de 35,7 millions d\u2019euros de dette et de budget liquidatif, ainsi que de multiples dysfonctionnements : mod\u00e8le financier structurellement d\u00e9ficitaire, recettes insuffisantes, contournement du conseil d\u2019administration (notamment par la signature d\u2019un protocole d\u2019accord \u00e0 550 000 dollars entre le GIP et Formula One Management, branche commercial de la F1, pour l\u2019\u00e9tude de faisabilit\u00e9 d\u2019un grand prix \u00e0 Nice, sans que la mat\u00e9rialit\u00e9 des op\u00e9rations effectu\u00e9es ne soit \u00e9tablie), march\u00e9s pass\u00e9s sans publicit\u00e9 ni concurrence&#8230;<\/p>\n<p>En outre, le D\u00e9partement s\u2019appr\u00eate \u00e0 r\u00e9aliser un versement d\u20191.6 millions d\u2019euros sur les 5 qui lui sont demand\u00e9s par le liquidateur, au titre du remboursement de la dette entreprises. Mais elle bloque les 3,4 restants, en attendant de voir s\u2019il y a eu des malversations. Auquel cas, la saisine du procureur par le D\u00e9partement afin d\u2019alerter d\u2019un risque pourrait se transformer en plainte.<\/p>\n<\/p><\/div>\n","protected":false},"excerpt":{"rendered":"&laquo; Ce n&rsquo;&eacute;tait pas du tout pr&eacute;vu, surtout dans ma t&ecirc;te, parce que quand on est rempla&ccedil;ant de quelqu&rsquo;un d&rsquo;aussi dynamique que Dominique [Lain], on ne pense m&ecirc;me pas qu&rsquo;il peut mourir, ce &#8230;","protected":false},"author":1,"featured_media":36588,"comment_status":"open","ping_status":"open","sticky":false,"template":"","format":"standard","meta":{"footnotes":""},"categories":[3926,3925,330],"tags":[430,591,193,891,2742,395,1176,1170,752,2153,587,31],"news-destination":[3944],"news-source":[475],"is_homepage":[],"ta_other":[],"class_list":["post-36587","post","type-post","status-publish","format-standard","has-post-thumbnail","hentry","category-accueil-merge","category-accueil-third","category-politique","tag-budget","tag-chambre-regionale-des-comptes","tag-conseil-departemental","tag-dette","tag-disparition","tag-draguignan","tag-grand-prix","tag-le-castellet","tag-maire","tag-pleniere","tag-remboursement","tag-var","news-destination-homepage","news-source-website"],"_links":{"self":[{"href":"https:\/\/euapp01.newsmemory.com\/lamarseillaise\/news\/wp-json\/wp\/v2\/posts\/36587","targetHints":{"allow":["GET"]}}],"collection":[{"href":"https:\/\/euapp01.newsmemory.com\/lamarseillaise\/news\/wp-json\/wp\/v2\/posts"}],"about":[{"href":"https:\/\/euapp01.newsmemory.com\/lamarseillaise\/news\/wp-json\/wp\/v2\/types\/post"}],"author":[{"embeddable":true,"href":"https:\/\/euapp01.newsmemory.com\/lamarseillaise\/news\/wp-json\/wp\/v2\/users\/1"}],"replies":[{"embeddable":true,"href":"https:\/\/euapp01.newsmemory.com\/lamarseillaise\/news\/wp-json\/wp\/v2\/comments?post=36587"}],"version-history":[{"count":1,"href":"https:\/\/euapp01.newsmemory.com\/lamarseillaise\/news\/wp-json\/wp\/v2\/posts\/36587\/revisions"}],"predecessor-version":[{"id":36589,"href":"https:\/\/euapp01.newsmemory.com\/lamarseillaise\/news\/wp-json\/wp\/v2\/posts\/36587\/revisions\/36589"}],"wp:featuredmedia":[{"embeddable":true,"href":"https:\/\/euapp01.newsmemory.com\/lamarseillaise\/news\/wp-json\/wp\/v2\/media\/36588"}],"wp:attachment":[{"href":"https:\/\/euapp01.newsmemory.com\/lamarseillaise\/news\/wp-json\/wp\/v2\/media?parent=36587"}],"wp:term":[{"taxonomy":"category","embeddable":true,"href":"https:\/\/euapp01.newsmemory.com\/lamarseillaise\/news\/wp-json\/wp\/v2\/categories?post=36587"},{"taxonomy":"post_tag","embeddable":true,"href":"https:\/\/euapp01.newsmemory.com\/lamarseillaise\/news\/wp-json\/wp\/v2\/tags?post=36587"},{"taxonomy":"news-destination","embeddable":true,"href":"https:\/\/euapp01.newsmemory.com\/lamarseillaise\/news\/wp-json\/wp\/v2\/news-destination?post=36587"},{"taxonomy":"news-source","embeddable":true,"href":"https:\/\/euapp01.newsmemory.com\/lamarseillaise\/news\/wp-json\/wp\/v2\/news-source?post=36587"},{"taxonomy":"is_homepage","embeddable":true,"href":"https:\/\/euapp01.newsmemory.com\/lamarseillaise\/news\/wp-json\/wp\/v2\/is_homepage?post=36587"},{"taxonomy":"ta_other","embeddable":true,"href":"https:\/\/euapp01.newsmemory.com\/lamarseillaise\/news\/wp-json\/wp\/v2\/ta_other?post=36587"}],"curies":[{"name":"wp","href":"https:\/\/api.w.org\/{rel}","templated":true}]}}