{"id":36584,"date":"2026-07-17T07:09:00","date_gmt":"2026-07-17T05:09:00","guid":{"rendered":"https:\/\/euapp01.newsmemory.com\/lamarseillaise\/news\/?p=36584"},"modified":"2026-07-23T07:19:59","modified_gmt":"2026-07-23T05:19:59","slug":"des-billets-de-trains-en-vente-entre-les-timbres-et-les-colis","status":"publish","type":"post","link":"https:\/\/euapp01.newsmemory.com\/lamarseillaise\/news\/2026\/07\/17\/des-billets-de-trains-en-vente-entre-les-timbres-et-les-colis\/","title":{"rendered":"Des billets de trains en vente entre les timbres et les colis"},"content":{"rendered":"<div class=\"paragraph\">\n<p>Ils sont de plus en plus nombreux, les guichets ferm\u00e9s dans les petites gares. Et l\u2019absence de personnel pour aider les usagers \u00e0 prendre leur billet rend l\u2019acc\u00e8s aux trains plus compliqu\u00e9 pour certains. Face \u00e0 ce constat la poste, la R\u00e9gion Sud et la SNCF ont nou\u00e9 un partenariat pour faire des points de ventes Zou\u00a0!, nom du r\u00e9seau de transport de la r\u00e9gion Sud, au sein de certains bureaux de poste de la R\u00e9gion. Une collaboration officiellement lanc\u00e9e ce jeudi, \u00e0 Salon de Provence.<\/p>\n<p>\u00ab\u00a0<i><span class=\"mln_uppercase_mln\">\u00e0<\/span><\/i><i> Salon-de-Provence, on a plus de guichet<\/i>, explique Nicolas Isnard, maire (LR) de Salon-de-Provence. <i>Et beaucoup de nos habitants sont \u00e2g\u00e9s et n\u2019arrivent pas \u00e0 prendre leur billet <\/i>[sur internet].<i> C\u2019est donc un soulagement d\u2019avoir ce service, car nos usagers en avaient besoin.<\/i><i>\u00a0<\/i>\u00bb<\/p>\n<p>En ouvrant des guichets alternatifs dans ces bureaux de poste, la SNCF esp\u00e8re rendre plus accessible l\u2019achat de billets \u00ab<i>\u00a0<\/i><i>pour ceux qui ne veulent pas ou ne peuvent pas prendre le billet sur internet<\/i>\u00a0\u00bb, pr\u00e9cise Andrine Bernard, directrice de lignes TER ouest Provence pour SNCF Voyageurs.<\/p>\n<p>Chaque personne souhaitant acheter un titre de transport pour un TER de la r\u00e9gion Sud pourra se rendre dans l\u2019un des 26\u00a0bureaux de poste de la r\u00e9gion qui a ce dispositif. Elle sera accompagn\u00e9e par un charg\u00e9 de client\u00e8le qui l\u2019aidera \u00e0 choisir l\u2019horaire de son train, la fera payer et imprimera son billet.<\/p>\n<\/p><\/div>\n<div class=\"intext\"> Maintenir le service public\n              <\/div>\n<div class=\"paragraph\">\n<p>\u00ab\u00a0<i>C\u2019est pratique pour ceux qui n\u2019arrivent pas avec la technologie, ceux qui pr\u00e9f\u00e8re avec un billet papier ou encore ceux qui ont cass\u00e9 leur t\u00e9l\u00e9phon<\/i>e\u00a0\u00bb, indique Nathalie Collin, directrice g\u00e9n\u00e9rale grand public et num\u00e9rique de la Poste.<\/p>\n<p>L\u2019objectif de ce partenariat est donc d\u2019ouvrir des points de vente dans les postes de villes dot\u00e9es de gare mais sans guichet ou avec des horaires restrictifs. Pour Nathalie Collin, \u00ab\u00a0<i>c\u2019est une belle fa\u00e7on de maintenir le service public dans les territoires qui n\u2019ont plus suffisamment de flux pour avoir chacun son guichet<\/i>\u00a0\u00bb.<\/p>\n<p>L\u2019initiative a \u00e9galement court dans la R\u00e9gion Grand Est, o\u00f9 11\u00a0Postes peuvent vendre des billets de TER.<\/p>\n<p>L\u2019objectif est d\u2019\u00e9largir \u00e0 plus de villes, pour permettre au plus grand nombre d\u2019avoir acc\u00e8s au train. \u00ab\u00a0<i>Car si la s\u00e9curit\u00e9, la sant\u00e9 et l\u2019\u00e9ducation sont des services publics essentiels, la mobilit\u00e9 est tout aussi importante<\/i><i>\u00a0<\/i>\u00bb, insiste le maire de Salon-de-Provence et 9<sup>e<\/sup> vice-pr\u00e9sident de la R\u00e9gion Sud.<\/p>\n<\/p><\/div>\n<div class=\"paragraph\">\n<p><i><\/i><\/p>\n<p><i>Liste des postes concern\u00e9es.<\/i><\/p>\n<p><i>Bouches-du-Rh\u00f4ne<\/i><i>\u00a0<\/i><i>: Cassis, Salon Massenet, Port-de-Bouc, Sausset-les-Pins, Martigues Jonqui\u00e8res, Istres Les \u00c9choppes, Vitrolles Les Arcades, Tarascon.<\/i><\/p>\n<p><i>Alpes-de-Haute-Provence<\/i><i>\u00a0<\/i><i>: La Brillanne, Sisteron<\/i><\/p>\n<p><i>Hautes-Alpes<\/i><i>\u00a0<\/i><i>: Aspres, Chorges, Serres, Veynes<\/i><\/p>\n<p><i>Var<\/i><i>\u00a0<\/i><i>: La Garde<\/i><\/p>\n<p><i>Vaucluse<\/i><i>\u00a0<\/i><i>: Boll\u00e8ne, Pertuis, Sorgues.<\/i><\/p>\n<\/p><\/div>\n","protected":false},"excerpt":{"rendered":"Ils sont de plus en plus nombreux, les guichets ferm&eacute;s dans les petites gares. Et l&rsquo;absence de personnel pour aider les usagers &agrave; prendre leur billet rend l&rsquo;acc&egrave;s aux trains plus compliqu&eacute; pour certains. Face &#8230;","protected":false},"author":1,"featured_media":36585,"comment_status":"open","ping_status":"open","sticky":false,"template":"","format":"standard","meta":{"footnotes":""},"categories":[3926,3925,20],"tags":[10,3741,3100,674,2751,106,1468,1095,1594,714,222,1313,348,870,2396,189,1331],"news-destination":[3944],"news-source":[475],"is_homepage":[],"ta_other":[],"class_list":["post-36584","post","type-post","status-publish","format-standard","has-post-thumbnail","hentry","category-accueil-merge","category-accueil-third","category-societe","tag-bouches-du-rhone","tag-bureau-de-poste","tag-collaboration","tag-gares","tag-guichets","tag-habitants","tag-numerique","tag-partenariat","tag-postes","tag-region-sud","tag-region-sud-paca","tag-salon-de-provence","tag-train","tag-trains","tag-usagers","tag-ventes","tag-voyageurs","news-destination-homepage","news-source-website"],"_links":{"self":[{"href":"https:\/\/euapp01.newsmemory.com\/lamarseillaise\/news\/wp-json\/wp\/v2\/posts\/36584","targetHints":{"allow":["GET"]}}],"collection":[{"href":"https:\/\/euapp01.newsmemory.com\/lamarseillaise\/news\/wp-json\/wp\/v2\/posts"}],"about":[{"href":"https:\/\/euapp01.newsmemory.com\/lamarseillaise\/news\/wp-json\/wp\/v2\/types\/post"}],"author":[{"embeddable":true,"href":"https:\/\/euapp01.newsmemory.com\/lamarseillaise\/news\/wp-json\/wp\/v2\/users\/1"}],"replies":[{"embeddable":true,"href":"https:\/\/euapp01.newsmemory.com\/lamarseillaise\/news\/wp-json\/wp\/v2\/comments?post=36584"}],"version-history":[{"count":1,"href":"https:\/\/euapp01.newsmemory.com\/lamarseillaise\/news\/wp-json\/wp\/v2\/posts\/36584\/revisions"}],"predecessor-version":[{"id":36586,"href":"https:\/\/euapp01.newsmemory.com\/lamarseillaise\/news\/wp-json\/wp\/v2\/posts\/36584\/revisions\/36586"}],"wp:featuredmedia":[{"embeddable":true,"href":"https:\/\/euapp01.newsmemory.com\/lamarseillaise\/news\/wp-json\/wp\/v2\/media\/36585"}],"wp:attachment":[{"href":"https:\/\/euapp01.newsmemory.com\/lamarseillaise\/news\/wp-json\/wp\/v2\/media?parent=36584"}],"wp:term":[{"taxonomy":"category","embeddable":true,"href":"https:\/\/euapp01.newsmemory.com\/lamarseillaise\/news\/wp-json\/wp\/v2\/categories?post=36584"},{"taxonomy":"post_tag","embeddable":true,"href":"https:\/\/euapp01.newsmemory.com\/lamarseillaise\/news\/wp-json\/wp\/v2\/tags?post=36584"},{"taxonomy":"news-destination","embeddable":true,"href":"https:\/\/euapp01.newsmemory.com\/lamarseillaise\/news\/wp-json\/wp\/v2\/news-destination?post=36584"},{"taxonomy":"news-source","embeddable":true,"href":"https:\/\/euapp01.newsmemory.com\/lamarseillaise\/news\/wp-json\/wp\/v2\/news-source?post=36584"},{"taxonomy":"is_homepage","embeddable":true,"href":"https:\/\/euapp01.newsmemory.com\/lamarseillaise\/news\/wp-json\/wp\/v2\/is_homepage?post=36584"},{"taxonomy":"ta_other","embeddable":true,"href":"https:\/\/euapp01.newsmemory.com\/lamarseillaise\/news\/wp-json\/wp\/v2\/ta_other?post=36584"}],"curies":[{"name":"wp","href":"https:\/\/api.w.org\/{rel}","templated":true}]}}