{"id":36578,"date":"2026-07-17T07:23:00","date_gmt":"2026-07-17T05:23:00","guid":{"rendered":"https:\/\/euapp01.newsmemory.com\/lamarseillaise\/news\/?p=36578"},"modified":"2026-07-23T07:33:01","modified_gmt":"2026-07-23T05:33:01","slug":"a-marseille-les-locataires-des-bourrely-se-mobilisent","status":"publish","type":"post","link":"https:\/\/euapp01.newsmemory.com\/lamarseillaise\/news\/2026\/07\/17\/a-marseille-les-locataires-des-bourrely-se-mobilisent\/","title":{"rendered":"\u00c0 Marseille, les locataires des Bourrely se mobilisent"},"content":{"rendered":"<div class=\"paragraph\">\n<p>\u00ab <i>S\u2019<\/i><i>ils refusent de nous voir, on va faire le bordel<\/i><i>\u00a0<\/i><i>!<\/i><i>\u00a0<\/i>\u00bb, lance une des habitants devant le si\u00e8ge du bailleur social 13\u00a0Habitat (4<sup>e<\/sup>). Ce jeudi 16\u00a0juillet, au matin, une quinzaine de locataires des Bourrely (15<sup>e<\/sup>) se sont rassembl\u00e9s pour r\u00e9clamer une r\u00e9ponse du directeur g\u00e9n\u00e9ral quant \u00e0 \u00ab<i>\u00a0<\/i><i>la n\u00e9gligence<\/i><i>\u00a0<\/i>\u00bb dont ils se disent victimes depuis des ann\u00e9es. Mobilis\u00e9s activement depuis la coupure du gaz due \u00e0 des fuites de monoxyde de carbone, il y a un mois et demi (notre \u00e9dition du 11\u00a0juillet), les habitants d\u00e9plorent l\u2019inaction du bailleur.<\/p>\n<p>\u00ab\u00a0<i>Pour fermer la bouche des habitants, on leur donne une toute petite plaque \u00e9lectrique. Mais ici il y a des familles nombreuses, des enfants, des personnes \u00e2g\u00e9es, on n\u2019a m\u00eame pas d\u2019eau chaude<\/i>\u00a0\u00bb<i>, <\/i>revendique Cynthia, locataire. \u00ab\u00a0<i>J\u2019ai un b\u00e9b\u00e9 de 22<\/i><i>\u00a0<\/i><i>mois, on me dit de le laver \u00e0 l\u2019eau glac\u00e9e, c\u2019est de la maltraitance<\/i><i>\u00a0<\/i><i>!<\/i><i>\u00a0<\/i>\u00bb, ajoute-t-elle. Devant le b\u00e2timent, l\u2019atmosph\u00e8re est plus que tendue\u00a0: \u00ab\u00a0<i>13<\/i><i>\u00a0<\/i><i>Habitat on va vous casser les portes si vous nous laissez pas entrer<\/i><i>\u00a0<\/i><i>!<\/i>\u00a0\u00bb, menace une autre habitante ulc\u00e9r\u00e9e. Sarah, responsable de l\u2019association Dyhia, explique que malgr\u00e9 de nombreuses sollicitations \u00e0 diff\u00e9rentes \u00e9chelles (pr\u00e9fecture, mairie), rien n\u2019est mis en place. Elle mart\u00e8le\u00a0: \u00ab\u00a0<i>C\u2019est un droit l\u2019acc\u00e8s \u00e0 l\u2019eau et au gaz pour les locataires.<\/i>\u00a0\u00bb<\/p>\n<p>\u00ab\u00a0<i>Aujourd\u2019hui le probl\u00e8me c\u2019est le gaz, mais si c\u2019est pas \u00e7a, \u00e7a sera autre chose<\/i><i>\u00a0<\/i>\u00bb, se d\u00e9sole Sarah. Tous racontent les fuites, l\u2019humidit\u00e9, la moisissure, les punaises de lit ou encore les fourmili\u00e8res dans les appartements, et condamnent l\u2019absence des contr\u00f4les r\u00e9glementaires annuels depuis plusieurs ann\u00e9es.<\/p>\n<\/p><\/div>\n<div class=\"intext\"> \u00ab\u00a0On nous dit \u00e7a<br \/>\n               <br \/>depuis des semaines\u00a0\u00bb\n              <\/div>\n<div class=\"paragraph\">\n<p>Alors que la s\u00e9curit\u00e9 les emp\u00eache de rentrer, le directeur leur propose d\u2019abord une r\u00e9union en septembre, avant d\u2019accepter de les recevoir face aux vives r\u00e9actions suscit\u00e9es par sa proposition. Cynthia exprime sa d\u00e9ception en sortant\u00a0: \u00ab\u00a0<i>On s\u2019est senti m\u00e9pris\u00e9s, aucune date n\u2019a \u00e9t\u00e9 donn\u00e9e, il a dit qu\u2019il nous informera demain, mais on nous dit \u00e7a depuis des semaines<\/i><i>\u00a0<\/i>\u00bb. Le directeur leur assure qu\u2019il n\u2019a \u00e9t\u00e9 mis au courant de la situation que le 29\u00a0juin, ce qui indigne les locataires.<\/p>\n<p>Pour sa part, la direction de 13\u00a0Habitat explique cette situation par la mise en place d\u2019un protocole de s\u00e9curit\u00e9 concertant le monoxyde carbone et les d\u00e9lais &#8211;\u00a0longs\u00a0&#8211; des diff\u00e9rentes organisations qui doivent intervenir. \u00ab\u00a0<i>On va faire le n\u00e9cessaire pour mettre la pression aux entreprises et construire un protocole plus rapide<\/i><i>\u00a0<\/i>\u00bb, promet Damien Vanoverschelde, le directeur g\u00e9n\u00e9ral de 13\u00a0Habitat. Il assure que les \u00e9quipes sont en train de rechercher la raison de la pr\u00e9sence du monoxyde de carbone dans les b\u00e2timents. <span class=\"mln_uppercase_mln\">\u00e0<\/span> propos des \u00ab\u00a0<i>autres revendications concernant l\u2019\u00e9tat du patrimoine<\/i>\u00a0\u00bb, celles-ci \u00ab\u00a0<i>nous pr\u00e9occupent et nous souhaitons intervenir au plus vite<\/i>\u00a0\u00bb, tient \u00e0 pr\u00e9ciser la direction du bailleur social.<\/p>\n<\/p><\/div>\n","protected":false},"excerpt":{"rendered":"&laquo; S&rsquo;ils refusent de nous voir, on va faire le bordel&nbsp;!&nbsp;&raquo;, lance une des habitants devant le si&egrave;ge du bailleur social 13&nbsp;Habitat (4e). Ce jeudi 16&nbsp;juillet, au matin, une quinzaine de locataires des &#8230;","protected":false},"author":1,"featured_media":36579,"comment_status":"open","ping_status":"open","sticky":false,"template":"","format":"standard","meta":{"footnotes":""},"categories":[3926,3925,20],"tags":[498,510,10,3621,890,2323,1597,52,16,194],"news-destination":[3944],"news-source":[475],"is_homepage":[],"ta_other":[],"class_list":["post-36578","post","type-post","status-publish","format-standard","has-post-thumbnail","hentry","category-accueil-merge","category-accueil-third","category-societe","tag-13-habitat","tag-bailleurs-sociaux","tag-bouches-du-rhone","tag-fuites","tag-gaz","tag-habitat","tag-locataires","tag-logement-social","tag-marseille","tag-social","news-destination-homepage","news-source-website"],"_links":{"self":[{"href":"https:\/\/euapp01.newsmemory.com\/lamarseillaise\/news\/wp-json\/wp\/v2\/posts\/36578","targetHints":{"allow":["GET"]}}],"collection":[{"href":"https:\/\/euapp01.newsmemory.com\/lamarseillaise\/news\/wp-json\/wp\/v2\/posts"}],"about":[{"href":"https:\/\/euapp01.newsmemory.com\/lamarseillaise\/news\/wp-json\/wp\/v2\/types\/post"}],"author":[{"embeddable":true,"href":"https:\/\/euapp01.newsmemory.com\/lamarseillaise\/news\/wp-json\/wp\/v2\/users\/1"}],"replies":[{"embeddable":true,"href":"https:\/\/euapp01.newsmemory.com\/lamarseillaise\/news\/wp-json\/wp\/v2\/comments?post=36578"}],"version-history":[{"count":1,"href":"https:\/\/euapp01.newsmemory.com\/lamarseillaise\/news\/wp-json\/wp\/v2\/posts\/36578\/revisions"}],"predecessor-version":[{"id":36580,"href":"https:\/\/euapp01.newsmemory.com\/lamarseillaise\/news\/wp-json\/wp\/v2\/posts\/36578\/revisions\/36580"}],"wp:featuredmedia":[{"embeddable":true,"href":"https:\/\/euapp01.newsmemory.com\/lamarseillaise\/news\/wp-json\/wp\/v2\/media\/36579"}],"wp:attachment":[{"href":"https:\/\/euapp01.newsmemory.com\/lamarseillaise\/news\/wp-json\/wp\/v2\/media?parent=36578"}],"wp:term":[{"taxonomy":"category","embeddable":true,"href":"https:\/\/euapp01.newsmemory.com\/lamarseillaise\/news\/wp-json\/wp\/v2\/categories?post=36578"},{"taxonomy":"post_tag","embeddable":true,"href":"https:\/\/euapp01.newsmemory.com\/lamarseillaise\/news\/wp-json\/wp\/v2\/tags?post=36578"},{"taxonomy":"news-destination","embeddable":true,"href":"https:\/\/euapp01.newsmemory.com\/lamarseillaise\/news\/wp-json\/wp\/v2\/news-destination?post=36578"},{"taxonomy":"news-source","embeddable":true,"href":"https:\/\/euapp01.newsmemory.com\/lamarseillaise\/news\/wp-json\/wp\/v2\/news-source?post=36578"},{"taxonomy":"is_homepage","embeddable":true,"href":"https:\/\/euapp01.newsmemory.com\/lamarseillaise\/news\/wp-json\/wp\/v2\/is_homepage?post=36578"},{"taxonomy":"ta_other","embeddable":true,"href":"https:\/\/euapp01.newsmemory.com\/lamarseillaise\/news\/wp-json\/wp\/v2\/ta_other?post=36578"}],"curies":[{"name":"wp","href":"https:\/\/api.w.org\/{rel}","templated":true}]}}