{"id":36575,"date":"2026-07-17T07:09:00","date_gmt":"2026-07-17T05:09:00","guid":{"rendered":"https:\/\/euapp01.newsmemory.com\/lamarseillaise\/news\/?p=36575"},"modified":"2026-07-17T10:11:56","modified_gmt":"2026-07-17T08:11:56","slug":"coupe-du-monde-un-epilogue-du-mondial-royal-entre-lespagne-et-largentine","status":"publish","type":"post","link":"https:\/\/euapp01.newsmemory.com\/lamarseillaise\/news\/2026\/07\/17\/coupe-du-monde-un-epilogue-du-mondial-royal-entre-lespagne-et-largentine\/","title":{"rendered":"[Coupe du Monde] Un \u00e9pilogue du Mondial royal entre l\u2019Espagne et l\u2019Argentine"},"content":{"rendered":"<div class=\"paragraph\">\n<p>Il faut remonter \u00e0 1966 pour retrouver un Espagne-Argentine dans une comp\u00e9tition officielle. Soixante ans plus tard, les deux g\u00e9ants du football latino se retrouvent pour un duel au sommet\u00a0: la finale de la Coupe du monde 2026, dimanche (21h), au MetLife Stadium de New York.<\/p>\n<p>Les hommes de la Roja, impressionnants d\u2019efficacit\u00e9 depuis leur deuxi\u00e8me match de groupe apr\u00e8s une entr\u00e9e en mati\u00e8re laborieuse face au Cap-Vert, ont \u00e9t\u00e9 les premiers \u00e0 d\u00e9crocher leur billet pour la finale. Leur ma\u00eetrise collective et leur jeu de possession parfaitement huil\u00e9 ont fait la diff\u00e9rence tout au long de la phase \u00e0 \u00e9limination directe. Ils ont d\u2019abord \u00e9cart\u00e9 le Portugal de Cristiano Ronaldo, puis la Belgique de Kevin De Bruyne, au terme de deux succ\u00e8s arrach\u00e9s dans les derniers instants.<\/p>\n<p>Mais c\u2019est surtout leur d\u00e9monstration face \u00e0 la France, en demi-finale, qui a marqu\u00e9 les esprits\u00a0: les Bleus ont \u00e9t\u00e9 \u00e9touff\u00e9s par l\u2019intensit\u00e9 et la justesse du collectif espagnol. \u00ab<i>\u00a0<\/i><i>C\u2019est une \u00e9quipe immense, avec des joueurs fantastiques et un style de jeu remarquable<\/i><i>\u00a0<\/i>\u00bb, saluait Lionel Messi apr\u00e8s la victoire de l\u2019Argentine contre l\u2019Angleterre (2-1), en demi-finale. \u00ab<i>\u00a0<\/i><i>C\u2019est une \u00e9quipe que je connais bien, avec une philosophie de jeu install\u00e9e depuis de nombreuses ann\u00e9es. Je connais aussi les joueurs, j\u2019ai jou\u00e9 contre eux, je les suis. Plusieurs \u00e9voluent au Bar\u00e7a, un club que j\u2019aime et que je soutiens. C\u2019est un match sp\u00e9cial, une finale de Coupe du monde. J\u2019imagine que ce sera un match tr\u00e8s serr\u00e9<\/i><i>\u00a0<\/i>\u00bb, a ajout\u00e9 la \u00ab\u00a0Pulga\u00a0\u00bb, toujours aussi inspir\u00e9e techniquement.<\/p>\n<p>En foulant la pelouse du MetLife Stadium dimanche, Lionel Messi ajoutera une nouvelle ligne \u00e0 son immense l\u00e9gende. \u00c0 39\u00a0ans, l\u2019Argentin deviendra seulement le deuxi\u00e8me joueur de l\u2019histoire \u00e0 disputer trois finales de Coupe du monde (2014, 2022 et 2026), apr\u00e8s le Br\u00e9silien Cafu.<\/p>\n<\/p><\/div>\n<div class=\"intext\"> L\u2019\u00e9l\u00e8ve Scaloni d\u00e9passera son ancien ma\u00eetre\u00a0?\n              <\/div>\n<div class=\"paragraph\">\n<p>Cette affiche entre l\u2019Espagne et l\u2019Argentine f\u00eatera \u00e9galement les retrouvailles entre Luis de la Fuente et Lionel Scaloni. Le premier cit\u00e9 fut le professeur du second lors de son cursus d\u2019entra\u00eeneur.<i> <\/i>\u00ab<i>\u00a0<\/i><i>Le destin a voulu que l\u2019on se retrouve en finale. Apr\u00e8s le Qatar, j\u2019ai eu une tr\u00e8s belle conversation avec lui<\/i><i>\u00a0<\/i><i>; nous avons parl\u00e9 de choses qui, je pense, lui ont \u00e9t\u00e9 utiles et qu\u2019il a ensuite appliqu\u00e9es \u00e0 sa s\u00e9lection<\/i><i>\u00a0<\/i>\u00bb, a r\u00e9v\u00e9l\u00e9 le s\u00e9lectionneur argentin. \u00ab<i>\u00a0<\/i><i>Tout le monde sait que je vis en Espagne, que ma famille est l\u00e0-bas, mais dimanche, je suis d\u00e9sol\u00e9<\/i><i>\u00a0<\/i><i>: nous allons tout faire pour gagner. J\u2019esp\u00e8re que les Espagnols seront heureux de voir l\u2019Argentine en finale, apr\u00e8s tout ce que Messi leur a apport\u00e9. Ils l\u2019aiment &#8211; pas tous, mais une grande partie l\u2019adore<\/i><i>\u00a0<\/i>\u00bb, souligne-t-il, \u00e0 72h de disputer sa deuxi\u00e8me finale de Coupe du monde cons\u00e9cutive.<\/p>\n<p>Il devient le cinqui\u00e8me s\u00e9lectionneur de l\u2019histoire \u00e0 r\u00e9aliser cette prouesse. Avant lui, seuls Didier Deschamps (2018 et 2022 avec la France), Franz Beckenbauer (1986 et 1990 avec la RFA), Carlos Bilardo (1986 et 1990 avec l\u2019Argentine) et Vittorio Pozzo (1934 et 1938 avec l\u2019Italie) avaient r\u00e9ussi cela.<\/p>\n<\/p><\/div>\n<div class=\"paragraph\">\n<p><b>ET AUSSI<\/b><\/p>\n<p><b>Banderole pol\u00e9mique, Londres r\u00e9clame une enqu\u00eate<\/b><\/p>\n<p>Apr\u00e8s leur victoire contre l\u2019Angleterre (2-1), mercredi, en demi-finale de la Coupe du monde 2026, les joueurs argentins ont c\u00e9l\u00e9br\u00e9 leur qualification en d\u00e9ployant une banderole sur laquelle \u00e9tait inscrit : \u00ab Les \u00eeles Malouines sont argentines. \u00bb Un message faisant r\u00e9f\u00e9rence au diff\u00e9rend territorial qui avait d\u00e9g\u00e9n\u00e9r\u00e9 en conflit arm\u00e9 entre les deux pays en 1982. Port\u00e9e par plusieurs joueurs apr\u00e8s le coup de sifflet final, puis d\u00e9pos\u00e9e sur la pelouse du stade d\u2019Atlanta par Giovanni Lo Celso, cette banderole pourrait contrevenir au r\u00e8glement de la FIFA, qui interdit toute manifestation \u00e0 caract\u00e8re politique dans les enceintes accueillant les comp\u00e9titions qu\u2019elle organise. Dans la soir\u00e9e, le pr\u00e9sident argentin Javier Milei, sans faire explicitement r\u00e9f\u00e9rence au geste des joueurs, a appel\u00e9 \u00e0 ne pas \u00ab m\u00e9langer \u00bb le football et le diff\u00e9rend autour des \u00eeles Malouines. \u00ab<i> Ne m\u00e9langeons pas les choses. Les Malouines se r\u00e9cup\u00e8rent avec une diplomatie avis\u00e9e, pas avec des gestes de patriotisme \u00e0 bon march\u00e9 <\/i>\u00bb, a-t-il d\u00e9clar\u00e9 sur Radio Mitre. \u00ab <i>Nous r\u00e9alisons des avanc\u00e9es diplomatiques consid\u00e9rables. Nous avons r\u00e9ussi \u00e0 obtenir que l\u2019ONU oblige le Royaume-Uni \u00e0 s\u2019asseoir \u00e0 la table des n\u00e9gociations avec nous. Mais ne m\u00e9langeons pas tout : ce n\u2019est qu\u2019un match de football <\/i>\u00bb, a ajout\u00e9 le pr\u00e9sident, tout en saluant dans cette victoire<i> <\/i>\u00ab<i> une \u00e9tape glorieuse <\/i>\u00bb de l\u2019Albiceleste. Le gouvernement britannique a appel\u00e9 jeudi \u00e0 une enqu\u00eate de la Fifa au lendemain du d\u00e9ploiement par des joueurs argentins d\u2019une banderole proclamant que \u00ab les [\u00eeles] Malouines sont argentines \u00bb.<\/p>\n<p>\u00ab<i> La Coupe du monde n\u2019est peut-\u00eatre pas \u00e0 nous, mais les \u00eeles Falklands <\/i>[le nom britannique des Malouines, Ndlr.]<i> le sont assur\u00e9ment <\/i>\u00bb, a r\u00e9agi un porte-parole de Downing Street.<\/p>\n<\/p><\/div>\n","protected":false},"excerpt":{"rendered":"Il faut remonter &agrave; 1966 pour retrouver un Espagne-Argentine dans une comp&eacute;tition officielle. Soixante ans plus tard, les deux g&eacute;ants du football latino se retrouvent pour un duel au sommet&nbsp;: la finale de la Coupe du monde &#8230;","protected":false},"author":1,"featured_media":36576,"comment_status":"open","ping_status":"open","sticky":false,"template":"","format":"standard","meta":{"footnotes":""},"categories":[7],"tags":[3379,1097,1220,276,5818,894,13,5924],"news-destination":[],"news-source":[475],"is_homepage":[],"ta_other":[],"class_list":["post-36575","post","type-post","status-publish","format-standard","has-post-thumbnail","hentry","category-sports","tag-argentine","tag-coupe-du-monde","tag-espagne","tag-etats-unis","tag-fifa","tag-finale","tag-football","tag-lionel-messi","news-source-website"],"_links":{"self":[{"href":"https:\/\/euapp01.newsmemory.com\/lamarseillaise\/news\/wp-json\/wp\/v2\/posts\/36575","targetHints":{"allow":["GET"]}}],"collection":[{"href":"https:\/\/euapp01.newsmemory.com\/lamarseillaise\/news\/wp-json\/wp\/v2\/posts"}],"about":[{"href":"https:\/\/euapp01.newsmemory.com\/lamarseillaise\/news\/wp-json\/wp\/v2\/types\/post"}],"author":[{"embeddable":true,"href":"https:\/\/euapp01.newsmemory.com\/lamarseillaise\/news\/wp-json\/wp\/v2\/users\/1"}],"replies":[{"embeddable":true,"href":"https:\/\/euapp01.newsmemory.com\/lamarseillaise\/news\/wp-json\/wp\/v2\/comments?post=36575"}],"version-history":[{"count":1,"href":"https:\/\/euapp01.newsmemory.com\/lamarseillaise\/news\/wp-json\/wp\/v2\/posts\/36575\/revisions"}],"predecessor-version":[{"id":36577,"href":"https:\/\/euapp01.newsmemory.com\/lamarseillaise\/news\/wp-json\/wp\/v2\/posts\/36575\/revisions\/36577"}],"wp:featuredmedia":[{"embeddable":true,"href":"https:\/\/euapp01.newsmemory.com\/lamarseillaise\/news\/wp-json\/wp\/v2\/media\/36576"}],"wp:attachment":[{"href":"https:\/\/euapp01.newsmemory.com\/lamarseillaise\/news\/wp-json\/wp\/v2\/media?parent=36575"}],"wp:term":[{"taxonomy":"category","embeddable":true,"href":"https:\/\/euapp01.newsmemory.com\/lamarseillaise\/news\/wp-json\/wp\/v2\/categories?post=36575"},{"taxonomy":"post_tag","embeddable":true,"href":"https:\/\/euapp01.newsmemory.com\/lamarseillaise\/news\/wp-json\/wp\/v2\/tags?post=36575"},{"taxonomy":"news-destination","embeddable":true,"href":"https:\/\/euapp01.newsmemory.com\/lamarseillaise\/news\/wp-json\/wp\/v2\/news-destination?post=36575"},{"taxonomy":"news-source","embeddable":true,"href":"https:\/\/euapp01.newsmemory.com\/lamarseillaise\/news\/wp-json\/wp\/v2\/news-source?post=36575"},{"taxonomy":"is_homepage","embeddable":true,"href":"https:\/\/euapp01.newsmemory.com\/lamarseillaise\/news\/wp-json\/wp\/v2\/is_homepage?post=36575"},{"taxonomy":"ta_other","embeddable":true,"href":"https:\/\/euapp01.newsmemory.com\/lamarseillaise\/news\/wp-json\/wp\/v2\/ta_other?post=36575"}],"curies":[{"name":"wp","href":"https:\/\/api.w.org\/{rel}","templated":true}]}}