{"id":36572,"date":"2026-07-17T07:12:00","date_gmt":"2026-07-17T05:12:00","guid":{"rendered":"https:\/\/euapp01.newsmemory.com\/lamarseillaise\/news\/?p=36572"},"modified":"2026-07-17T10:10:11","modified_gmt":"2026-07-17T08:10:11","slug":"tour-de-france-jamais-deux-sans-trois-pour-le-roi-merlier","status":"publish","type":"post","link":"https:\/\/euapp01.newsmemory.com\/lamarseillaise\/news\/2026\/07\/17\/tour-de-france-jamais-deux-sans-trois-pour-le-roi-merlier\/","title":{"rendered":"[Tour de France] Jamais deux sans trois pour le roi Merlier"},"content":{"rendered":"<div class=\"paragraph\">\n<p>Et de trois\u00a0: le Belge Tim Merlier a remport\u00e9 sa troisi\u00e8me victoire dans cette 113<sup>e<\/sup> \u00e9dition du Tour de France en s\u2019imposant au sprint lors de la douzi\u00e8me \u00e9tape jeudi \u00e0 Chalon-sur-Sa\u00f4ne. \u00ab\u00a0<i>La pr\u00e9sence de ma femme et de mon fils m\u2019a bien s\u00fbr donn\u00e9 beaucoup de motivation. M\u00eame s\u2019il est encore un peu jeune, je pense. Gagner pour eux, c\u2019est sp\u00e9cial. Je suis tr\u00e8s heureux de les avoir ici<\/i>\u00a0\u00bb, lance-t-il.<\/p>\n<p>Le coureur de Soudal Quick-Step a devanc\u00e9 le N\u00e9erlandais Olav Kooij et le Belge Jasper Philipsen lors d\u2019un sprint massif marqu\u00e9 par une violente chute dans les derniers m\u00e8tres impliquant notamment le Colombien Fernando Gaviria et le Fran\u00e7ais Dorian Godon.<\/p>\n<p>\u00ab\u00a0<i>On a eu quelques probl\u00e8mes de radio, la mienne \u00e9tait cass\u00e9e. Il y avait pas mal d\u2019attaques dans le final et je ne savais pas trop comment c\u2019\u00e9tait devant. Il y a eu des petites mont\u00e9es et \u00e7a a boug\u00e9. J\u2019ai un peu souffert, comme les derniers jours. Jasper Stuyven a eu une crevaison, il n\u2019\u00e9tait pas s\u00fbr de pouvoir m\u2019aider. Et finalement, il a pu \u00eatre l\u00e0. Ensuite, la communication entre nous deux a \u00e9t\u00e9 meilleure. J\u2019ai essay\u00e9 de rester calme<\/i>\u00a0\u00bb, souligne Tim Merlier.<\/p>\n<p>C\u2019est la troisi\u00e8me victoire dans ce Tour de France pour Merlier, 33\u00a0ans, qui a une nouvelle fois r\u00e9ussi \u00e0 d\u00e9jouer les plans de l\u2019\u00e9quipe Alpecin de Philipsen.<\/p>\n<\/p><\/div>\n<div class=\"intext\"> Veistroffer infatigable\n              <\/div>\n<div class=\"paragraph\">\n<p>Le Slov\u00e8ne Tadej Pogacar conserve le maillot jaune avec une avance de 3\u00a0minutes et 36\u00a0secondes sur le Danois Jonas Vingegaard et 4\u00a0minutes et 6\u00a0secondes sur le Belge Remco Evenepoel.<\/p>\n<p>\u00ab\u00a0<i>Tout \u00e9tait calme et sous contr\u00f4le pour moi jusqu\u2019\u00e0 ce que la formation Lidl-Trek commence \u00e0 attaquer. \u00c0 partir de l\u00e0, le final est devenu un peu difficile, mais tout s\u2019est bien pass\u00e9 de notre c\u00f4t\u00e9. En revanche, j\u2019ai vu combien de coureurs sont tomb\u00e9s dans le dernier kilom\u00e8tre et j\u2019esp\u00e8re vraiment qu\u2019ils vont tous bien. Aujourd\u2019hui, ma pi\u00e8ce \u00e9tait sur Fernando Gaviria, il roulait vraiment super bien et j\u2019ai \u00e9t\u00e9 tr\u00e8s d\u00e9\u00e7u de le voir lui aussi au sol. J\u2019esp\u00e8re que tous les autres coureurs impliqu\u00e9s dans cette chute vont bien<\/i>\u00a0\u00bb, glisse le leader du Tour de France.<\/p>\n<p>Kooij, vainqueur \u00e0 Pau et deuxi\u00e8me la veille \u00e0 Nevers, d\u00e9croche, lui, un quatri\u00e8me podium dans cette Grande Boucle.<\/p>\n<p>Les 25\u00a0derniers kilom\u00e8tres ont \u00e9t\u00e9 tr\u00e8s anim\u00e9s avec plusieurs attaques de la part de petits groupes compos\u00e9s souvent de costauds \u00e0 l\u2019image d\u2019un Quinn Simmons hyperactif avec ses co\u00e9quipiers de Lidl-Trek.<\/p>\n<p>Ces tentatives de gu\u00e9rilla ont donn\u00e9 \u00e9norm\u00e9ment de travail aux \u00e9quipes de sprinteurs, notamment dans la c\u00f4te de Montagny-l\u00e8s-Buxy o\u00f9 Simmons, alias Captain America, a roul\u00e9 comme un b\u0153uf, tout en prenant le temps de taper dans la main de son p\u00e8re post\u00e9 en bord de route.<\/p>\n<p>\u00c0 l\u2019agonie, certains sprinteurs se sont accroch\u00e9s tant bien que mal dans les roues de leurs co\u00e9quipiers, avant de devoir se remettre \u00e0 l\u2019ouvrage lorsque K\u00e9vin Vauquelin, Kasper Asgreen, Mattias Skjelmose ou le maillot vert Mads Pedersen, par deux fois, ont \u00e0 leur tour acc\u00e9l\u00e9r\u00e9 sur le plat, en vain.<\/p>\n<p>Le Fran\u00e7ais Baptiste Veistroffer a une nouvelle fois pass\u00e9 la journ\u00e9e \u00e0 l\u2019avant.<\/p>\n<p>D\u2019abord seul, puis \u00e0 quatre lorsque Matt\u00e9o Vercher, Damiano Caruso et Ewen Costiou l\u2019ont rejoint au kilom\u00e8tre\u00a057. <span class=\"mln_uppercase_mln\">\u00e0<\/span> deux ensuite avec Costiou, un Breton comme lui, lorsque les deux autres se sont relev\u00e9s. Et enfin \u00e0 nouveau seul apr\u00e8s que Costiou ait l\u00e2ch\u00e9 \u00e0 son tour la roue du \u00ab\u00a0Sanglier de Fouesnant\u00a0\u00bb, \u00e0 49\u00a0km du but.<\/p>\n<p>Pench\u00e9 sur sa machine, le coureur de Lotto Intermarch\u00e9 a continu\u00e9 sans faiblir dans les vignobles chalonnais avant d\u2019\u00eatre repris, inexorablement, par le peloton \u00e0 33\u00a0bornes de l\u2019arriv\u00e9e. C\u2019\u00e9tait d\u00e9j\u00e0 la troisi\u00e8me grande \u00e9chapp\u00e9e du Finist\u00e9rien dans ce Tour de France.<\/p>\n<p>Mais les \u00e9quipes de sprinteurs n\u2019allaient pas laisser \u00e9chapper la derni\u00e8re occasion de s\u2019illustrer avant au plus t\u00f4t mercredi prochain.<\/p>\n<p>Car d\u00e8s vendredi la pente va s\u2019\u00e9lever avec l\u2019ascension du Ballon d\u2019Alsace avant deux \u00e9tapes de montagnes samedi dans les Vosges et dimanche dans les Alpes.<\/p>\n<\/p><\/div>\n","protected":false},"excerpt":{"rendered":"Et de trois&nbsp;: le Belge Tim Merlier a remport&eacute; sa troisi&egrave;me victoire dans cette 113e &eacute;dition du Tour de France en s&rsquo;imposant au sprint lors de la douzi&egrave;me &eacute;tape jeudi &agrave; Chalon-sur-Sa&ocirc;ne. &#8230;","protected":false},"author":1,"featured_media":36573,"comment_status":"open","ping_status":"open","sticky":false,"template":"","format":"standard","meta":{"footnotes":""},"categories":[7],"tags":[1144,572,3253],"news-destination":[],"news-source":[475],"is_homepage":[],"ta_other":[],"class_list":["post-36572","post","type-post","status-publish","format-standard","has-post-thumbnail","hentry","category-sports","tag-cyclisme","tag-france","tag-tour-de-france","news-source-website"],"_links":{"self":[{"href":"https:\/\/euapp01.newsmemory.com\/lamarseillaise\/news\/wp-json\/wp\/v2\/posts\/36572","targetHints":{"allow":["GET"]}}],"collection":[{"href":"https:\/\/euapp01.newsmemory.com\/lamarseillaise\/news\/wp-json\/wp\/v2\/posts"}],"about":[{"href":"https:\/\/euapp01.newsmemory.com\/lamarseillaise\/news\/wp-json\/wp\/v2\/types\/post"}],"author":[{"embeddable":true,"href":"https:\/\/euapp01.newsmemory.com\/lamarseillaise\/news\/wp-json\/wp\/v2\/users\/1"}],"replies":[{"embeddable":true,"href":"https:\/\/euapp01.newsmemory.com\/lamarseillaise\/news\/wp-json\/wp\/v2\/comments?post=36572"}],"version-history":[{"count":1,"href":"https:\/\/euapp01.newsmemory.com\/lamarseillaise\/news\/wp-json\/wp\/v2\/posts\/36572\/revisions"}],"predecessor-version":[{"id":36574,"href":"https:\/\/euapp01.newsmemory.com\/lamarseillaise\/news\/wp-json\/wp\/v2\/posts\/36572\/revisions\/36574"}],"wp:featuredmedia":[{"embeddable":true,"href":"https:\/\/euapp01.newsmemory.com\/lamarseillaise\/news\/wp-json\/wp\/v2\/media\/36573"}],"wp:attachment":[{"href":"https:\/\/euapp01.newsmemory.com\/lamarseillaise\/news\/wp-json\/wp\/v2\/media?parent=36572"}],"wp:term":[{"taxonomy":"category","embeddable":true,"href":"https:\/\/euapp01.newsmemory.com\/lamarseillaise\/news\/wp-json\/wp\/v2\/categories?post=36572"},{"taxonomy":"post_tag","embeddable":true,"href":"https:\/\/euapp01.newsmemory.com\/lamarseillaise\/news\/wp-json\/wp\/v2\/tags?post=36572"},{"taxonomy":"news-destination","embeddable":true,"href":"https:\/\/euapp01.newsmemory.com\/lamarseillaise\/news\/wp-json\/wp\/v2\/news-destination?post=36572"},{"taxonomy":"news-source","embeddable":true,"href":"https:\/\/euapp01.newsmemory.com\/lamarseillaise\/news\/wp-json\/wp\/v2\/news-source?post=36572"},{"taxonomy":"is_homepage","embeddable":true,"href":"https:\/\/euapp01.newsmemory.com\/lamarseillaise\/news\/wp-json\/wp\/v2\/is_homepage?post=36572"},{"taxonomy":"ta_other","embeddable":true,"href":"https:\/\/euapp01.newsmemory.com\/lamarseillaise\/news\/wp-json\/wp\/v2\/ta_other?post=36572"}],"curies":[{"name":"wp","href":"https:\/\/api.w.org\/{rel}","templated":true}]}}