{"id":36569,"date":"2026-07-17T07:14:00","date_gmt":"2026-07-17T05:14:00","guid":{"rendered":"https:\/\/euapp01.newsmemory.com\/lamarseillaise\/news\/?p=36569"},"modified":"2026-07-17T10:10:11","modified_gmt":"2026-07-17T08:10:11","slug":"coupe-du-monde-une-petite-finale-sans-interet-selon-tuchel","status":"publish","type":"post","link":"https:\/\/euapp01.newsmemory.com\/lamarseillaise\/news\/2026\/07\/17\/coupe-du-monde-une-petite-finale-sans-interet-selon-tuchel\/","title":{"rendered":"[Coupe du Monde] Une petite finale sans int\u00e9r\u00eat selon Tuchel"},"content":{"rendered":"<div class=\"paragraph\">\n<p>Thomas Tuchel, le s\u00e9lectionneur de l\u2019\u00e9quipe nationale d\u2019Angleterre, s\u2019est montr\u00e9 cat\u00e9gorique en ce qui concerne le match de la troisi\u00e8me place, samedi (\u00e0 23h) au Hard Rock Stadium, \u00e0 Miami, face \u00e0 l\u2019\u00e9quipe de France. \u00ab<i>\u00a0<\/i><i>Aucun de nos joueurs ni aucun des joueurs fran\u00e7ais ne souhaite disputer ce match<\/i><i>\u00a0<\/i>\u00bb, a d\u00e9clar\u00e9 le coach anglais.<i> <\/i>\u00ab<i>\u00a0<\/i><i>Ils veulent jouer la finale. Nous avons tout donn\u00e9 pour y parvenir. Tout le monde joue pour gagner la Coupe du monde, mais c\u2019est ainsi. Nous avons un jour de r\u00e9cup\u00e9ration de moins que la France, mais nous le ferons avec professionnalisme<\/i><i>\u00a0<\/i>\u00bb, a-t-il ajout\u00e9. Championne du monde en 1966, l\u2019Angleterre n\u2019a depuis jamais retrouv\u00e9 la finale de l\u2019\u00e9preuve. Depuis 2018, elle se retrouve \u00e0 chaque fois au minimum jusqu\u2019au stade des quarts de finale. C\u2019est d\u2019ailleurs \u00e0 ce tour fatidique que les Bleus leur avaient barr\u00e9 la route du dernier carr\u00e9 en 2022, o\u00f9 Olivier Giroud avait an\u00e9anti leurs espoirs de sacre.<\/p>\n<\/p><\/div>\n<div class=\"intext\"> Mbapp\u00e9 vise un troph\u00e9e individuel\n              <\/div>\n<div class=\"paragraph\">\n<p>Si les hommes de Didier Deschamps peuvent encore repartir d\u2019Am\u00e9rique avec une m\u00e9daille de bronze, Kylian Mbapp\u00e9 a, lui aussi, un objectif personnel. Le capitaine tricolore est en t\u00eate du classement des buteurs, \u00e0 \u00e9galit\u00e9 avec le g\u00e9nie argentin Lionel Messi. Le Madril\u00e8ne pourrait ainsi devenir le premier joueur, depuis le roi Pel\u00e9, \u00e0 remporter deux \u00e9ditions cons\u00e9cutives du Soulier d\u2019or au Mondial.<\/p>\n<\/p><\/div>\n","protected":false},"excerpt":{"rendered":"Thomas Tuchel, le s&eacute;lectionneur de l&rsquo;&eacute;quipe nationale d&rsquo;Angleterre, s&rsquo;est montr&eacute; cat&eacute;gorique en ce qui concerne le match de la troisi&egrave;me place, samedi (&agrave; 23h) au Hard Rock Stadium, &agrave; &#8230;","protected":false},"author":1,"featured_media":36570,"comment_status":"open","ping_status":"open","sticky":false,"template":"","format":"standard","meta":{"footnotes":""},"categories":[7],"tags":[4549,1097,1000,999,276,5818,13,572,2072],"news-destination":[],"news-source":[475],"is_homepage":[],"ta_other":[],"class_list":["post-36569","post","type-post","status-publish","format-standard","has-post-thumbnail","hentry","category-sports","tag-angleterre","tag-coupe-du-monde","tag-didier-deschamps","tag-equipe-de-france","tag-etats-unis","tag-fifa","tag-football","tag-france","tag-mbappe","news-source-website"],"_links":{"self":[{"href":"https:\/\/euapp01.newsmemory.com\/lamarseillaise\/news\/wp-json\/wp\/v2\/posts\/36569","targetHints":{"allow":["GET"]}}],"collection":[{"href":"https:\/\/euapp01.newsmemory.com\/lamarseillaise\/news\/wp-json\/wp\/v2\/posts"}],"about":[{"href":"https:\/\/euapp01.newsmemory.com\/lamarseillaise\/news\/wp-json\/wp\/v2\/types\/post"}],"author":[{"embeddable":true,"href":"https:\/\/euapp01.newsmemory.com\/lamarseillaise\/news\/wp-json\/wp\/v2\/users\/1"}],"replies":[{"embeddable":true,"href":"https:\/\/euapp01.newsmemory.com\/lamarseillaise\/news\/wp-json\/wp\/v2\/comments?post=36569"}],"version-history":[{"count":1,"href":"https:\/\/euapp01.newsmemory.com\/lamarseillaise\/news\/wp-json\/wp\/v2\/posts\/36569\/revisions"}],"predecessor-version":[{"id":36571,"href":"https:\/\/euapp01.newsmemory.com\/lamarseillaise\/news\/wp-json\/wp\/v2\/posts\/36569\/revisions\/36571"}],"wp:featuredmedia":[{"embeddable":true,"href":"https:\/\/euapp01.newsmemory.com\/lamarseillaise\/news\/wp-json\/wp\/v2\/media\/36570"}],"wp:attachment":[{"href":"https:\/\/euapp01.newsmemory.com\/lamarseillaise\/news\/wp-json\/wp\/v2\/media?parent=36569"}],"wp:term":[{"taxonomy":"category","embeddable":true,"href":"https:\/\/euapp01.newsmemory.com\/lamarseillaise\/news\/wp-json\/wp\/v2\/categories?post=36569"},{"taxonomy":"post_tag","embeddable":true,"href":"https:\/\/euapp01.newsmemory.com\/lamarseillaise\/news\/wp-json\/wp\/v2\/tags?post=36569"},{"taxonomy":"news-destination","embeddable":true,"href":"https:\/\/euapp01.newsmemory.com\/lamarseillaise\/news\/wp-json\/wp\/v2\/news-destination?post=36569"},{"taxonomy":"news-source","embeddable":true,"href":"https:\/\/euapp01.newsmemory.com\/lamarseillaise\/news\/wp-json\/wp\/v2\/news-source?post=36569"},{"taxonomy":"is_homepage","embeddable":true,"href":"https:\/\/euapp01.newsmemory.com\/lamarseillaise\/news\/wp-json\/wp\/v2\/is_homepage?post=36569"},{"taxonomy":"ta_other","embeddable":true,"href":"https:\/\/euapp01.newsmemory.com\/lamarseillaise\/news\/wp-json\/wp\/v2\/ta_other?post=36569"}],"curies":[{"name":"wp","href":"https:\/\/api.w.org\/{rel}","templated":true}]}}