{"id":36566,"date":"2026-07-17T07:11:00","date_gmt":"2026-07-17T05:11:00","guid":{"rendered":"https:\/\/euapp01.newsmemory.com\/lamarseillaise\/news\/?p=36566"},"modified":"2026-07-23T07:33:01","modified_gmt":"2026-07-23T05:33:01","slug":"lheure-de-la-reprise-a-sonne-pour-le-rc-toulon","status":"publish","type":"post","link":"https:\/\/euapp01.newsmemory.com\/lamarseillaise\/news\/2026\/07\/17\/lheure-de-la-reprise-a-sonne-pour-le-rc-toulon\/","title":{"rendered":"L\u2019heure de la reprise a sonn\u00e9 pour le RC Toulon"},"content":{"rendered":"<div class=\"paragraph\">\n<p>Les batteries sont recharg\u00e9es, les ballons gonfl\u00e9s, le mental aussi. Ce jeudi marquait l\u2019heure de la reprise pour le Rugby club toulonnais, apr\u00e8s un mois et demi de vacances. Le moment d\u2019\u00e9crire les premi\u00e8res lignes d\u2019un chapitre 2026\/2027 que les Rouge et Noir esp\u00e8rent meilleur que le pr\u00e9c\u00e9dent, d\u00e9cevant tant en termes de r\u00e9sultats que de contenu, malgr\u00e9 l\u2019\u00e9claircie de la demi-finale de Champions Cup disput\u00e9e face au Leinster.<\/p>\n<p>\u00ab\u00a0<i>Je suis excit\u00e9 et content, on l\u2019est tous. On a envie de faire une grande saison, montrer notre ADN et ce qu\u2019on a envie de faire<\/i>\u00a0\u00bb, lance Pierre Mignoni, le directeur du Rugby du RCT, qui annonce \u00ab\u00a0<i>le top 6 et <a rel=\"noopener noreferrer\" href=\"https:\/\/www.lamarseillaise.fr\/sports\/rugby-montpellier-et-toulon-servis-pour-l-europe-LC20445178\" target=\"_blank\">jouer la Coupe d\u2019Europe \u00e0 fond<\/a><\/i>\u00a0\u00bb comme objectifs. Pour ce faire, il sera \u00e9paul\u00e9, <a rel=\"noopener noreferrer\" href=\"https:\/\/www.lamarseillaise.fr\/sports\/apres-une-saison-decevante-le-rc-toulon-veut-apprendre-de-ses-erreurs-OF20342815\" target=\"_blank\">tel qu\u2019annonc\u00e9 en fin de saison, par un staff renouvel\u00e9<\/a>. Exit Andr\u00e9a Masi, entra\u00eeneur des trois-quarts. C\u2019est Franck Az\u00e9ma, de retour dans la Rade comme entra\u00eeneur principal, qui sera d\u00e9di\u00e9 \u00e0 cet aspect du jeu, et partagera le banc avec son bin\u00f4me de la saison 2022\/2023, en charge de l\u2019organisation g\u00e9n\u00e9rale et du jeu d\u00e9fensif. Un secteur que vient renforcer Alex Codling, qui occupait cette fonction au Munster. Exit \u00e9galement Sergio Parisse, remplac\u00e9 \u00e0 la touche par C\u00e9dric B\u00e9al. Promu en \u00e9quipe premi\u00e8re l\u2019an dernier, le responsable du centre de formation garde ses attributions tout en devenant officiellement intervenant sur la touche et le jeu d\u2019avants. Enfin, Maxime Petitjean (assistant jeu au pied et manipulation), Richie Gray (consultant attitude aux contacts) et Mathieu Bastaraud (team manager) restent en place.<\/p>\n<\/p><\/div>\n<div class=\"intext\"> Concurrence au centre\n              <\/div>\n<div class=\"paragraph\">\n<p>L\u2019effectif aussi a connu quelques ajustements. Notamment au centre, avec l\u2019arriv\u00e9e des exp\u00e9riment\u00e9s Ga\u00ebl Fickou et Huw Jones, dans un secteur o\u00f9 \u00ab\u00a0<i>on avait besoin de talent et d\u2019exp\u00e9rience<\/i>\u00a0\u00bb, justifie Pierre Mignoni. Avec les pr\u00e9sences de Brex, Sma\u00efli, Cowie, Frisch, Tuicuvu et m\u00eame Sinzelle, qui a prolong\u00e9 d\u2019une saison et \u00ab\u00a0<i>donnera un coup de main sur le programme RCT Passion, pour pr\u00e9parer la suite<\/i>\u00a0\u00bb, il y aura \u00ab\u00a0<i>de la concurrence, et je veux qu\u2019elle nous pousse \u00e0 tout donner, surtout \u00e0 l\u2019ext\u00e9rieur<\/i><i>\u00a0<\/i>\u00bb, ambitionne le directeur du rugby du RCT.<\/p>\n<p>Pour le reste, un m\u00e9lange entre l\u2019exp\u00e9rience de Rabah Slimani, la polyvalence de Judica\u00ebl Cancoriet, la vitesse de l\u2019ailier fidjien Apete Narogo, et la jeunesse (lire ci-dessous) des fr\u00e8res Luka et Tana Keletaona, du 2<sup>e<\/sup>\u00a0ligne Argentin Luciano Asevedo et de Junior Kpoku, transf\u00e9r\u00e9 d\u00e9finitivement du Racing 92. Pas de joker en vue malgr\u00e9 les longues indisponibilit\u00e9s (Villi\u00e8re, Dr\u00e9an, Priso, Halagahu, Domon).<\/p>\n<p>Si une large partie du groupe a repris, d\u2019autres \u00e9l\u00e9ments se font encore attendre\u00a0: les internationaux (White, Brex, Lucchesi, Garbisi) ne reprendront que le 16\u00a0ao\u00fbt, au moment du stage \u00e0 Serre Chevalier, au m\u00eame titre que Ribbans et Cowie, qui seront r\u00e9int\u00e9gr\u00e9s \u00e0 l\u2019entra\u00eenement collectif \u00e0 ce moment-l\u00e0. Fickou, demi-finaliste du Top 14 avec le Racing, reprendra le 27\u00a0juillet. Un seul match amical est pr\u00e9vu, le 28\u00a0ao\u00fbt, \u00e0 Issoire, face \u00e0 Clermont, avant de retrouver le championnat le 5\u00a0septembre sur le terrain de Bayonne.<\/p>\n<\/p><\/div>\n<div class=\"paragraph\">\n<p><b>La jeunesse au c\u0153ur du projet<\/b><\/p>\n<p>Cette ann\u00e9e encore, Pierre Mignoni insistera sur le lien entre le centre de formation et l\u2019\u00e9quipe premi\u00e8re, \u00e0 travers la \u00ab <i>cellule rouge <\/i>\u00bb, compos\u00e9e de joueurs int\u00e9gr\u00e9s au groupe pro ou proches de l\u2019\u00eatre et la \u00ab <i>cellule rouge minots <\/i>\u00bb pour les plus jeunes, qui \u00ab <i>s\u2019entra\u00eeneront parfois avec les pros<\/i> \u00bb, pr\u00e9cise l\u2019homme fort du RCT. \u00ab <i>Le but, c\u2019est d\u2019avoir un certain pourcentage de joueurs form\u00e9s au club en \u00e9quipe une l\u2019an prochain<\/i> \u00bb, ajoute-t-il.<\/p>\n<p>Outre la formation, le recrutement a \u00e9galement permis de signer de jeunes joueurs internationaux comme Luka et Tana Keletaona (France U20), Junior Kpoku (Angleterre U20) et l\u2019impressionnant 2e ligne argentin Santiago Asevedo (2,03m, 125 kg), 22 ans, d\u00e9j\u00e0 appel\u00e9 dans le groupe des Pumas sans jamais entrer en jeu. Ad.B.<\/p>\n<\/p><\/div>\n","protected":false},"excerpt":{"rendered":"Les batteries sont recharg&eacute;es, les ballons gonfl&eacute;s, le mental aussi. Ce jeudi marquait l&rsquo;heure de la reprise pour le Rugby club toulonnais, apr&egrave;s un mois et demi de vacances. Le moment d&rsquo;&eacute;crire les &#8230;","protected":false},"author":1,"featured_media":36567,"comment_status":"open","ping_status":"open","sticky":false,"template":"","format":"standard","meta":{"footnotes":""},"categories":[3926,3925,4069,7],"tags":[1636,1228,505,1196,5298,909,38,907,906,904,905,597,31],"news-destination":[3944],"news-source":[475],"is_homepage":[],"ta_other":[],"class_list":["post-36566","post","type-post","status-publish","format-standard","has-post-thumbnail","hentry","category-accueil-merge","category-accueil-third","category-sport","category-sports","tag-adn","tag-champions-cup","tag-formation","tag-joueurs","tag-match-amical","tag-pierre-mignoni","tag-programme","tag-rc-toulon","tag-rct","tag-rugby","tag-top-14","tag-toulon","tag-var","news-destination-homepage","news-source-website"],"_links":{"self":[{"href":"https:\/\/euapp01.newsmemory.com\/lamarseillaise\/news\/wp-json\/wp\/v2\/posts\/36566","targetHints":{"allow":["GET"]}}],"collection":[{"href":"https:\/\/euapp01.newsmemory.com\/lamarseillaise\/news\/wp-json\/wp\/v2\/posts"}],"about":[{"href":"https:\/\/euapp01.newsmemory.com\/lamarseillaise\/news\/wp-json\/wp\/v2\/types\/post"}],"author":[{"embeddable":true,"href":"https:\/\/euapp01.newsmemory.com\/lamarseillaise\/news\/wp-json\/wp\/v2\/users\/1"}],"replies":[{"embeddable":true,"href":"https:\/\/euapp01.newsmemory.com\/lamarseillaise\/news\/wp-json\/wp\/v2\/comments?post=36566"}],"version-history":[{"count":1,"href":"https:\/\/euapp01.newsmemory.com\/lamarseillaise\/news\/wp-json\/wp\/v2\/posts\/36566\/revisions"}],"predecessor-version":[{"id":36568,"href":"https:\/\/euapp01.newsmemory.com\/lamarseillaise\/news\/wp-json\/wp\/v2\/posts\/36566\/revisions\/36568"}],"wp:featuredmedia":[{"embeddable":true,"href":"https:\/\/euapp01.newsmemory.com\/lamarseillaise\/news\/wp-json\/wp\/v2\/media\/36567"}],"wp:attachment":[{"href":"https:\/\/euapp01.newsmemory.com\/lamarseillaise\/news\/wp-json\/wp\/v2\/media?parent=36566"}],"wp:term":[{"taxonomy":"category","embeddable":true,"href":"https:\/\/euapp01.newsmemory.com\/lamarseillaise\/news\/wp-json\/wp\/v2\/categories?post=36566"},{"taxonomy":"post_tag","embeddable":true,"href":"https:\/\/euapp01.newsmemory.com\/lamarseillaise\/news\/wp-json\/wp\/v2\/tags?post=36566"},{"taxonomy":"news-destination","embeddable":true,"href":"https:\/\/euapp01.newsmemory.com\/lamarseillaise\/news\/wp-json\/wp\/v2\/news-destination?post=36566"},{"taxonomy":"news-source","embeddable":true,"href":"https:\/\/euapp01.newsmemory.com\/lamarseillaise\/news\/wp-json\/wp\/v2\/news-source?post=36566"},{"taxonomy":"is_homepage","embeddable":true,"href":"https:\/\/euapp01.newsmemory.com\/lamarseillaise\/news\/wp-json\/wp\/v2\/is_homepage?post=36566"},{"taxonomy":"ta_other","embeddable":true,"href":"https:\/\/euapp01.newsmemory.com\/lamarseillaise\/news\/wp-json\/wp\/v2\/ta_other?post=36566"}],"curies":[{"name":"wp","href":"https:\/\/api.w.org\/{rel}","templated":true}]}}