{"id":36563,"date":"2026-07-17T07:02:00","date_gmt":"2026-07-17T05:02:00","guid":{"rendered":"https:\/\/euapp01.newsmemory.com\/lamarseillaise\/news\/?p=36563"},"modified":"2026-07-23T07:19:59","modified_gmt":"2026-07-23T05:19:59","slug":"agriculture-les-impacts-en-cascade-des-canicules","status":"publish","type":"post","link":"https:\/\/euapp01.newsmemory.com\/lamarseillaise\/news\/2026\/07\/17\/agriculture-les-impacts-en-cascade-des-canicules\/","title":{"rendered":"Agriculture : les impacts en cascade des canicules dans les Hautes-Alpes"},"content":{"rendered":"<div class=\"paragraph\">\n<p>Q<i>uand je suis arriv\u00e9 et que j\u2019ai vu \u00e7a, j\u2019ai pleur\u00e9.<\/i><i>\u00a0<\/i><i>\u00bb<\/i> Fin juin, Matt\u00e9o Delabre, arboriculteur et \u00e9leveur de poules \u00e0 Barcillonnette, a vu huit lignes de pommiers partir en fum\u00e9e suite \u00e0 des \u00e9tincelles provoqu\u00e9es par un dysfonctionnement d\u2019une moissonneuse-batteuse. <i>\u00ab<\/i><i>\u00a0<\/i><i>Les pompiers sont arriv\u00e9s pile \u00e0 ce moment-l\u00e0, ils ont sauv\u00e9 en priorit\u00e9 les habitations, c\u2019est normal, mais pendant ce temps les vergers ont cram\u00e9<\/i><i>\u00a0<\/i><i>\u00bb,<\/i> raconte-t-il. Pour lui, il est \u00e9vident que la s\u00e9cheresse actuelle a permis aux flammes de rapidement s\u2019\u00e9tendre. \u00ab\u00a0<i>La m\u00eame chose est arriv\u00e9e la semaine d\u2019apr\u00e8s \u00e0 Lardiers. Il n\u2019y a pas eu de gros d\u00e9g\u00e2ts mais on a jamais vu la v\u00e9g\u00e9tation aussi s\u00e8che \u00e0 ce moment de l\u2019ann\u00e9e<\/i><i>\u00a0<\/i><i>\u00bb<\/i>, affirme-t-il. Le dommage n\u2019est pas seulement mat\u00e9riel. \u00ab\u00a0<i>Le probl\u00e8me, c\u2019est d\u00e9j\u00e0 la perte affective, ces vergers ont \u00e9t\u00e9 plant\u00e9s quand mes parents se sont install\u00e9s, et ces haies, \u00e7a me fait mal au c\u0153ur, elles ont mis des d\u00e9cennies \u00e0 se former, <\/i>d\u00e9plore-t-il. <i>Ensuite c\u2019est tout le travail, il faut qu\u2019on coupe, qu\u2019on d\u00e9-souche, on pourra pas replanter du pommier \u00e0 cet endroit. C\u2019est un gros chantier dont on n\u2019avait pas forc\u00e9ment besoin.<\/i><i>\u00a0<\/i><i>\u00bb<\/i><\/p>\n<p>Si la s\u00e9cheresse appara\u00eet comme la cons\u00e9quence \u00e9vidente des \u00e9pisodes de chaleur, les impacts sont multiples. Le 21\u00a0juin, Chantal Bonetti, mara\u00eech\u00e8re \u00e0 Embrun, a, elle, perdu une quinzaine d\u2019animaux noy\u00e9s et des dizaines de m\u00b2 de cultures endommag\u00e9es par des inondations soudaines. Pour elle, le probl\u00e8me n\u2019est pas la s\u00e9cheresse, mais l\u2019apparition d\u2019orages, favoris\u00e9s par les canicules, qui entra\u00eenent des intemp\u00e9ries intenses. <i>\u00ab<\/i><i>\u00a0<\/i><i>On ne peut pas imaginer le stress que c\u2019est, il y a des orages tous les huit ou dix jours et chaque fois on se demande si \u00e7a va d\u00e9border,<\/i> rapporte Chantal. <i>Quand tout d\u00e9borde, alors il faut<\/i> <i>vite nettoyer, laver toute la gadoue. Pendant ce temps, je n\u2019ai pas fait le d\u00e9sherbage de mes cultures. On prend du retard, \u00e7a nous rajoute un travail de fou.<\/i><i>\u00a0<\/i><i>\u00bb<\/i><\/p>\n<p><i><\/i><\/p>\n<\/p><\/div>\n<div class=\"intext\"> Des infrastructures inadapt\u00e9es\n              <\/div>\n<div class=\"paragraph\">\n<p>Pour elle, ces inondations viennent aussi d\u2019une buse d\u2019\u00e9vacuation des eaux, trop \u00e9troite, qui d\u00e9borde syst\u00e9matiquement lorsque les pluies font gonfler le torrent de Charance, \u00e0 quelques centaines de m\u00e8tres de sa ferme. Ces \u00e9pisodes, au-del\u00e0 des d\u00e9g\u00e2ts imm\u00e9diats, posent la question de l\u2019adaptation des pratiques et des infrastructures.<\/p>\n<p><i>\u00ab<\/i><i>\u00a0<\/i><i>La gestion collective de l\u2019eau, c\u2019estun \u00e9norme sujet,<\/i> questionne Matt\u00e9o Delabre<i>. Les derni\u00e8res s\u00e9cheresses qu\u2019on a v\u00e9cues ne sont pas dues qu\u2019au r\u00e9chauffement climatique en lui-m\u00eame mais \u00e0 l\u2019ass\u00e8chement syst\u00e9matique de toutes les zones humides, de toutes les terres agricoles. Pendant des si\u00e8cles, on a drain\u00e9 tous les sols, ass\u00e9ch\u00e9es toutes les mares pour que l\u2019eau coule le plus vite et le plus directement possible vers la mer. Aujourd\u2019hui, on se rend compte des r\u00e9percussions, l\u2019eau s\u2019infiltre et elle file, elle ne reste pas.<\/i><i>\u00a0<\/i><i>\u00bb <\/i>En d\u00e9pit d\u2019actions politiques qu\u2019il juge insuffisantes, \u00e0 son \u00e9chelle, il a install\u00e9 des mares autour de son exploitation et reforest\u00e9 les berges de la rivi\u00e8re voisine.<i> \u00ab<\/i><i>\u00a0<\/i><i>J\u2019aime dire qu\u2019on am\u00e9liore la &#8220;robustesse&#8221;de nos cultures,<\/i> souligne-t-il. <i>Aujourd\u2019hui on parle beaucoup de r\u00e9silience, c\u2019est le mot \u00e0 mettre pour avoir des subventions, mais la r\u00e9silience \u00e7a veut dire revenir au m\u00eame stade apr\u00e8s avoir encaiss\u00e9 un choc. La robustesse \u00e7a veut dire \u00e9voluer pour rester solide.<\/i><i>\u00a0<\/i><i>\u00bb<\/i><\/p>\n<\/p><\/div>\n<div class=\"paragraph\">\n<p><b>Orages et intemp\u00e9ries, l\u2019autre cons\u00e9quence de la canicule<\/b><\/p>\n<p>La succession d\u2019orages depuis plusieurs jours est aussi li\u00e9e aux fortes chaleurs, explique Nicolas Roux, responsable du Centre m\u00e9t\u00e9orologique des Alpes du Sud : \u00ab<i> Lorsqu\u2019on a une masse d\u2019air tr\u00e8s chaud en basse couche, qui se r\u00e9chauffe \u00e0 mesure que la canicule se poursuit, des changements de masse d\u2019air conduisent g\u00e9n\u00e9ralement \u00e0 des situations orageuses, qui requi\u00e8rent de l\u2019air chaud et humide. En fin de canicule, les orages font aussi diminuer les temp\u00e9ratures. Quelque part, ils annoncent la fin de la canicule tout en y mettant fin. \u00bb <\/i><\/p>\n<\/p><\/div>\n","protected":false},"excerpt":{"rendered":"&laquo; Quand je suis arriv&eacute; et que j&rsquo;ai vu &ccedil;a, j&rsquo;ai pleur&eacute;.&nbsp;&raquo; Fin juin, Matt&eacute;o Delabre, arboriculteur et &eacute;leveur de poules &agrave; Barcillonnette, a vu huit lignes de pommiers partir en &#8230;","protected":false},"author":1,"featured_media":36564,"comment_status":"open","ping_status":"open","sticky":false,"template":"","format":"standard","meta":{"footnotes":""},"categories":[3926,3925,338,333,20],"tags":[447,4768,372,417,1477,1550,1343,1202,2085,457,419,1397],"news-destination":[3944],"news-source":[475],"is_homepage":[],"ta_other":[],"class_list":["post-36563","post","type-post","status-publish","format-standard","has-post-thumbnail","hentry","category-accueil-merge","category-accueil-third","category-economie","category-environnement","category-societe","tag-agriculture","tag-alpes","tag-canicule","tag-climat","tag-confederation-paysanne","tag-dereglement-climatique","tag-intemperies","tag-meteo","tag-orages","tag-paysans","tag-rechauffement-climatique","tag-secheresse","news-destination-homepage","news-source-website"],"_links":{"self":[{"href":"https:\/\/euapp01.newsmemory.com\/lamarseillaise\/news\/wp-json\/wp\/v2\/posts\/36563","targetHints":{"allow":["GET"]}}],"collection":[{"href":"https:\/\/euapp01.newsmemory.com\/lamarseillaise\/news\/wp-json\/wp\/v2\/posts"}],"about":[{"href":"https:\/\/euapp01.newsmemory.com\/lamarseillaise\/news\/wp-json\/wp\/v2\/types\/post"}],"author":[{"embeddable":true,"href":"https:\/\/euapp01.newsmemory.com\/lamarseillaise\/news\/wp-json\/wp\/v2\/users\/1"}],"replies":[{"embeddable":true,"href":"https:\/\/euapp01.newsmemory.com\/lamarseillaise\/news\/wp-json\/wp\/v2\/comments?post=36563"}],"version-history":[{"count":4,"href":"https:\/\/euapp01.newsmemory.com\/lamarseillaise\/news\/wp-json\/wp\/v2\/posts\/36563\/revisions"}],"predecessor-version":[{"id":37161,"href":"https:\/\/euapp01.newsmemory.com\/lamarseillaise\/news\/wp-json\/wp\/v2\/posts\/36563\/revisions\/37161"}],"wp:featuredmedia":[{"embeddable":true,"href":"https:\/\/euapp01.newsmemory.com\/lamarseillaise\/news\/wp-json\/wp\/v2\/media\/36564"}],"wp:attachment":[{"href":"https:\/\/euapp01.newsmemory.com\/lamarseillaise\/news\/wp-json\/wp\/v2\/media?parent=36563"}],"wp:term":[{"taxonomy":"category","embeddable":true,"href":"https:\/\/euapp01.newsmemory.com\/lamarseillaise\/news\/wp-json\/wp\/v2\/categories?post=36563"},{"taxonomy":"post_tag","embeddable":true,"href":"https:\/\/euapp01.newsmemory.com\/lamarseillaise\/news\/wp-json\/wp\/v2\/tags?post=36563"},{"taxonomy":"news-destination","embeddable":true,"href":"https:\/\/euapp01.newsmemory.com\/lamarseillaise\/news\/wp-json\/wp\/v2\/news-destination?post=36563"},{"taxonomy":"news-source","embeddable":true,"href":"https:\/\/euapp01.newsmemory.com\/lamarseillaise\/news\/wp-json\/wp\/v2\/news-source?post=36563"},{"taxonomy":"is_homepage","embeddable":true,"href":"https:\/\/euapp01.newsmemory.com\/lamarseillaise\/news\/wp-json\/wp\/v2\/is_homepage?post=36563"},{"taxonomy":"ta_other","embeddable":true,"href":"https:\/\/euapp01.newsmemory.com\/lamarseillaise\/news\/wp-json\/wp\/v2\/ta_other?post=36563"}],"curies":[{"name":"wp","href":"https:\/\/api.w.org\/{rel}","templated":true}]}}