{"id":36560,"date":"2026-07-17T06:42:00","date_gmt":"2026-07-17T04:42:00","guid":{"rendered":"https:\/\/euapp01.newsmemory.com\/lamarseillaise\/news\/?p=36560"},"modified":"2026-07-23T07:04:19","modified_gmt":"2026-07-23T05:04:19","slug":"la-cgt-veut-une-riposte-culturelle-face-au-rn","status":"publish","type":"post","link":"https:\/\/euapp01.newsmemory.com\/lamarseillaise\/news\/2026\/07\/17\/la-cgt-veut-une-riposte-culturelle-face-au-rn\/","title":{"rendered":"La CGT veut une riposte culturelle face au RN"},"content":{"rendered":"<div class=\"paragraph\">\n<p>Des \u00c9tats g\u00e9n\u00e9raux face \u00e0 un \u00c9tat toujours moins g\u00e9n\u00e9reux. Un an apr\u00e8s l\u2019appel lanc\u00e9 par le PCF \u00e0 la tenue de nouveaux \u00c9tats g\u00e9n\u00e9raux de la culture, le sujet \u00e9tait, ce jeudi matin, au c\u0153ur d\u2019\u00e9changes en plein festival d\u2019Avignon. Avant une table ronde de repr\u00e9sentants politiques de gauche sur le dossier, Sophie Binet, secr\u00e9taire g\u00e9n\u00e9rale de la CGT, est mont\u00e9e sur sc\u00e8ne au c\u00f4t\u00e9 de Tiago Rodrigues, directeur du festival d\u2019Avignon. Pour rappel, en toile de fond de cette 80<sup>e<\/sup>\u00a0\u00e9dition, <a rel=\"noopener noreferrer\" href=\"https:\/\/www.lamarseillaise.fr\/social\/a-avignon-le-monde-culturel-maintient-la-pression-sur-le-gouvernement-HP20493040\" target=\"_blank\">les acteurs du spectacle vivant multiplient les alertes et mobilisations face au gel des dotations d\u00e9cr\u00e9t\u00e9 par le gouvernement<\/a>, laissant de nombreuses structures dans la panade. Une grande manifestation nationale est dans les tuyaux le 26\u00a0septembre.<\/p>\n<p>\u00ab\u00a0<i>Il y a beaucoup de travail pour relancer l\u2019id\u00e9e d\u2019une culture populaire de qualit\u00e9 qui est aujourd\u2019hui consid\u00e9r\u00e9e au rabais car de masse<\/i>\u00a0\u00bb, pose Sophie Binet en faisant \u00e9cho au fait que l\u2019ADN du festival est \u00e9troitement li\u00e9 \u00e0 l\u2019av\u00e8nement des cong\u00e9s pay\u00e9s et l\u2019id\u00e9e de proposer des spectacles accessibles \u00e0 tous. \u00c0 ses c\u00f4t\u00e9s, Tiago Rodrigues d\u00e9fend sa \u00ab<i>\u00a0<\/i><i>mission de service public avec un acc\u00e8s \u00e0 la cr\u00e9ation<\/i><i>\u00a0<\/i>\u00bb. Portugais, le directeur du festival ne cesse de vanter le mod\u00e8le culturel fran\u00e7ais, si envi\u00e9 \u00e0 l\u2019international. \u00ab\u00a0<i>Quand j\u2019\u00e9tais directeur du th\u00e9\u00e2tre national de Lisbonne, j\u2019ai r\u00e9ussi \u00e0 faire passer la cr\u00e9ation d\u2019un statut d\u2019intermittent du spectacle au Portugal calqu\u00e9 sur celui qui existe en France<\/i>\u00a0\u00bb, rappelle-t-il.<\/p>\n<\/p><\/div>\n<div class=\"intext\"> Face au fascisme,<br \/>\n               <br \/>\u00ab\u00a0il faut faire rempart\u00a0\u00bb\n              <\/div>\n<div class=\"paragraph\">\n<p>Or, \u00ab\u00a0<i>les m\u00e2choires des politiques d\u2019aust\u00e9rit\u00e9<\/i><i>\u00a0<\/i>\u00bb sont l\u00e0 \u00ab\u00a0<i>avec des coupes budg\u00e9taires en cours d\u2019ann\u00e9e<\/i>\u00a0\u00bb, d\u00e9nonce Sophie Binet. En parall\u00e8le, s\u2019ajoutent \u00ab<i>\u00a0<\/i><i>le projet id\u00e9ologique de l\u2019extr\u00eame droite qui investit dans la culture<\/i><i>\u00a0<\/i>\u00bb et \u00ab\u00a0<i>les attaques contre la libert\u00e9 de cr\u00e9ation avec des discours populistes comme quoi la culture d\u00e9fendrait son petit entre soi bobo<\/i>\u00a0\u00bb, alerte la dirigeante syndicale. Tiago Rodrigues se fait offensif. \u00ab\u00a0<i>On cr\u00e9e une atmosph\u00e8re pour qu\u2019un directeur ne pratique plus son droit \u00e0 la libert\u00e9 de cr\u00e9ation qui est inscrite dans la loi, il n\u2019y a pas de neutralit\u00e9, on est un festival progressiste, f\u00e9ministe, antiraciste&#8230; mais avec les baisses de subventions et les injonctions id\u00e9ologiques, on pr\u00e9pare le terrain au fascisme, il faut faire rempart<\/i><i>\u00a0<\/i>\u00bb, monte-t-il au cr\u00e9neau, tr\u00e8s applaudi.<\/p>\n<p>\u00ab\u00a0<i>Le plus grand danger est l\u2019autocensure silencieuse, il y a besoin de jouer collectif<\/i><i>\u00a0<\/i>\u00bb, exhorte Sophie Binet. Mani\u00e8re de s\u2019adresser aux repr\u00e9sentants politiques de gauche qui ont pris la suite sur sc\u00e8ne de ne pas (trop) se d\u00e9sunir car \u00ab<i>\u00a0<\/i><i>m\u00eame si l\u2019extr\u00eame droite ne gagne pas, elle sera la premi\u00e8re force d\u2019opposition<\/i><i>\u00a0<\/i>\u00bb. Une fa\u00e7on de faire passer le message aux repr\u00e9sentants de gauche pr\u00e9sents dans l\u2019assistance de ne pas partir (trop) d\u00e9suni \u00e0 la pr\u00e9sidentielle. Et \u00e0 entendre Pierre Dharr\u00e9ville (PCF), Emma Rafowicz (PS), Sophie Taill\u00e9-Polian (Debout), Cl\u00e9mentine Autain (L\u2019Apr\u00e8s), Sarah Legrain (LFI) et m\u00eame Rapha\u00ebl Glucksmann (Place publique), crois\u00e9 \u00e0 l\u2019ext\u00e9rieur du d\u00e9bat, on s\u2019aper\u00e7oit que la culture est un d\u00e9nominateur commun \u00e0 gauche avec un m\u00eame constat partag\u00e9 et des r\u00e9ponses tr\u00e8s partag\u00e9es. \u00ab<i>\u00a0<\/i><i>Dans nos aspirations \u00e0 faire face au danger de l\u2019extr\u00eame droite, il y a peu de domaines dans lesquels les discussions que nous avons se d\u00e9roulent avec ce type d\u2019initiatives communes<\/i><i>\u00a0<\/i>\u00bb, appr\u00e9cie l\u2019ex-d\u00e9put\u00e9 PCF Pierre Dharr\u00e9ville, un des instigateurs de ces \u00c9tats g\u00e9n\u00e9raux. Et d\u2019appeler \u00e0 \u00ab\u00a0<i>ne pas regardez ailleurs, \u00e7a br\u00fble ici<\/i>\u00a0\u00bb.<\/p>\n<\/p><\/div>\n","protected":false},"excerpt":{"rendered":"Des &Eacute;tats g&eacute;n&eacute;raux face &agrave; un &Eacute;tat toujours moins g&eacute;n&eacute;reux. Un an apr&egrave;s l&rsquo;appel lanc&eacute; par le PCF &agrave; la tenue de nouveaux &Eacute;tats g&eacute;n&eacute;raux de la culture, le &#8230;","protected":false},"author":1,"featured_media":36561,"comment_status":"open","ping_status":"open","sticky":false,"template":"","format":"standard","meta":{"footnotes":""},"categories":[3926,3925,32,330,331],"tags":[495,174,113,441,329,540,250,2750,1557,5255,171],"news-destination":[3944],"news-source":[475],"is_homepage":[],"ta_other":[],"class_list":["post-36560","post","type-post","status-publish","format-standard","has-post-thumbnail","hentry","category-accueil-merge","category-accueil-third","category-culture","category-politique","category-social","tag-495","tag-avignon","tag-cgt","tag-extreme-droite","tag-festival","tag-gauche","tag-pcf","tag-pierre-dharreville","tag-sophie-binet","tag-tiago-rodrigues","tag-vaucluse","news-destination-homepage","news-source-website"],"_links":{"self":[{"href":"https:\/\/euapp01.newsmemory.com\/lamarseillaise\/news\/wp-json\/wp\/v2\/posts\/36560","targetHints":{"allow":["GET"]}}],"collection":[{"href":"https:\/\/euapp01.newsmemory.com\/lamarseillaise\/news\/wp-json\/wp\/v2\/posts"}],"about":[{"href":"https:\/\/euapp01.newsmemory.com\/lamarseillaise\/news\/wp-json\/wp\/v2\/types\/post"}],"author":[{"embeddable":true,"href":"https:\/\/euapp01.newsmemory.com\/lamarseillaise\/news\/wp-json\/wp\/v2\/users\/1"}],"replies":[{"embeddable":true,"href":"https:\/\/euapp01.newsmemory.com\/lamarseillaise\/news\/wp-json\/wp\/v2\/comments?post=36560"}],"version-history":[{"count":1,"href":"https:\/\/euapp01.newsmemory.com\/lamarseillaise\/news\/wp-json\/wp\/v2\/posts\/36560\/revisions"}],"predecessor-version":[{"id":36562,"href":"https:\/\/euapp01.newsmemory.com\/lamarseillaise\/news\/wp-json\/wp\/v2\/posts\/36560\/revisions\/36562"}],"wp:featuredmedia":[{"embeddable":true,"href":"https:\/\/euapp01.newsmemory.com\/lamarseillaise\/news\/wp-json\/wp\/v2\/media\/36561"}],"wp:attachment":[{"href":"https:\/\/euapp01.newsmemory.com\/lamarseillaise\/news\/wp-json\/wp\/v2\/media?parent=36560"}],"wp:term":[{"taxonomy":"category","embeddable":true,"href":"https:\/\/euapp01.newsmemory.com\/lamarseillaise\/news\/wp-json\/wp\/v2\/categories?post=36560"},{"taxonomy":"post_tag","embeddable":true,"href":"https:\/\/euapp01.newsmemory.com\/lamarseillaise\/news\/wp-json\/wp\/v2\/tags?post=36560"},{"taxonomy":"news-destination","embeddable":true,"href":"https:\/\/euapp01.newsmemory.com\/lamarseillaise\/news\/wp-json\/wp\/v2\/news-destination?post=36560"},{"taxonomy":"news-source","embeddable":true,"href":"https:\/\/euapp01.newsmemory.com\/lamarseillaise\/news\/wp-json\/wp\/v2\/news-source?post=36560"},{"taxonomy":"is_homepage","embeddable":true,"href":"https:\/\/euapp01.newsmemory.com\/lamarseillaise\/news\/wp-json\/wp\/v2\/is_homepage?post=36560"},{"taxonomy":"ta_other","embeddable":true,"href":"https:\/\/euapp01.newsmemory.com\/lamarseillaise\/news\/wp-json\/wp\/v2\/ta_other?post=36560"}],"curies":[{"name":"wp","href":"https:\/\/api.w.org\/{rel}","templated":true}]}}