{"id":36555,"date":"2026-07-17T06:31:00","date_gmt":"2026-07-17T04:31:00","guid":{"rendered":"https:\/\/euapp01.newsmemory.com\/lamarseillaise\/news\/?p=36555"},"modified":"2026-07-17T10:11:56","modified_gmt":"2026-07-17T08:11:56","slug":"briser-lemprise","status":"publish","type":"post","link":"https:\/\/euapp01.newsmemory.com\/lamarseillaise\/news\/2026\/07\/17\/briser-lemprise\/","title":{"rendered":"Briser l\u2019emprise"},"content":{"rendered":"<div class=\"paragraph\">\n<p>Les violences faites aux femmes ne commencent pas avec un coup et ne s\u2019arr\u00eatent pas avec une plainte. Elles s\u2019inscrivent dans des rapports d\u2019emprise, de peur et d\u2019isolement dont il est tr\u00e8s difficile de sortir. C\u2019est tout l\u2019int\u00e9r\u00eat du travail men\u00e9 par l\u2019association Une Voix pour Elles, qui aide concr\u00e8tement les victimes \u00e0 d\u00e9m\u00e9nager, \u00e0 r\u00e9cup\u00e9rer leurs affaires et \u00e0 franchir l\u2019une des \u00e9tapes les plus d\u00e9licates de leur reconstruction.<\/p>\n<p>Cette r\u00e9alit\u00e9 doit nous interpeller d\u2019autant plus que les violences continuent de progresser. En France, les violences intrafamiliales enregistr\u00e9es ont augment\u00e9 de 6% en 2025, tandis que les violences sexuelles ont progress\u00e9 de 8%, selon les donn\u00e9es du minist\u00e8re de l\u2019Int\u00e9rieur. Derri\u00e8re ces chiffres, ce sont des milliers de vies boulevers\u00e9es et des services d\u2019accompagnement qui restent soumis \u00e0 une forte pression.<\/p>\n<p><b>La solidarit\u00e9 en premi\u00e8re ligne<\/b><\/p>\n<p>L\u2019autre enseignement est port\u00e9 par l\u2019ONG Care France, qui rappelle qu\u2019\u00e0 chaque degr\u00e9 suppl\u00e9mentaire de temp\u00e9rature, les violences visant les femmes augmentent dans de nombreux contextes<br \/>\u00e0 travers le monde. Sa campagne de sensibilisation montre que la crise climatique n\u2019est pas qu\u2019un d\u00e9fi environnemental\u00a0: elle peut aussi aggraver les in\u00e9galit\u00e9s et les violences d\u00e9j\u00e0 existantes. Lorsque les tensions sociales, \u00e9conomiques ou familiales s\u2019intensifient, les femmes figurent trop souvent parmi les premi\u00e8res victimes.<\/p>\n<p>Il faut cesser de consid\u00e9rer les associations comme un simple compl\u00e9ment de l\u2019action publique. Elles sont un maillon essentiel de la protection des victimes. Qu\u2019il s\u2019agisse d\u2019une ligne d\u2019\u00e9coute, d\u2019un h\u00e9bergement d\u2019urgence ou d\u2019un d\u00e9m\u00e9nagement s\u00e9curis\u00e9, chaque dispositif compte.<\/p>\n<\/p><\/div>\n","protected":false},"excerpt":{"rendered":"Les violences faites aux femmes ne commencent pas avec un coup et ne s&rsquo;arr&ecirc;tent pas avec une plainte. Elles s&rsquo;inscrivent dans des rapports d&rsquo;emprise, de peur et d&rsquo;isolement dont il est tr&egrave;s difficile de sortir. &#8230;","protected":false},"author":1,"featured_media":36556,"comment_status":"open","ping_status":"open","sticky":false,"template":"","format":"standard","meta":{"footnotes":""},"categories":[332],"tags":[964,138,372,373,1372,572,222,260,393,1941,2787],"news-destination":[],"news-source":[475],"is_homepage":[],"ta_other":[],"class_list":["post-36555","post","type-post","status-publish","format-standard","has-post-thumbnail","hentry","category-edito","tag-accompagnement","tag-associations","tag-canicule","tag-chaleur","tag-editoriaux","tag-france","tag-region-sud-paca","tag-solidarite","tag-soutien","tag-victimes","tag-violences-faites-aux-femmes","news-source-website"],"_links":{"self":[{"href":"https:\/\/euapp01.newsmemory.com\/lamarseillaise\/news\/wp-json\/wp\/v2\/posts\/36555","targetHints":{"allow":["GET"]}}],"collection":[{"href":"https:\/\/euapp01.newsmemory.com\/lamarseillaise\/news\/wp-json\/wp\/v2\/posts"}],"about":[{"href":"https:\/\/euapp01.newsmemory.com\/lamarseillaise\/news\/wp-json\/wp\/v2\/types\/post"}],"author":[{"embeddable":true,"href":"https:\/\/euapp01.newsmemory.com\/lamarseillaise\/news\/wp-json\/wp\/v2\/users\/1"}],"replies":[{"embeddable":true,"href":"https:\/\/euapp01.newsmemory.com\/lamarseillaise\/news\/wp-json\/wp\/v2\/comments?post=36555"}],"version-history":[{"count":1,"href":"https:\/\/euapp01.newsmemory.com\/lamarseillaise\/news\/wp-json\/wp\/v2\/posts\/36555\/revisions"}],"predecessor-version":[{"id":36557,"href":"https:\/\/euapp01.newsmemory.com\/lamarseillaise\/news\/wp-json\/wp\/v2\/posts\/36555\/revisions\/36557"}],"wp:featuredmedia":[{"embeddable":true,"href":"https:\/\/euapp01.newsmemory.com\/lamarseillaise\/news\/wp-json\/wp\/v2\/media\/36556"}],"wp:attachment":[{"href":"https:\/\/euapp01.newsmemory.com\/lamarseillaise\/news\/wp-json\/wp\/v2\/media?parent=36555"}],"wp:term":[{"taxonomy":"category","embeddable":true,"href":"https:\/\/euapp01.newsmemory.com\/lamarseillaise\/news\/wp-json\/wp\/v2\/categories?post=36555"},{"taxonomy":"post_tag","embeddable":true,"href":"https:\/\/euapp01.newsmemory.com\/lamarseillaise\/news\/wp-json\/wp\/v2\/tags?post=36555"},{"taxonomy":"news-destination","embeddable":true,"href":"https:\/\/euapp01.newsmemory.com\/lamarseillaise\/news\/wp-json\/wp\/v2\/news-destination?post=36555"},{"taxonomy":"news-source","embeddable":true,"href":"https:\/\/euapp01.newsmemory.com\/lamarseillaise\/news\/wp-json\/wp\/v2\/news-source?post=36555"},{"taxonomy":"is_homepage","embeddable":true,"href":"https:\/\/euapp01.newsmemory.com\/lamarseillaise\/news\/wp-json\/wp\/v2\/is_homepage?post=36555"},{"taxonomy":"ta_other","embeddable":true,"href":"https:\/\/euapp01.newsmemory.com\/lamarseillaise\/news\/wp-json\/wp\/v2\/ta_other?post=36555"}],"curies":[{"name":"wp","href":"https:\/\/api.w.org\/{rel}","templated":true}]}}