{"id":36549,"date":"2026-07-16T21:05:00","date_gmt":"2026-07-16T19:05:00","guid":{"rendered":"https:\/\/euapp01.newsmemory.com\/lamarseillaise\/news\/?p=36549"},"modified":"2026-07-22T12:36:18","modified_gmt":"2026-07-22T10:36:18","slug":"ciel-charge-pour-lentree-en-campagne-de-renaud-muselier","status":"publish","type":"post","link":"https:\/\/euapp01.newsmemory.com\/lamarseillaise\/news\/2026\/07\/16\/ciel-charge-pour-lentree-en-campagne-de-renaud-muselier\/","title":{"rendered":"Ciel charg\u00e9 pour l\u2019entr\u00e9e en campagne de Renaud Muselier"},"content":{"rendered":"<div class=\"paragraph\">\n<p>On a connu lancement de campagne plus serein. Jeudi, Renaud Muselier, pr\u00e9sident (Ren) de la R\u00e9gion Sud, pr\u00e9sentait les quatre premiers de sa liste baptis\u00e9e \u00ab<i>\u00a0<\/i>En Provence, l\u2019exp\u00e9rience qui rassemble\u00a0\u00bb pour les s\u00e9natoriales du 27\u00a0septembre. <span class=\"mln_uppercase_mln\">\u00e0<\/span> ses c\u00f4t\u00e9s, la s\u00e9natrice (UDI) sortante, Brigitte Devesa, la maire (LR) d\u2019Auriol, V\u00e9ronique Miquelly, et le maire (LR) de Graveson, Michel P\u00e9cout.<\/p>\n<\/p><\/div>\n<div class=\"intext\"> Val\u00e9rie Boyer \u00ab\u00a0s\u2019isole\u00a0\u00bb\n              <\/div>\n<div class=\"paragraph\">\n<p>Pas de Val\u00e9rie Boyer sur la photo de famille, en revanche. Annonc\u00e9 partante, la s\u00e9natrice LR sortante de Marseille a finalement annonc\u00e9, une heure plus t\u00f4t, qu\u2019elle irait en solitaire. \u00ab\u00a0<i>Elle \u00e9tait quatre, elle est pass\u00e9e trois, elle voulait \u00eatre en t\u00eate de liste<\/i> (&#8230;). <i>Elle s\u2019isole, nous, on additionne<\/i><i>\u00a0<\/i>\u00bb, glisse Renaud Muselier, qui laisse la premi\u00e8re place \u00e0 Brigitte Devesa.<\/p>\n<p>\u00ab\u00a0<i>Moi, je recherche l\u2019\u00e9quilibre<\/i><i>\u00a0<\/i>\u00bb, insiste le macroniste qui se d\u00e9peint volontiers en rassembleur, relevant que sa liste a le soutien de G\u00e9rard Larcher, pr\u00e9sident (LR) du S\u00e9nat, et des majorit\u00e9s r\u00e9gionale, d\u00e9partementale et m\u00e9tropolitaine. \u00ab\u00a0<i>Nicolas Isnard (LR) et Martine Vassal (DVD) seront les deux copr\u00e9sidents du comit\u00e9 de soutien<\/i><i>\u00a0<\/i>\u00bb, ajoute-t-il pour mieux convaincre.<\/p>\n<p>Mais la candidature de Val\u00e9rie Boyer n\u2019est pas le seul grain de sable dans la machine. La veille, le parquet de Marseille a confirm\u00e9 l\u2019ouverture d\u2019une enqu\u00eate pour prise ill\u00e9gale d\u2019int\u00e9r\u00eat apr\u00e8s un signalement affirmant qu\u2019un des employ\u00e9s de maison du pr\u00e9sident de R\u00e9gion serait salari\u00e9 par une soci\u00e9t\u00e9 attributaire de march\u00e9s publics de sa collectivit\u00e9. Dans la foul\u00e9e, une enqu\u00eate de <i>Mediapart<\/i> r\u00e9v\u00e8le qu\u2019\u00e0 l\u2019initiative des JO d\u2019hiver 2030 dans les Alpes, Renaud Muselier a investi dans une station de l\u2019Utah o\u00f9 se tiendront les JO d\u2019hiver en 2034, et d\u00e9crit \u00ab<i>\u00a0<\/i><i>les contours d\u2019un conflit d\u2019int\u00e9r\u00eats majeur<\/i><i>\u00a0<\/i>\u00bb pour le membre du bureau ex\u00e9cutif du Cojop et copr\u00e9sident de la Solideo.<\/p>\n<\/p><\/div>\n<div class=\"intext\"> \u00ab\u00a0Un fait de campagne\u00a0\u00bb\n              <\/div>\n<div class=\"paragraph\">\n<p>\u00ab\u00a0<i>Je m\u2019en prends deux \u00e0 un moment particulier, c\u2019est un fait de campagne<\/i><i>\u00a0<\/i>\u00bb, a r\u00e9agi Renaud Muselier, indiquant avoir, d\u00e8s la publication de l\u2019article, mandat\u00e9 son avocat pour \u00ab<i>\u00a0<\/i><i>pr\u00e9parer un d\u00e9p\u00f4t de plainte avec constitution de partie civile pour d\u00e9nonciation calomnieuse. Ces affirmations sont fausses et ces accusations sont mensong\u00e8res dans le seul but de me nuire<\/i><i>\u00a0<\/i>\u00bb.<\/p>\n<p>Mettant en avant un tout r\u00e9cent de rapport de l\u2019Agence fran\u00e7aise anticorruption notant que tous les process de sa collectivit\u00e9 sont conformes, il assure, sur un<i> <\/i>\u00ab\u00a0<i>plan juridique pur<\/i>\u00a0\u00bb, n\u2019avoir \u00ab\u00a0<i>jamais si\u00e9g\u00e9 \u00e0 la commission des march\u00e9s, ni sign\u00e9 un march\u00e9 depuis dix ans. Les process sont clairs et je n\u2019ai jamais eu de salari\u00e9 pay\u00e9 directement ou indirectement par la R\u00e9gion<\/i><i>\u00a0<\/i>\u00bb.<\/p>\n<p>Dans un communiqu\u00e9, la R\u00e9gion d\u00e9fend pour sa part \u00ab<i>\u00a0<\/i><i>un fonctionnement conforme \u00e0 la r\u00e9glementation, et rigoureux, des proc\u00e9dures de mise en concurrence<\/i><i>\u00a0<\/i>\u00bb, et indique se r\u00e9server le droit de d\u00e9poser une plainte contre X aupr\u00e8s du procureur.<\/p>\n<p>Dans ce contexte, Renaud Muselier reste, lui, ambitieux. Chiffres \u00e0 l\u2019appui, il esp\u00e8re d\u00e9crocher quatre places fin septembre. \u00ab<i>\u00a0<\/i><i>On est capable d\u2019en rentrer quatre, c\u2019est un match collectif<\/i><i>\u00a0<\/i>\u00bb, mart\u00e8le le pr\u00e9sident, sans doute quand m\u00eame bien conscient que la candidature de Val\u00e9rie Boyer et celle de St\u00e9phane Le Rudulier (LR) pourraient lui co\u00fbter le grand chelem esp\u00e9r\u00e9.<\/p>\n<\/p><\/div>\n","protected":false},"excerpt":{"rendered":"On a connu lancement de campagne plus serein. Jeudi, Renaud Muselier, pr&eacute;sident (Ren) de la R&eacute;gion Sud, pr&eacute;sentait les quatre premiers de sa liste baptis&eacute;e &laquo;&nbsp;En Provence, l&rsquo;exp&eacute;rience qui &#8230;","protected":false},"author":1,"featured_media":36550,"comment_status":"open","ping_status":"open","sticky":false,"template":"","format":"standard","meta":{"footnotes":""},"categories":[3926,3925,330],"tags":[3002,10,5495,545,3223,2138,1276,3949,590,707,6106,4009,2061,714,708,5195,589,710,5429],"news-destination":[3944],"news-source":[475],"is_homepage":[],"ta_other":[],"class_list":["post-36549","post","type-post","status-publish","format-standard","has-post-thumbnail","hentry","category-accueil-merge","category-accueil-third","category-politique","tag-anticorruption","tag-bouches-du-rhone","tag-brigitte-devesa","tag-candidature","tag-comite-de-soutien","tag-depot-de-plainte","tag-enquete","tag-gerard-larcher","tag-marches-publics","tag-martine-vassal","tag-michel-pecout","tag-nicolas-isnard","tag-parquet","tag-region-sud","tag-renaud-muselier","tag-senatoriales","tag-stephane-le-rudulier","tag-valerie-boyer","tag-veronique-miquelly","news-destination-homepage","news-source-website"],"_links":{"self":[{"href":"https:\/\/euapp01.newsmemory.com\/lamarseillaise\/news\/wp-json\/wp\/v2\/posts\/36549","targetHints":{"allow":["GET"]}}],"collection":[{"href":"https:\/\/euapp01.newsmemory.com\/lamarseillaise\/news\/wp-json\/wp\/v2\/posts"}],"about":[{"href":"https:\/\/euapp01.newsmemory.com\/lamarseillaise\/news\/wp-json\/wp\/v2\/types\/post"}],"author":[{"embeddable":true,"href":"https:\/\/euapp01.newsmemory.com\/lamarseillaise\/news\/wp-json\/wp\/v2\/users\/1"}],"replies":[{"embeddable":true,"href":"https:\/\/euapp01.newsmemory.com\/lamarseillaise\/news\/wp-json\/wp\/v2\/comments?post=36549"}],"version-history":[{"count":5,"href":"https:\/\/euapp01.newsmemory.com\/lamarseillaise\/news\/wp-json\/wp\/v2\/posts\/36549\/revisions"}],"predecessor-version":[{"id":37145,"href":"https:\/\/euapp01.newsmemory.com\/lamarseillaise\/news\/wp-json\/wp\/v2\/posts\/36549\/revisions\/37145"}],"wp:featuredmedia":[{"embeddable":true,"href":"https:\/\/euapp01.newsmemory.com\/lamarseillaise\/news\/wp-json\/wp\/v2\/media\/36550"}],"wp:attachment":[{"href":"https:\/\/euapp01.newsmemory.com\/lamarseillaise\/news\/wp-json\/wp\/v2\/media?parent=36549"}],"wp:term":[{"taxonomy":"category","embeddable":true,"href":"https:\/\/euapp01.newsmemory.com\/lamarseillaise\/news\/wp-json\/wp\/v2\/categories?post=36549"},{"taxonomy":"post_tag","embeddable":true,"href":"https:\/\/euapp01.newsmemory.com\/lamarseillaise\/news\/wp-json\/wp\/v2\/tags?post=36549"},{"taxonomy":"news-destination","embeddable":true,"href":"https:\/\/euapp01.newsmemory.com\/lamarseillaise\/news\/wp-json\/wp\/v2\/news-destination?post=36549"},{"taxonomy":"news-source","embeddable":true,"href":"https:\/\/euapp01.newsmemory.com\/lamarseillaise\/news\/wp-json\/wp\/v2\/news-source?post=36549"},{"taxonomy":"is_homepage","embeddable":true,"href":"https:\/\/euapp01.newsmemory.com\/lamarseillaise\/news\/wp-json\/wp\/v2\/is_homepage?post=36549"},{"taxonomy":"ta_other","embeddable":true,"href":"https:\/\/euapp01.newsmemory.com\/lamarseillaise\/news\/wp-json\/wp\/v2\/ta_other?post=36549"}],"curies":[{"name":"wp","href":"https:\/\/api.w.org\/{rel}","templated":true}]}}