{"id":36537,"date":"2026-07-16T10:39:00","date_gmt":"2026-07-16T08:39:00","guid":{"rendered":"https:\/\/euapp01.newsmemory.com\/lamarseillaise\/news\/?p=36537"},"modified":"2026-07-16T11:06:18","modified_gmt":"2026-07-16T09:06:18","slug":"cest-lete-embrun-dombre-et-de-lumiere","status":"publish","type":"post","link":"https:\/\/euapp01.newsmemory.com\/lamarseillaise\/news\/2026\/07\/16\/cest-lete-embrun-dombre-et-de-lumiere\/","title":{"rendered":"[C\u2019est l\u2019\u00e9t\u00e9] Embrun : d\u2019ombre et de lumi\u00e8re"},"content":{"rendered":"<div class=\"paragraph\">\n<p>Les ombres port\u00e9es redonnent vie aux t\u00e9moignages myst\u00e9rieux d\u2019\u00e9poques lointaines, sculptures, symboles grav\u00e9s, peintures&#8230; Rendez-vous place Dosse pour une visite guid\u00e9e et cont\u00e9e hors du commun.<\/p>\n<\/p><\/div>\n<div class=\"paragraph\">\n<p><i>\u00c0 partir de 21h. R\u00e9servations<\/i><i>\u00a0<\/i><i>: 04.92.43.77.43<\/i><\/p>\n<p><i>De 4 \u00e0 7 euros.<\/i><\/p>\n<\/p><\/div>\n","protected":false},"excerpt":{"rendered":"Les ombres port&eacute;es redonnent vie aux t&eacute;moignages myst&eacute;rieux d&rsquo;&eacute;poques lointaines, sculptures, symboles grav&eacute;s, peintures&#8230; Rendez-vous place Dosse pour une visite guid&eacute;e et cont&eacute;e hors du &#8230;","protected":false},"author":1,"featured_media":36538,"comment_status":"open","ping_status":"open","sticky":false,"template":"","format":"standard","meta":{"footnotes":""},"categories":[32],"tags":[4768,1346,6085,754,943,97,502,1361],"news-destination":[],"news-source":[475],"is_homepage":[],"ta_other":[],"class_list":["post-36537","post","type-post","status-publish","format-standard","has-post-thumbnail","hentry","category-culture","tag-alpes","tag-architecture","tag-cest-lete","tag-familles","tag-lumiere","tag-patrimoine","tag-peinture","tag-vacances","news-source-website"],"_links":{"self":[{"href":"https:\/\/euapp01.newsmemory.com\/lamarseillaise\/news\/wp-json\/wp\/v2\/posts\/36537","targetHints":{"allow":["GET"]}}],"collection":[{"href":"https:\/\/euapp01.newsmemory.com\/lamarseillaise\/news\/wp-json\/wp\/v2\/posts"}],"about":[{"href":"https:\/\/euapp01.newsmemory.com\/lamarseillaise\/news\/wp-json\/wp\/v2\/types\/post"}],"author":[{"embeddable":true,"href":"https:\/\/euapp01.newsmemory.com\/lamarseillaise\/news\/wp-json\/wp\/v2\/users\/1"}],"replies":[{"embeddable":true,"href":"https:\/\/euapp01.newsmemory.com\/lamarseillaise\/news\/wp-json\/wp\/v2\/comments?post=36537"}],"version-history":[{"count":1,"href":"https:\/\/euapp01.newsmemory.com\/lamarseillaise\/news\/wp-json\/wp\/v2\/posts\/36537\/revisions"}],"predecessor-version":[{"id":36539,"href":"https:\/\/euapp01.newsmemory.com\/lamarseillaise\/news\/wp-json\/wp\/v2\/posts\/36537\/revisions\/36539"}],"wp:featuredmedia":[{"embeddable":true,"href":"https:\/\/euapp01.newsmemory.com\/lamarseillaise\/news\/wp-json\/wp\/v2\/media\/36538"}],"wp:attachment":[{"href":"https:\/\/euapp01.newsmemory.com\/lamarseillaise\/news\/wp-json\/wp\/v2\/media?parent=36537"}],"wp:term":[{"taxonomy":"category","embeddable":true,"href":"https:\/\/euapp01.newsmemory.com\/lamarseillaise\/news\/wp-json\/wp\/v2\/categories?post=36537"},{"taxonomy":"post_tag","embeddable":true,"href":"https:\/\/euapp01.newsmemory.com\/lamarseillaise\/news\/wp-json\/wp\/v2\/tags?post=36537"},{"taxonomy":"news-destination","embeddable":true,"href":"https:\/\/euapp01.newsmemory.com\/lamarseillaise\/news\/wp-json\/wp\/v2\/news-destination?post=36537"},{"taxonomy":"news-source","embeddable":true,"href":"https:\/\/euapp01.newsmemory.com\/lamarseillaise\/news\/wp-json\/wp\/v2\/news-source?post=36537"},{"taxonomy":"is_homepage","embeddable":true,"href":"https:\/\/euapp01.newsmemory.com\/lamarseillaise\/news\/wp-json\/wp\/v2\/is_homepage?post=36537"},{"taxonomy":"ta_other","embeddable":true,"href":"https:\/\/euapp01.newsmemory.com\/lamarseillaise\/news\/wp-json\/wp\/v2\/ta_other?post=36537"}],"curies":[{"name":"wp","href":"https:\/\/api.w.org\/{rel}","templated":true}]}}