{"id":36528,"date":"2026-07-16T10:03:00","date_gmt":"2026-07-16T08:03:00","guid":{"rendered":"https:\/\/euapp01.newsmemory.com\/lamarseillaise\/news\/?p=36528"},"modified":"2026-07-16T10:41:49","modified_gmt":"2026-07-16T08:41:49","slug":"ile-des-embiez-inauguration-dune-plateforme-scientifique","status":"publish","type":"post","link":"https:\/\/euapp01.newsmemory.com\/lamarseillaise\/news\/2026\/07\/16\/ile-des-embiez-inauguration-dune-plateforme-scientifique\/","title":{"rendered":"\u00cele des Embiez : Inauguration d\u2019une plateforme scientifique"},"content":{"rendered":"<div class=\"paragraph\">\n<p>Ce centre technique r\u00e9gional et national de 600 m\u00b2 dispose d\u2019installations exp\u00e9rimentales de pointe, d\u00e9di\u00e9es \u00e0 la recherche sur des th\u00e9matiques cl\u00e9s\u00a0: aquaculture innovante, s\u00e9curit\u00e9 alimentaire, biorem\u00e9diation, solutions fond\u00e9es sur la nature, restauration \u00e9cologique et conservation d\u2019esp\u00e8ces menac\u00e9es. Ce nouvel outil a vocation \u00e0 favoriser les \u00e9changes entre acteurs acad\u00e9miques, scientifiques et priv\u00e9s, \u00e0 soutenir les activit\u00e9s de recherche, de surveillance et d\u2019innovation sur le littoral, et \u00e0 sensibiliser les d\u00e9cideurs politiques en promouvant les bonnes pratiques. Catherine Chabaud se rendra par ailleurs sur l\u2019\u00cele de Port-Cros vendredi pour une nouvelle s\u00e9quence li\u00e9e \u00e0 la protection du littoral et de la biodiversit\u00e9 m\u00e9diterran\u00e9enne.<\/p>\n<\/p><\/div>\n","protected":false},"excerpt":{"rendered":"Ce centre technique r&eacute;gional et national de 600 m&sup2; dispose d&rsquo;installations exp&eacute;rimentales de pointe, d&eacute;di&eacute;es &agrave; la recherche sur des th&eacute;matiques cl&eacute;s&nbsp;: aquaculture innovante, &#8230;","protected":false},"author":1,"featured_media":36529,"comment_status":"open","ping_status":"open","sticky":false,"template":"","format":"standard","meta":{"footnotes":""},"categories":[20],"tags":[84,402,1756,5780,128,85,4204,3967,191,416,353,1085,31],"news-destination":[],"news-source":[475],"is_homepage":[],"ta_other":[],"class_list":["post-36528","post","type-post","status-publish","format-standard","has-post-thumbnail","hentry","category-societe","tag-biodiversite","tag-inauguration","tag-innovation","tag-instituts-de-recherche","tag-mediterranee","tag-mer","tag-oceanographie","tag-peche","tag-politique","tag-recherche-scientifique","tag-sciences","tag-sensibilisation","tag-var","news-source-website"],"_links":{"self":[{"href":"https:\/\/euapp01.newsmemory.com\/lamarseillaise\/news\/wp-json\/wp\/v2\/posts\/36528","targetHints":{"allow":["GET"]}}],"collection":[{"href":"https:\/\/euapp01.newsmemory.com\/lamarseillaise\/news\/wp-json\/wp\/v2\/posts"}],"about":[{"href":"https:\/\/euapp01.newsmemory.com\/lamarseillaise\/news\/wp-json\/wp\/v2\/types\/post"}],"author":[{"embeddable":true,"href":"https:\/\/euapp01.newsmemory.com\/lamarseillaise\/news\/wp-json\/wp\/v2\/users\/1"}],"replies":[{"embeddable":true,"href":"https:\/\/euapp01.newsmemory.com\/lamarseillaise\/news\/wp-json\/wp\/v2\/comments?post=36528"}],"version-history":[{"count":1,"href":"https:\/\/euapp01.newsmemory.com\/lamarseillaise\/news\/wp-json\/wp\/v2\/posts\/36528\/revisions"}],"predecessor-version":[{"id":36530,"href":"https:\/\/euapp01.newsmemory.com\/lamarseillaise\/news\/wp-json\/wp\/v2\/posts\/36528\/revisions\/36530"}],"wp:featuredmedia":[{"embeddable":true,"href":"https:\/\/euapp01.newsmemory.com\/lamarseillaise\/news\/wp-json\/wp\/v2\/media\/36529"}],"wp:attachment":[{"href":"https:\/\/euapp01.newsmemory.com\/lamarseillaise\/news\/wp-json\/wp\/v2\/media?parent=36528"}],"wp:term":[{"taxonomy":"category","embeddable":true,"href":"https:\/\/euapp01.newsmemory.com\/lamarseillaise\/news\/wp-json\/wp\/v2\/categories?post=36528"},{"taxonomy":"post_tag","embeddable":true,"href":"https:\/\/euapp01.newsmemory.com\/lamarseillaise\/news\/wp-json\/wp\/v2\/tags?post=36528"},{"taxonomy":"news-destination","embeddable":true,"href":"https:\/\/euapp01.newsmemory.com\/lamarseillaise\/news\/wp-json\/wp\/v2\/news-destination?post=36528"},{"taxonomy":"news-source","embeddable":true,"href":"https:\/\/euapp01.newsmemory.com\/lamarseillaise\/news\/wp-json\/wp\/v2\/news-source?post=36528"},{"taxonomy":"is_homepage","embeddable":true,"href":"https:\/\/euapp01.newsmemory.com\/lamarseillaise\/news\/wp-json\/wp\/v2\/is_homepage?post=36528"},{"taxonomy":"ta_other","embeddable":true,"href":"https:\/\/euapp01.newsmemory.com\/lamarseillaise\/news\/wp-json\/wp\/v2\/ta_other?post=36528"}],"curies":[{"name":"wp","href":"https:\/\/api.w.org\/{rel}","templated":true}]}}