{"id":36525,"date":"2026-07-16T10:06:00","date_gmt":"2026-07-16T08:06:00","guid":{"rendered":"https:\/\/euapp01.newsmemory.com\/lamarseillaise\/news\/?p=36525"},"modified":"2026-07-16T10:41:49","modified_gmt":"2026-07-16T08:41:49","slug":"succes-de-la-navette-avignon-tgv-valreas","status":"publish","type":"post","link":"https:\/\/euapp01.newsmemory.com\/lamarseillaise\/news\/2026\/07\/16\/succes-de-la-navette-avignon-tgv-valreas\/","title":{"rendered":"Succ\u00e8s de la navette Avignon TGV-Valr\u00e9as"},"content":{"rendered":"<div class=\"paragraph\">\n<p>\u00ab <i>Sa fr\u00e9quentation est en constante \u00e9volution, passant de 930 voyageurs en janvier 2025 \u00e0 1 979 voyageurs en juin 2026 <\/i>\u00bb, se f\u00e9licite la R\u00e9gion qui a dress\u00e9 un bilan la semaine derni\u00e8re \u00e0 Malauc\u00e8ne. Ainsi, un v\u00e9hicule de grande capacit\u00e9 de plus de 50 places, accessible aux personnes \u00e0 mobilit\u00e9 r\u00e9duite, a remplac\u00e9 depuis le 1er septembre le car de 22 places initialement affect\u00e9 au service. Cette ligne 924 circule toute l\u2019ann\u00e9e \u00e0 raison de 2 allers-retours quotidiens du lundi au dimanche, y compris les jours f\u00e9ri\u00e9s (sauf les 1er janvier, 1er mai et 25 d\u00e9cembre).<\/p>\n<\/p><\/div>\n","protected":false},"excerpt":{"rendered":"&laquo; Sa fr&eacute;quentation est en constante &eacute;volution, passant de 930 voyageurs en janvier 2025 &agrave; 1 979 voyageurs en juin 2026 &raquo;, se f&eacute;licite la R&eacute;gion qui a dress&eacute; un bilan la semaine derni&egrave;re &#8230;","protected":false},"author":1,"featured_media":36526,"comment_status":"open","ping_status":"open","sticky":false,"template":"","format":"standard","meta":{"footnotes":""},"categories":[20],"tags":[174,402,490,6105,1388,1330,3340,666,171],"news-destination":[],"news-source":[475],"is_homepage":[],"ta_other":[],"class_list":["post-36525","post","type-post","status-publish","format-standard","has-post-thumbnail","hentry","category-societe","tag-avignon","tag-inauguration","tag-mobilites","tag-navette","tag-sncf","tag-ter","tag-tgv","tag-transports","tag-vaucluse","news-source-website"],"_links":{"self":[{"href":"https:\/\/euapp01.newsmemory.com\/lamarseillaise\/news\/wp-json\/wp\/v2\/posts\/36525","targetHints":{"allow":["GET"]}}],"collection":[{"href":"https:\/\/euapp01.newsmemory.com\/lamarseillaise\/news\/wp-json\/wp\/v2\/posts"}],"about":[{"href":"https:\/\/euapp01.newsmemory.com\/lamarseillaise\/news\/wp-json\/wp\/v2\/types\/post"}],"author":[{"embeddable":true,"href":"https:\/\/euapp01.newsmemory.com\/lamarseillaise\/news\/wp-json\/wp\/v2\/users\/1"}],"replies":[{"embeddable":true,"href":"https:\/\/euapp01.newsmemory.com\/lamarseillaise\/news\/wp-json\/wp\/v2\/comments?post=36525"}],"version-history":[{"count":1,"href":"https:\/\/euapp01.newsmemory.com\/lamarseillaise\/news\/wp-json\/wp\/v2\/posts\/36525\/revisions"}],"predecessor-version":[{"id":36527,"href":"https:\/\/euapp01.newsmemory.com\/lamarseillaise\/news\/wp-json\/wp\/v2\/posts\/36525\/revisions\/36527"}],"wp:featuredmedia":[{"embeddable":true,"href":"https:\/\/euapp01.newsmemory.com\/lamarseillaise\/news\/wp-json\/wp\/v2\/media\/36526"}],"wp:attachment":[{"href":"https:\/\/euapp01.newsmemory.com\/lamarseillaise\/news\/wp-json\/wp\/v2\/media?parent=36525"}],"wp:term":[{"taxonomy":"category","embeddable":true,"href":"https:\/\/euapp01.newsmemory.com\/lamarseillaise\/news\/wp-json\/wp\/v2\/categories?post=36525"},{"taxonomy":"post_tag","embeddable":true,"href":"https:\/\/euapp01.newsmemory.com\/lamarseillaise\/news\/wp-json\/wp\/v2\/tags?post=36525"},{"taxonomy":"news-destination","embeddable":true,"href":"https:\/\/euapp01.newsmemory.com\/lamarseillaise\/news\/wp-json\/wp\/v2\/news-destination?post=36525"},{"taxonomy":"news-source","embeddable":true,"href":"https:\/\/euapp01.newsmemory.com\/lamarseillaise\/news\/wp-json\/wp\/v2\/news-source?post=36525"},{"taxonomy":"is_homepage","embeddable":true,"href":"https:\/\/euapp01.newsmemory.com\/lamarseillaise\/news\/wp-json\/wp\/v2\/is_homepage?post=36525"},{"taxonomy":"ta_other","embeddable":true,"href":"https:\/\/euapp01.newsmemory.com\/lamarseillaise\/news\/wp-json\/wp\/v2\/ta_other?post=36525"}],"curies":[{"name":"wp","href":"https:\/\/api.w.org\/{rel}","templated":true}]}}