{"id":36522,"date":"2026-07-16T09:51:00","date_gmt":"2026-07-16T07:51:00","guid":{"rendered":"https:\/\/euapp01.newsmemory.com\/lamarseillaise\/news\/?p=36522"},"modified":"2026-07-16T10:14:43","modified_gmt":"2026-07-16T08:14:43","slug":"claude-viallat-retour-aux-sources","status":"publish","type":"post","link":"https:\/\/euapp01.newsmemory.com\/lamarseillaise\/news\/2026\/07\/16\/claude-viallat-retour-aux-sources\/","title":{"rendered":"Claude Viallat : retour aux sources"},"content":{"rendered":"<div class=\"paragraph\">\n<p>L\u2019espace Mich\u00e8le-Goalard rend hommage au peintre n\u00eemois via l\u2019affichage de ses premi\u00e8res esquisses. Un retour dans le temps aux racines d\u00e9finitivement Camarguaises.<\/p>\n<p>Figure historique de l\u2019abstraction et fondateur du mouvement Supports \/ Surfaces, on reconna\u00eet Claude Viallat \u00e0 sa c\u00e9l\u00e8bre <i>forme<\/i>, sorte de haricot r\u00e9p\u00e9t\u00e9 en impression sur chacune de ses cr\u00e9ations. Avec \u00ab Retours en boucles\u00a0\u00bb, la capitainerie de la Grande Motte se penche sur les premiers pas du peintre \u00e0 travers des \u0153uvres aux influences tr\u00e8s locales. Sur les toiles, courses camarguaises, silhouettes animales et tauromachies se m\u00ealent \u00e0 l\u2019univers color\u00e9 et textur\u00e9 si caract\u00e9ristique d\u2019un artiste qui n\u2019a cess\u00e9 d\u2019explorer les formes et la mati\u00e8re. L\u2019exposition r\u00e9sulte d\u2019un voyage aux confins de la m\u00e9moire artistique de Viallat en mettant en lumi\u00e8re des \u0153uvres plus rarement expos\u00e9es, qui en disent beaucoup sur l\u2019artiste qu\u2019il est devenu par la suite. Compl\u00e8tement contemporaine, \u00ab\u00a0Retours en boucles\u00a0\u00bb invite \u00e0 (re)d\u00e9couvrir un artiste dont l\u2019\u0153uvre demeure aujourd\u2019hui d\u2019une \u00e9tonnante libert\u00e9, aux portes de la Camargue. L\u2019espace Mich\u00e8le Goalard n\u2019oublie personne : \u00e0 travers des ateliers de m\u00e9diations, l\u2019exposition s\u2019adresse \u00e9galement aux plus jeunes pour leur permettre d\u2019appr\u00e9hender <i>la forme<\/i> de Claude Villat par le collage.<\/p>\n<\/p><\/div>\n","protected":false},"excerpt":{"rendered":"L&rsquo;espace Mich&egrave;le-Goalard rend hommage au peintre n&icirc;mois via l&rsquo;affichage de ses premi&egrave;res esquisses. Un retour dans le temps aux racines d&eacute;finitivement Camarguaises.Figure historique de l&rsquo;abstraction et &#8230;","protected":false},"author":1,"featured_media":36523,"comment_status":"open","ping_status":"open","sticky":false,"template":"","format":"standard","meta":{"footnotes":""},"categories":[32],"tags":[313,130,2081,279,239,5409,798,284,502],"news-destination":[],"news-source":[475],"is_homepage":[],"ta_other":[],"class_list":["post-36522","post","type-post","status-publish","format-standard","has-post-thumbnail","hentry","category-culture","tag-art","tag-ateliers","tag-camargue","tag-exposition","tag-herault","tag-la-grande-motte","tag-mediation","tag-occitanie","tag-peinture","news-source-website"],"_links":{"self":[{"href":"https:\/\/euapp01.newsmemory.com\/lamarseillaise\/news\/wp-json\/wp\/v2\/posts\/36522","targetHints":{"allow":["GET"]}}],"collection":[{"href":"https:\/\/euapp01.newsmemory.com\/lamarseillaise\/news\/wp-json\/wp\/v2\/posts"}],"about":[{"href":"https:\/\/euapp01.newsmemory.com\/lamarseillaise\/news\/wp-json\/wp\/v2\/types\/post"}],"author":[{"embeddable":true,"href":"https:\/\/euapp01.newsmemory.com\/lamarseillaise\/news\/wp-json\/wp\/v2\/users\/1"}],"replies":[{"embeddable":true,"href":"https:\/\/euapp01.newsmemory.com\/lamarseillaise\/news\/wp-json\/wp\/v2\/comments?post=36522"}],"version-history":[{"count":1,"href":"https:\/\/euapp01.newsmemory.com\/lamarseillaise\/news\/wp-json\/wp\/v2\/posts\/36522\/revisions"}],"predecessor-version":[{"id":36524,"href":"https:\/\/euapp01.newsmemory.com\/lamarseillaise\/news\/wp-json\/wp\/v2\/posts\/36522\/revisions\/36524"}],"wp:featuredmedia":[{"embeddable":true,"href":"https:\/\/euapp01.newsmemory.com\/lamarseillaise\/news\/wp-json\/wp\/v2\/media\/36523"}],"wp:attachment":[{"href":"https:\/\/euapp01.newsmemory.com\/lamarseillaise\/news\/wp-json\/wp\/v2\/media?parent=36522"}],"wp:term":[{"taxonomy":"category","embeddable":true,"href":"https:\/\/euapp01.newsmemory.com\/lamarseillaise\/news\/wp-json\/wp\/v2\/categories?post=36522"},{"taxonomy":"post_tag","embeddable":true,"href":"https:\/\/euapp01.newsmemory.com\/lamarseillaise\/news\/wp-json\/wp\/v2\/tags?post=36522"},{"taxonomy":"news-destination","embeddable":true,"href":"https:\/\/euapp01.newsmemory.com\/lamarseillaise\/news\/wp-json\/wp\/v2\/news-destination?post=36522"},{"taxonomy":"news-source","embeddable":true,"href":"https:\/\/euapp01.newsmemory.com\/lamarseillaise\/news\/wp-json\/wp\/v2\/news-source?post=36522"},{"taxonomy":"is_homepage","embeddable":true,"href":"https:\/\/euapp01.newsmemory.com\/lamarseillaise\/news\/wp-json\/wp\/v2\/is_homepage?post=36522"},{"taxonomy":"ta_other","embeddable":true,"href":"https:\/\/euapp01.newsmemory.com\/lamarseillaise\/news\/wp-json\/wp\/v2\/ta_other?post=36522"}],"curies":[{"name":"wp","href":"https:\/\/api.w.org\/{rel}","templated":true}]}}