{"id":36519,"date":"2026-07-16T09:25:00","date_gmt":"2026-07-16T07:25:00","guid":{"rendered":"https:\/\/euapp01.newsmemory.com\/lamarseillaise\/news\/?p=36519"},"modified":"2026-07-22T08:08:08","modified_gmt":"2026-07-22T06:08:08","slug":"letat-tente-de-faire-rentrer-les-assos-recalcitrantes-dans-le-rang","status":"publish","type":"post","link":"https:\/\/euapp01.newsmemory.com\/lamarseillaise\/news\/2026\/07\/16\/letat-tente-de-faire-rentrer-les-assos-recalcitrantes-dans-le-rang\/","title":{"rendered":"L\u2019\u00c9tat tente de faire rentrer les assos r\u00e9calcitrantes dans le rang"},"content":{"rendered":"<div class=\"paragraph\">\n<p>Apr\u00e8s dix ans de bons et loyaux services, le rideau s\u2019est baiss\u00e9 pour l\u2019Association recherche \u00e9ducation action (Area), le 1<sup>er<\/sup>\u00a0janvier dernier. Cette association, qui venait en aide aux personnes vivant dans les bidonvilles de Montpellier, notamment via un accompagnement social et \u00e9ducatif et employait dix salari\u00e9s, avait \u00e9t\u00e9 plac\u00e9e en liquidation judiciaire en novembre\u00a02025. Son tort\u00a0? \u00ab<i>\u00a0<\/i><i>Il nous est clairement reproch\u00e9 d\u2019avoir une position trop critique, c\u2019est pour \u00e7a que nous sommes sanctionn\u00e9s. \u00c7a nous a \u00e9t\u00e9 dit par les services de l\u2019\u00c9tat \u00e0 plusieurs reprises et \u00e7a nous a aussi \u00e9t\u00e9 \u00e9crit<\/i><i>\u00a0<\/i>\u00bb, racontait Catherine Vassaux, ancienne administratrice d\u2019Area, en novembre dernier, dans les colonnes de <a href=\"https:\/\/www.lamarseillaise.fr\/social\/herault-l-etat-signe-l-arret-de-mort-d-une-association-jugee-trop-critique-CI19228802\"><i>La<\/i><i>\u00a0<\/i><i>Marseillaise<\/i><\/a>.<\/p>\n<p>En effet, dans un courrier de septembre\u00a02025, le Directeur d\u00e9partemental de l\u2019emploi, du travail et des solidarit\u00e9s de l\u2019H\u00e9rault reprochait \u00e0 Area de se positionner \u00ab<i>\u00a0<\/i><i>dans une posture critique des institutions \u00e0 des fins d\u2019am\u00e9lioration continue de l\u2019accompagnement des personnes en difficult\u00e9 sociale sur les bidonvilles. Cette posture a amen\u00e9 \u00e0 plusieurs reprises mes \u00e9quipes \u00e0 s\u2019opposer \u00e0 vos positions, depuis plusieurs ann\u00e9es, tout en acceptant de continuer \u00e0 financer la mission d\u2019accompagnement au vu de vos r\u00e9sultats<\/i>\u00a0\u00bb.<i><\/i><\/p>\n<p><i><\/i><\/p>\n<\/p><\/div>\n<div class=\"intext\"> Un cas loin d\u2019\u00eatre isol\u00e9\n              <\/div>\n<div class=\"paragraph\">\n<p>La pr\u00e9fecture a donc d\u00e9cid\u00e9 de ne pas renouveler la convention la liant \u00e0 l\u2019association et les subventions ont \u00e9t\u00e9 coup\u00e9es. Tout comme les financements compl\u00e9mentaires de l\u2019Europe, la Drac, la CAF et la Ville de Montpellier, mettant au passage les dix salari\u00e9s sur le carreau. Pire, Area accompagnait 400\u00a0personnes, qui se sont retrouv\u00e9es de facto seules, le temps qu\u2019un nouvel op\u00e9rateur pose ses bagages. Un cas loin d\u2019\u00eatre isol\u00e9, \u00e0 en croire l\u2019ancienne direction. \u00ab<i>\u00a0<\/i><i>De plus en plus d\u2019associations sont sanctionn\u00e9es suite \u00e0 des prises de position critiques. L\u2019Observatoire des libert\u00e9s associatives a rendu en juin <\/i>[2025]<i> un rapport qui r\u00e9v\u00e8le que 30% du secteur associatif a \u00e9t\u00e9 sanctionn\u00e9 pour des positions qui ne convenaient pas \u00e0 l\u2019administration<\/i><i>\u00a0<\/i>\u00bb, faisait valoir Catherine Vassaux. En somme, une injonction \u00e0 une pr\u00e9tendue neutralit\u00e9.<\/p>\n<p>Ce risque de sanctions plonge les associations dans la crainte, pouvant mener \u00e0 de l\u2019autocensure. Or, selon <a rel=\"nofollow\" href=\"https:\/\/libertesassociatives.org\/ressource\/neutraliser-le-monde-associatif-enquete-sur-une-injonction-a-la-depolitisation\/\">une autre \u00e9tude<\/a> du m\u00eame Observatoire, publi\u00e9e cette fois-ci en f\u00e9vrier\u00a02026, \u00ab<i>\u00a0<\/i><i>cette autocensure produit une d\u00e9politisation du monde associatif. Derri\u00e8re ces injonctions \u00e0 la neutralit\u00e9, se joue en effet une bataille culturelle sur les fronti\u00e8res du politique. Faut-il concevoir les associations comme des auxiliaires du service public <\/i><i>\u2013<\/i><i> auxquelles il faudrait donc imposer le devoir de neutralit\u00e9 <\/i><i>\u2013<\/i><i> ou des actrices n\u00e9cessaires et ind\u00e9pendantes du jeu d\u00e9mocratique<\/i><i>\u00a0<\/i><i>? La r\u00e9ponse \u00e0 cette question \u00e0 valeur de test pour la d\u00e9mocratie.<\/i><i>\u00a0<\/i>\u00bb \u00c0 l\u2019aune de la pr\u00e9sidentielle et d\u2019un risque d\u2019arriv\u00e9e de l\u2019extr\u00eame droite au pouvoir, ce d\u00e9bat est on ne peut plus primordial.<\/p>\n<\/p><\/div>\n","protected":false},"excerpt":{"rendered":"Apr&egrave;s dix ans de bons et loyaux services, le rideau s&rsquo;est baiss&eacute; pour l&rsquo;Association recherche &eacute;ducation action (Area), le 1er&nbsp;janvier dernier. Cette association, qui venait en aide aux personnes vivant dans les &#8230;","protected":false},"author":1,"featured_media":36520,"comment_status":"open","ping_status":"open","sticky":false,"template":"","format":"standard","meta":{"footnotes":""},"categories":[3926,3925,20],"tags":[143,168,1566,1900,238,239,240,284,885],"news-destination":[3944],"news-source":[475],"is_homepage":[],"ta_other":[],"class_list":["post-36519","post","type-post","status-publish","format-standard","has-post-thumbnail","hentry","category-accueil-merge","category-accueil-third","category-societe","tag-associatif","tag-association","tag-bidonville","tag-etat","tag-gard","tag-herault","tag-montpellier","tag-occitanie","tag-subvention","news-destination-homepage","news-source-website"],"_links":{"self":[{"href":"https:\/\/euapp01.newsmemory.com\/lamarseillaise\/news\/wp-json\/wp\/v2\/posts\/36519","targetHints":{"allow":["GET"]}}],"collection":[{"href":"https:\/\/euapp01.newsmemory.com\/lamarseillaise\/news\/wp-json\/wp\/v2\/posts"}],"about":[{"href":"https:\/\/euapp01.newsmemory.com\/lamarseillaise\/news\/wp-json\/wp\/v2\/types\/post"}],"author":[{"embeddable":true,"href":"https:\/\/euapp01.newsmemory.com\/lamarseillaise\/news\/wp-json\/wp\/v2\/users\/1"}],"replies":[{"embeddable":true,"href":"https:\/\/euapp01.newsmemory.com\/lamarseillaise\/news\/wp-json\/wp\/v2\/comments?post=36519"}],"version-history":[{"count":1,"href":"https:\/\/euapp01.newsmemory.com\/lamarseillaise\/news\/wp-json\/wp\/v2\/posts\/36519\/revisions"}],"predecessor-version":[{"id":36521,"href":"https:\/\/euapp01.newsmemory.com\/lamarseillaise\/news\/wp-json\/wp\/v2\/posts\/36519\/revisions\/36521"}],"wp:featuredmedia":[{"embeddable":true,"href":"https:\/\/euapp01.newsmemory.com\/lamarseillaise\/news\/wp-json\/wp\/v2\/media\/36520"}],"wp:attachment":[{"href":"https:\/\/euapp01.newsmemory.com\/lamarseillaise\/news\/wp-json\/wp\/v2\/media?parent=36519"}],"wp:term":[{"taxonomy":"category","embeddable":true,"href":"https:\/\/euapp01.newsmemory.com\/lamarseillaise\/news\/wp-json\/wp\/v2\/categories?post=36519"},{"taxonomy":"post_tag","embeddable":true,"href":"https:\/\/euapp01.newsmemory.com\/lamarseillaise\/news\/wp-json\/wp\/v2\/tags?post=36519"},{"taxonomy":"news-destination","embeddable":true,"href":"https:\/\/euapp01.newsmemory.com\/lamarseillaise\/news\/wp-json\/wp\/v2\/news-destination?post=36519"},{"taxonomy":"news-source","embeddable":true,"href":"https:\/\/euapp01.newsmemory.com\/lamarseillaise\/news\/wp-json\/wp\/v2\/news-source?post=36519"},{"taxonomy":"is_homepage","embeddable":true,"href":"https:\/\/euapp01.newsmemory.com\/lamarseillaise\/news\/wp-json\/wp\/v2\/is_homepage?post=36519"},{"taxonomy":"ta_other","embeddable":true,"href":"https:\/\/euapp01.newsmemory.com\/lamarseillaise\/news\/wp-json\/wp\/v2\/ta_other?post=36519"}],"curies":[{"name":"wp","href":"https:\/\/api.w.org\/{rel}","templated":true}]}}