{"id":36512,"date":"2026-07-16T08:57:00","date_gmt":"2026-07-16T06:57:00","guid":{"rendered":"https:\/\/euapp01.newsmemory.com\/lamarseillaise\/news\/?p=36512"},"modified":"2026-07-16T10:13:42","modified_gmt":"2026-07-16T08:13:42","slug":"150-joueuses-dans-les-ronds","status":"publish","type":"post","link":"https:\/\/euapp01.newsmemory.com\/lamarseillaise\/news\/2026\/07\/16\/150-joueuses-dans-les-ronds\/","title":{"rendered":"150 joueuses dans les ronds"},"content":{"rendered":"<div class=\"paragraph\">\n<p>Si ce n\u2019est la chaleur qui a p\u00e9nalis\u00e9 les organismes, et on peut le comprendre, le concours s\u2019est d\u00e9roul\u00e9 dans une ambiance vraiment conviviale.<\/p>\n<p>Dans la foul\u00e9e du GP F\u00e9minin Paprec La Marseillaise, il y avait l\u00e0 de fortes personnalit\u00e9s de la p\u00e9tanque f\u00e9minine. Des \u00e9quipes qui vont offrir de belles oppositions, des parties de haute intensit\u00e9, avec de fortes doses de suspense. Lysiane Bernard, qui \u00e9tait sortie de route en quart de finale, la vice-pr\u00e9sidente du comit\u00e9 des Bouches-du-Rh\u00f4ne C\u00e9cile Trujas va se retrouver en finale face \u00e0 Amandine Blanche. Devant la forte chaleur et pour abr\u00e9ger leur souffrance elles vont s\u2019offrir une pause fra\u00eecheur qui sera d\u00e9terminante pour cl\u00f4turer cette belle \u00e9preuve.<\/p>\n<p>A.P.<\/p>\n<\/p><\/div>\n","protected":false},"excerpt":{"rendered":"Si ce n&rsquo;est la chaleur qui a p&eacute;nalis&eacute; les organismes, et on peut le comprendre, le concours s&rsquo;est d&eacute;roul&eacute; dans une ambiance vraiment conviviale. Dans la foul&eacute;e du GP F&eacute;minin Paprec La &#8230;","protected":false},"author":1,"featured_media":36514,"comment_status":"open","ping_status":"open","sticky":false,"template":"","format":"standard","meta":{"footnotes":""},"categories":[7],"tags":[10,1161,5609,1013,897],"news-destination":[],"news-source":[475],"is_homepage":[],"ta_other":[],"class_list":["post-36512","post","type-post","status-publish","format-standard","has-post-thumbnail","hentry","category-sports","tag-bouches-du-rhone","tag-boules","tag-maussane-les-alpilles","tag-petanque","tag-petanque-feminine","news-source-website"],"_links":{"self":[{"href":"https:\/\/euapp01.newsmemory.com\/lamarseillaise\/news\/wp-json\/wp\/v2\/posts\/36512","targetHints":{"allow":["GET"]}}],"collection":[{"href":"https:\/\/euapp01.newsmemory.com\/lamarseillaise\/news\/wp-json\/wp\/v2\/posts"}],"about":[{"href":"https:\/\/euapp01.newsmemory.com\/lamarseillaise\/news\/wp-json\/wp\/v2\/types\/post"}],"author":[{"embeddable":true,"href":"https:\/\/euapp01.newsmemory.com\/lamarseillaise\/news\/wp-json\/wp\/v2\/users\/1"}],"replies":[{"embeddable":true,"href":"https:\/\/euapp01.newsmemory.com\/lamarseillaise\/news\/wp-json\/wp\/v2\/comments?post=36512"}],"version-history":[{"count":1,"href":"https:\/\/euapp01.newsmemory.com\/lamarseillaise\/news\/wp-json\/wp\/v2\/posts\/36512\/revisions"}],"predecessor-version":[{"id":36515,"href":"https:\/\/euapp01.newsmemory.com\/lamarseillaise\/news\/wp-json\/wp\/v2\/posts\/36512\/revisions\/36515"}],"wp:featuredmedia":[{"embeddable":true,"href":"https:\/\/euapp01.newsmemory.com\/lamarseillaise\/news\/wp-json\/wp\/v2\/media\/36514"}],"wp:attachment":[{"href":"https:\/\/euapp01.newsmemory.com\/lamarseillaise\/news\/wp-json\/wp\/v2\/media?parent=36512"}],"wp:term":[{"taxonomy":"category","embeddable":true,"href":"https:\/\/euapp01.newsmemory.com\/lamarseillaise\/news\/wp-json\/wp\/v2\/categories?post=36512"},{"taxonomy":"post_tag","embeddable":true,"href":"https:\/\/euapp01.newsmemory.com\/lamarseillaise\/news\/wp-json\/wp\/v2\/tags?post=36512"},{"taxonomy":"news-destination","embeddable":true,"href":"https:\/\/euapp01.newsmemory.com\/lamarseillaise\/news\/wp-json\/wp\/v2\/news-destination?post=36512"},{"taxonomy":"news-source","embeddable":true,"href":"https:\/\/euapp01.newsmemory.com\/lamarseillaise\/news\/wp-json\/wp\/v2\/news-source?post=36512"},{"taxonomy":"is_homepage","embeddable":true,"href":"https:\/\/euapp01.newsmemory.com\/lamarseillaise\/news\/wp-json\/wp\/v2\/is_homepage?post=36512"},{"taxonomy":"ta_other","embeddable":true,"href":"https:\/\/euapp01.newsmemory.com\/lamarseillaise\/news\/wp-json\/wp\/v2\/ta_other?post=36512"}],"curies":[{"name":"wp","href":"https:\/\/api.w.org\/{rel}","templated":true}]}}