{"id":36500,"date":"2026-07-16T09:21:00","date_gmt":"2026-07-16T07:21:00","guid":{"rendered":"https:\/\/euapp01.newsmemory.com\/lamarseillaise\/news\/?p=36500"},"modified":"2026-07-22T07:48:38","modified_gmt":"2026-07-22T05:48:38","slug":"le-charles-de-gaulle-de-retour-dans-la-rade-apres-cinq-mois-et-demi-de-mission","status":"publish","type":"post","link":"https:\/\/euapp01.newsmemory.com\/lamarseillaise\/news\/2026\/07\/16\/le-charles-de-gaulle-de-retour-dans-la-rade-apres-cinq-mois-et-demi-de-mission\/","title":{"rendered":"Le Charles de Gaulle de retour dans la Rade apr\u00e8s cinq mois et demi de mission"},"content":{"rendered":"<div class=\"paragraph\">\n<p>L\u2019Arsenal de Toulon a retrouv\u00e9 la pi\u00e8ce ma\u00eetresse de sa flotte. Samedi, le groupe a\u00e9ronaval (GAN) centr\u00e9 autour du porte-avions Charles de\u00a0Gaulle a fait son retour dans le plus grand port militaire d\u2019Europe, apr\u00e8s cinq mois et demi en mer et 40\u00a0000 miles nautiques parcourus pour la mission \u00ab\u00a0La\u00a0Fayette\u00a026\u00a0\u00bb.<\/p>\n<p>Celle-ci avait quatre objectifs\u00a0: contribuer \u00e0 la posture d\u00e9fensive et dissuasive de l\u2019OTAN en Europe, s\u00e9curiser les fronti\u00e8res europ\u00e9ennes \u00e0 travers les op\u00e9rations de s\u00e9curit\u00e9 nationales et internationales en Atlantique nord et M\u00e9diterran\u00e9e, d\u00e9velopper l\u2019interop\u00e9rabilit\u00e9 avec les alli\u00e9s, et promouvoir un espace maritime libre et stable au profit des int\u00e9r\u00eats de la France et de ses partenaires dans le cadre du droit international.<\/p>\n<\/p><\/div>\n<div class=\"intext\"> Une mission en trois temps\n              <\/div>\n<div class=\"paragraph\">\n<p>Elle a d\u00e9but\u00e9 le 8\u00a0f\u00e9vrier, avec l\u2019exercice interarm\u00e9es \u00ab\u00a0Orion\u00a026\u00a0\u00bb. Bas\u00e9 sur un sc\u00e9nario fictif, il visait \u00e0 \u00e9prouver les capacit\u00e9s du 1<sup>er<\/sup>\u00a0corps d\u2019arm\u00e9e (1<sup>er<\/sup>\u00a0CA), corps d\u2019arm\u00e9e fran\u00e7ais multinational int\u00e9gr\u00e9 au commandement de l\u2019OTAN, \u00e0 planifier et conduire une op\u00e9ration multidomaine.<\/p>\n<p>Elle s\u2019est poursuivie en mer du Nord et en Baltique, pour assurer la stabilit\u00e9 de cette zone strat\u00e9gique, avant que le GAN ne soit d\u00e9ploy\u00e9, \u00e0 partir du 3\u00a0mars, en M\u00e9diterran\u00e9e, o\u00f9 il a op\u00e9r\u00e9 sur quatre th\u00e9\u00e2tres diff\u00e9rents\u00a0: protection des emprises fran\u00e7aises au Proche et Moyen-Orient, du territoire europ\u00e9en en M\u00e9diterran\u00e9e orientale, le renforcement de la posture de l\u2019Alliance sur son flanc est et en Mer noire ainsi que la surveillance du canal de Syrie sur fond de crise au Liban.<\/p>\n<p>Enfin, apr\u00e8s le d\u00e9clenchement, le 17\u00a0avril, de l\u2019\u00ab\u00a0initiative pour la navigation maritime dans le d\u00e9troit d\u2019Ormuz\u00a0\u00bb (M3SoH) par le pr\u00e9sident de la R\u00e9publique et le Premier ministre britannique, visant \u00e0 y r\u00e9tablir la navigation, dans une posture de neutralit\u00e9 \u00e0 l\u2019\u00e9gard des diff\u00e9rents bellig\u00e9rants, le GAN a \u00e9t\u00e9 d\u00e9ploy\u00e9 dans l\u2019oc\u00e9an Indien. Il y est rest\u00e9 deux mois, servant d\u2019agr\u00e9gateur des diff\u00e9rents moyens pour r\u00e9pondre aux objectifs de l\u2019initiative. Avec, en outre, la satisfaction d\u2019avoir fait montre de l\u2019importance de la diplomatie navale et des capacit\u00e9s de projection fran\u00e7aises.<\/p>\n<\/p><\/div>\n","protected":false},"excerpt":{"rendered":"L&rsquo;Arsenal de Toulon a retrouv&eacute; la pi&egrave;ce ma&icirc;tresse de sa flotte. Samedi, le groupe a&eacute;ronaval (GAN) centr&eacute; autour du porte-avions Charles de&nbsp;Gaulle a fait son retour dans le plus grand port militaire &#8230;","protected":false},"author":1,"featured_media":36501,"comment_status":"open","ping_status":"open","sticky":false,"template":"","format":"standard","meta":{"footnotes":""},"categories":[3926,3925,1854,337,330],"tags":[1465,1467,603,1856,128,85,2812,139,661,6102,4133,88,137,597,31],"news-destination":[3944],"news-source":[475],"is_homepage":[],"ta_other":[],"class_list":["post-36500","post","type-post","status-publish","format-standard","has-post-thumbnail","hentry","category-accueil-merge","category-accueil-third","category-france","category-international","category-politique","tag-diplomatie","tag-droit-international","tag-frontieres","tag-maritime","tag-mediterranee","tag-mer","tag-moyen-orient","tag-navale","tag-navigation","tag-porte-avion-charles-de-gaulle","tag-porte-avion","tag-surveillance","tag-territoire","tag-toulon","tag-var","news-destination-homepage","news-source-website"],"_links":{"self":[{"href":"https:\/\/euapp01.newsmemory.com\/lamarseillaise\/news\/wp-json\/wp\/v2\/posts\/36500","targetHints":{"allow":["GET"]}}],"collection":[{"href":"https:\/\/euapp01.newsmemory.com\/lamarseillaise\/news\/wp-json\/wp\/v2\/posts"}],"about":[{"href":"https:\/\/euapp01.newsmemory.com\/lamarseillaise\/news\/wp-json\/wp\/v2\/types\/post"}],"author":[{"embeddable":true,"href":"https:\/\/euapp01.newsmemory.com\/lamarseillaise\/news\/wp-json\/wp\/v2\/users\/1"}],"replies":[{"embeddable":true,"href":"https:\/\/euapp01.newsmemory.com\/lamarseillaise\/news\/wp-json\/wp\/v2\/comments?post=36500"}],"version-history":[{"count":1,"href":"https:\/\/euapp01.newsmemory.com\/lamarseillaise\/news\/wp-json\/wp\/v2\/posts\/36500\/revisions"}],"predecessor-version":[{"id":36502,"href":"https:\/\/euapp01.newsmemory.com\/lamarseillaise\/news\/wp-json\/wp\/v2\/posts\/36500\/revisions\/36502"}],"wp:featuredmedia":[{"embeddable":true,"href":"https:\/\/euapp01.newsmemory.com\/lamarseillaise\/news\/wp-json\/wp\/v2\/media\/36501"}],"wp:attachment":[{"href":"https:\/\/euapp01.newsmemory.com\/lamarseillaise\/news\/wp-json\/wp\/v2\/media?parent=36500"}],"wp:term":[{"taxonomy":"category","embeddable":true,"href":"https:\/\/euapp01.newsmemory.com\/lamarseillaise\/news\/wp-json\/wp\/v2\/categories?post=36500"},{"taxonomy":"post_tag","embeddable":true,"href":"https:\/\/euapp01.newsmemory.com\/lamarseillaise\/news\/wp-json\/wp\/v2\/tags?post=36500"},{"taxonomy":"news-destination","embeddable":true,"href":"https:\/\/euapp01.newsmemory.com\/lamarseillaise\/news\/wp-json\/wp\/v2\/news-destination?post=36500"},{"taxonomy":"news-source","embeddable":true,"href":"https:\/\/euapp01.newsmemory.com\/lamarseillaise\/news\/wp-json\/wp\/v2\/news-source?post=36500"},{"taxonomy":"is_homepage","embeddable":true,"href":"https:\/\/euapp01.newsmemory.com\/lamarseillaise\/news\/wp-json\/wp\/v2\/is_homepage?post=36500"},{"taxonomy":"ta_other","embeddable":true,"href":"https:\/\/euapp01.newsmemory.com\/lamarseillaise\/news\/wp-json\/wp\/v2\/ta_other?post=36500"}],"curies":[{"name":"wp","href":"https:\/\/api.w.org\/{rel}","templated":true}]}}