{"id":36497,"date":"2026-07-16T09:27:00","date_gmt":"2026-07-16T07:27:00","guid":{"rendered":"https:\/\/euapp01.newsmemory.com\/lamarseillaise\/news\/?p=36497"},"modified":"2026-07-22T08:08:08","modified_gmt":"2026-07-22T06:08:08","slug":"letat-condamne-pour-la-descolarisation-dun-enfant-handicape","status":"publish","type":"post","link":"https:\/\/euapp01.newsmemory.com\/lamarseillaise\/news\/2026\/07\/16\/letat-condamne-pour-la-descolarisation-dun-enfant-handicape\/","title":{"rendered":"L\u2019\u00c9tat condamn\u00e9 pour la d\u00e9scolarisation d\u2019un enfant handicap\u00e9"},"content":{"rendered":"<div class=\"paragraph\">\n<p>Le tribunal administratif de Marseille rappelle dans un jugement du 10\u00a0juillet 2026 que le droit \u00e0 l\u2019\u00e9ducation est garanti \u00e0 chacun. L\u2019obligation scolaire s\u2019applique aussi aux enfants en situation de handicap et l\u2019\u00c9tat se doit de mettre en \u0153uvre les moyens n\u00e9cessaires pour rendre ce droit effectif.<\/p>\n<p>Les requ\u00e9rants sont les parents d\u2019un enfant n\u00e9 en 2010 qui pr\u00e9sente des troubles de l\u2019adaptation sociale (instabilit\u00e9 et impulsivit\u00e9). Alors que les projets personnalis\u00e9s de scolarisation (PPS) de l\u2019enfant pr\u00e9conisaient d\u00e8s 2017 une scolarisation en milieu ordinaire avec l\u2019aide d\u2019un accompagnant (AESH) coupl\u00e9e \u00e0 un accompagnement m\u00e9dico-social, l\u2019\u00e9l\u00e8ve a \u00e9t\u00e9 presque enti\u00e8rement priv\u00e9 de scolarit\u00e9 durant cinq ann\u00e9es. Entre les rentr\u00e9es\u00a02017 et\u00a02022, il n\u2019a \u00e9t\u00e9 admis que deux mois en CE1\/CE2, puis est rest\u00e9 compl\u00e8tement d\u00e9scolaris\u00e9 jusqu\u2019en mars\u00a02022. En classe de 6<sup>e<\/sup>, il n\u2019a b\u00e9n\u00e9fici\u00e9 que de 4\u00a0heures de cours par semaine dans un coll\u00e8ge priv\u00e9. Sa prise en charge conforme aux pr\u00e9conisations n\u2019a finalement d\u00e9but\u00e9 qu\u2019en septembre\u00a02022.<\/p>\n<p>\u00ab\u00a0<i>L\u2019obligation scolaire s\u2019appliquant \u00e0 tous, les difficult\u00e9s particuli\u00e8res que rencontrent les enfants en situation de handicap ne sauraient avoir pour effet ni de les priver de ce droit, ni de faire obstacle au respect de cette obligation<\/i><i>\u00a0<\/i>\u00bb \u00e9nonce le jugement.<i> <\/i>Il incombe ainsi \u00e0 l\u2019<span class=\"mln_uppercase_mln\">\u00e9<\/span>tat \u00ab\u00a0<i>de prendre l\u2019ensemble des mesures et de mettre en \u0153uvre les moyens n\u00e9cessaires pour que ce droit et cette obligation aient pour les enfants en situation de handicap un caract\u00e8re effectif.<\/i><i>\u00a0<\/i>\u00bb<\/p>\n<p>L\u2019\u00c9tat est condamn\u00e9 \u00e0 10\u00a0000\u00a0euros de pr\u00e9judice moral et de troubles dans les conditions d\u2019existence de l\u2019enfant,ainsi que 9\u00a0000\u00a0euros pour la m\u00e8re pour d\u00e9dommager \u00e0 la fois son pr\u00e9judice moral et professionnel, celle-ci ayant \u00e9t\u00e9 licenci\u00e9e pour l\u2019abandon de son poste, et 3\u00a0000\u00a0euros au p\u00e8re. Enfin, l\u2019<span class=\"mln_uppercase_mln\">\u00e9<\/span>tat versera 1\u00a0800\u00a0euros pour les frais de justice engag\u00e9s.<\/p>\n<\/p><\/div>\n","protected":false},"excerpt":{"rendered":"Le tribunal administratif de Marseille rappelle dans un jugement du 10&nbsp;juillet 2026 que le droit &agrave; l&rsquo;&eacute;ducation est garanti &agrave; chacun. L&rsquo;obligation scolaire s&rsquo;applique aussi aux enfants en situation de &#8230;","protected":false},"author":1,"featured_media":36498,"comment_status":"open","ping_status":"open","sticky":false,"template":"","format":"standard","meta":{"footnotes":""},"categories":[3926,3925,20],"tags":[1667,10,1532,1721,57,1066,200,16,2162,483,2080,425],"news-destination":[3944],"news-source":[475],"is_homepage":[],"ta_other":[],"class_list":["post-36497","post","type-post","status-publish","format-standard","has-post-thumbnail","hentry","category-accueil-merge","category-accueil-third","category-societe","tag-aesh","tag-bouches-du-rhone","tag-college","tag-droit","tag-enfants","tag-handicap","tag-justice","tag-marseille","tag-pere","tag-projets","tag-tribunal","tag-troubles","news-destination-homepage","news-source-website"],"_links":{"self":[{"href":"https:\/\/euapp01.newsmemory.com\/lamarseillaise\/news\/wp-json\/wp\/v2\/posts\/36497","targetHints":{"allow":["GET"]}}],"collection":[{"href":"https:\/\/euapp01.newsmemory.com\/lamarseillaise\/news\/wp-json\/wp\/v2\/posts"}],"about":[{"href":"https:\/\/euapp01.newsmemory.com\/lamarseillaise\/news\/wp-json\/wp\/v2\/types\/post"}],"author":[{"embeddable":true,"href":"https:\/\/euapp01.newsmemory.com\/lamarseillaise\/news\/wp-json\/wp\/v2\/users\/1"}],"replies":[{"embeddable":true,"href":"https:\/\/euapp01.newsmemory.com\/lamarseillaise\/news\/wp-json\/wp\/v2\/comments?post=36497"}],"version-history":[{"count":1,"href":"https:\/\/euapp01.newsmemory.com\/lamarseillaise\/news\/wp-json\/wp\/v2\/posts\/36497\/revisions"}],"predecessor-version":[{"id":36499,"href":"https:\/\/euapp01.newsmemory.com\/lamarseillaise\/news\/wp-json\/wp\/v2\/posts\/36497\/revisions\/36499"}],"wp:featuredmedia":[{"embeddable":true,"href":"https:\/\/euapp01.newsmemory.com\/lamarseillaise\/news\/wp-json\/wp\/v2\/media\/36498"}],"wp:attachment":[{"href":"https:\/\/euapp01.newsmemory.com\/lamarseillaise\/news\/wp-json\/wp\/v2\/media?parent=36497"}],"wp:term":[{"taxonomy":"category","embeddable":true,"href":"https:\/\/euapp01.newsmemory.com\/lamarseillaise\/news\/wp-json\/wp\/v2\/categories?post=36497"},{"taxonomy":"post_tag","embeddable":true,"href":"https:\/\/euapp01.newsmemory.com\/lamarseillaise\/news\/wp-json\/wp\/v2\/tags?post=36497"},{"taxonomy":"news-destination","embeddable":true,"href":"https:\/\/euapp01.newsmemory.com\/lamarseillaise\/news\/wp-json\/wp\/v2\/news-destination?post=36497"},{"taxonomy":"news-source","embeddable":true,"href":"https:\/\/euapp01.newsmemory.com\/lamarseillaise\/news\/wp-json\/wp\/v2\/news-source?post=36497"},{"taxonomy":"is_homepage","embeddable":true,"href":"https:\/\/euapp01.newsmemory.com\/lamarseillaise\/news\/wp-json\/wp\/v2\/is_homepage?post=36497"},{"taxonomy":"ta_other","embeddable":true,"href":"https:\/\/euapp01.newsmemory.com\/lamarseillaise\/news\/wp-json\/wp\/v2\/ta_other?post=36497"}],"curies":[{"name":"wp","href":"https:\/\/api.w.org\/{rel}","templated":true}]}}