{"id":36494,"date":"2026-07-16T09:30:00","date_gmt":"2026-07-16T07:30:00","guid":{"rendered":"https:\/\/euapp01.newsmemory.com\/lamarseillaise\/news\/?p=36494"},"modified":"2026-07-22T08:08:08","modified_gmt":"2026-07-22T06:08:08","slug":"de-la-mediation-contre-les-plongeons-dangereux","status":"publish","type":"post","link":"https:\/\/euapp01.newsmemory.com\/lamarseillaise\/news\/2026\/07\/16\/de-la-mediation-contre-les-plongeons-dangereux\/","title":{"rendered":"De la m\u00e9diation contre les plongeons dangereux"},"content":{"rendered":"<div class=\"paragraph\">\n<p>\u00ab Plouf.\u00a0\u00bb Un adolescent plonge de plus de dix m\u00e8tres de haut depuis la corniche Kennedy, ce lundi, pr\u00e8s de l\u2019Anse de la Fausse Monnaie. \u00ab\u00a0<i>L\u00e0-bas, l\u00e0-bas<\/i><i>\u00a0<\/i><i>!<\/i>\u00a0\u00bb, s\u2019exclame un m\u00e9diateur. Depuis d\u00e9but juillet, et jusqu\u2019\u00e0 fin ao\u00fbt, une cinquantaine de m\u00e9diateurs sociaux sillonnent le littoral marseillais et rencontrent de jeunes adeptes des plongeons sauvages pour leur rappeler les risques. \u00ab\u00a0<i>Vous connaissez les dangers de sauter \u00e0 cette hauteur<\/i><i>\u00a0<\/i><i>?<\/i>\u00a0\u00bb, s\u2019adresse, aux amis du plongeur, J\u00e9r\u00f4me Borgeot, m\u00e9diateur depuis plusieurs ann\u00e9es. \u00ab\u00a0<i>D\u00e9truire sa vie \u00e0 votre \u00e2ge, c\u2019est dommage. Imaginez les gens qui vont annoncer \u00e0 vos parents que vous \u00eates bless\u00e9s, paralys\u00e9s ou d\u00e9c\u00e9d\u00e9s. Si vous vous loupez, vous allez arriver comment en bas<\/i><i>\u00a0<\/i><i>? Vous vous imaginez \u00e0 16<\/i><i>\u00a0<\/i><i>ans en fauteuil roulant<\/i><i>\u00a0<\/i><i>?<\/i>\u00a0\u00bb, poursuit-il. En face, le groupe d\u2019adolescents est \u00e0 l\u2019\u00e9coute. \u00ab\u00a0<i>Je compte sur vous les gars, vous faites pas de b\u00eatise<\/i>\u00a0\u00bb, conclut J\u00e9r\u00f4me Borgeot. \u00ab\u00a0<i>C\u2019est bien de faire \u00e7a pour les jeunes, \u00e7a \u00e9vite les blessures. On est conscient des risques. \u00c7a me fait peur, mais je sais sauter<\/i>\u00a0\u00bb, confie Alexandre, 15\u00a0ans, adepte des plongeons depuis un an. \u00ab\u00a0<i>On essaye de leur parler avec des mots forts. C\u2019est du travail au quotidien. On gagnera peut-\u00eatre pas la guerre dessus, mais c\u2019est important de gagner des microbatailles<\/i>\u00a0\u00bb, assure J\u00e9r\u00f4me Borgeot.<\/p>\n<\/p><\/div>\n<div class=\"intext\"> Interdit depuis 2006\n              <\/div>\n<div class=\"paragraph\">\n<p>Les m\u00e9diateurs travaillent en collaboration avec la police municipale, en signalant les plongeurs aux agents. Les sauts de plus de trois m\u00e8tres de hauteur \u00e9tant interdits sur l\u2019ensemble du littoral, depuis un arr\u00eat\u00e9 municipal de 2006. Une fois qu\u2019un plongeur est rep\u00e9r\u00e9, son identit\u00e9 est relev\u00e9e et il peut \u00e9coper d\u2019une amende, allant de 38 \u00e0 150\u00a0euros. \u00ab\u00a0<i>Le plongeur a l\u2019obligation de venir en mairie pour un rappel \u00e0 la loi. Lors de cette r\u00e9union, il y a \u00e9galement un ancien f\u00e9ru de saut qui s\u2019est bless\u00e9 lors d\u2019un plongeon et aujourd\u2019hui paralys\u00e9. S\u2019il se rend \u00e0 la mairie, l\u2019amende est annul\u00e9e<\/i>\u00a0\u00bb, explique Pierre-Marie Ganozzi, adjoint au maire et d\u00e9l\u00e9gu\u00e9 \u00e0 la s\u00e9curit\u00e9. Dans le programme du maire de Marseille, figuraient un am\u00e9nagement de plongeoirs et un accompagnement de la pratique. \u00ab\u00a0<i>On est en train d\u2019analyser les choses, ce n\u2019est pas aussi simple que \u00e7a. On verra dans un futur proche, comment on peut, ou pas, arriver \u00e0 am\u00e9nager le littoral. Mais pour l\u2019instant, \u00e7a fait partie des r\u00e9flexions<\/i>\u00a0\u00bb, d\u00e9clare l\u2019adjoint au maire. Depuis le d\u00e9but de l\u2019\u00e9t\u00e9, deux personnes se sont gravement bless\u00e9es en plongeant depuis le littoral marseillais.<\/p>\n<\/p><\/div>\n","protected":false},"excerpt":{"rendered":"&laquo; Plouf.&nbsp;&raquo; Un adolescent plonge de plus de dix m&egrave;tres de haut depuis la corniche Kennedy, ce lundi, pr&egrave;s de l&rsquo;Anse de la Fausse Monnaie. &laquo;&nbsp;L&agrave;-bas, l&agrave;-bas&nbsp;!&nbsp;&raquo;, &#8230;","protected":false},"author":1,"featured_media":36495,"comment_status":"open","ping_status":"open","sticky":false,"template":"","format":"standard","meta":{"footnotes":""},"categories":[3926,3925,20],"tags":[10,2133,59,109,16,798,128,85,2041,111,1085],"news-destination":[3944],"news-source":[475],"is_homepage":[],"ta_other":[],"class_list":["post-36494","post","type-post","status-publish","format-standard","has-post-thumbnail","hentry","category-accueil-merge","category-accueil-third","category-societe","tag-bouches-du-rhone","tag-danger","tag-jeunes","tag-littoral","tag-marseille","tag-mediation","tag-mediterranee","tag-mer","tag-plongeurs","tag-securite","tag-sensibilisation","news-destination-homepage","news-source-website"],"_links":{"self":[{"href":"https:\/\/euapp01.newsmemory.com\/lamarseillaise\/news\/wp-json\/wp\/v2\/posts\/36494","targetHints":{"allow":["GET"]}}],"collection":[{"href":"https:\/\/euapp01.newsmemory.com\/lamarseillaise\/news\/wp-json\/wp\/v2\/posts"}],"about":[{"href":"https:\/\/euapp01.newsmemory.com\/lamarseillaise\/news\/wp-json\/wp\/v2\/types\/post"}],"author":[{"embeddable":true,"href":"https:\/\/euapp01.newsmemory.com\/lamarseillaise\/news\/wp-json\/wp\/v2\/users\/1"}],"replies":[{"embeddable":true,"href":"https:\/\/euapp01.newsmemory.com\/lamarseillaise\/news\/wp-json\/wp\/v2\/comments?post=36494"}],"version-history":[{"count":1,"href":"https:\/\/euapp01.newsmemory.com\/lamarseillaise\/news\/wp-json\/wp\/v2\/posts\/36494\/revisions"}],"predecessor-version":[{"id":36496,"href":"https:\/\/euapp01.newsmemory.com\/lamarseillaise\/news\/wp-json\/wp\/v2\/posts\/36494\/revisions\/36496"}],"wp:featuredmedia":[{"embeddable":true,"href":"https:\/\/euapp01.newsmemory.com\/lamarseillaise\/news\/wp-json\/wp\/v2\/media\/36495"}],"wp:attachment":[{"href":"https:\/\/euapp01.newsmemory.com\/lamarseillaise\/news\/wp-json\/wp\/v2\/media?parent=36494"}],"wp:term":[{"taxonomy":"category","embeddable":true,"href":"https:\/\/euapp01.newsmemory.com\/lamarseillaise\/news\/wp-json\/wp\/v2\/categories?post=36494"},{"taxonomy":"post_tag","embeddable":true,"href":"https:\/\/euapp01.newsmemory.com\/lamarseillaise\/news\/wp-json\/wp\/v2\/tags?post=36494"},{"taxonomy":"news-destination","embeddable":true,"href":"https:\/\/euapp01.newsmemory.com\/lamarseillaise\/news\/wp-json\/wp\/v2\/news-destination?post=36494"},{"taxonomy":"news-source","embeddable":true,"href":"https:\/\/euapp01.newsmemory.com\/lamarseillaise\/news\/wp-json\/wp\/v2\/news-source?post=36494"},{"taxonomy":"is_homepage","embeddable":true,"href":"https:\/\/euapp01.newsmemory.com\/lamarseillaise\/news\/wp-json\/wp\/v2\/is_homepage?post=36494"},{"taxonomy":"ta_other","embeddable":true,"href":"https:\/\/euapp01.newsmemory.com\/lamarseillaise\/news\/wp-json\/wp\/v2\/ta_other?post=36494"}],"curies":[{"name":"wp","href":"https:\/\/api.w.org\/{rel}","templated":true}]}}