{"id":36491,"date":"2026-07-16T09:15:00","date_gmt":"2026-07-16T07:15:00","guid":{"rendered":"https:\/\/euapp01.newsmemory.com\/lamarseillaise\/news\/?p=36491"},"modified":"2026-07-22T07:48:38","modified_gmt":"2026-07-22T05:48:38","slug":"la-legion-dhonneur-pour-plusieurs-personnalites","status":"publish","type":"post","link":"https:\/\/euapp01.newsmemory.com\/lamarseillaise\/news\/2026\/07\/16\/la-legion-dhonneur-pour-plusieurs-personnalites\/","title":{"rendered":"La L\u00e9gion d\u2019honneur pour plusieurs personnalit\u00e9s"},"content":{"rendered":"<div class=\"paragraph\">\n<p>Dans les Bouches-du-Rh\u00f4ne, le maire communiste de Sept\u00e8mes-les-Vallons, Andr\u00e9 Molino, d\u00e9croche les insignes de chevalier au titre du minist\u00e8re de l\u2019Am\u00e9nagement du territoire et de la D\u00e9centralisation. \u00c9lu d\u00e8s le premier tour des derni\u00e8res \u00e9lections municipales et \u00e0 la t\u00eate de sa commune depuis 1999, il voit ainsi salu\u00e9 un long engagement au service de la vie locale.<\/p>\n<\/p><\/div>\n<div class=\"intext\"> Du Pr\u00e9fet Witkowski<br \/>\n               <br \/>\u00e0 Franck Leboeuf\n              <\/div>\n<div class=\"paragraph\">\n<p>Le maire d\u2019Arles Patrick de Carolis, ancien pr\u00e9sident de France T\u00e9l\u00e9visions, est quant \u00e0 lui promu commandeur, tout comme Jacques Witkowski, pr\u00e9fet de la r\u00e9gion Provence-Alpes-C\u00f4te d\u2019Azur. Autre personnalit\u00e9 majeure du territoire distingu\u00e9e cette ann\u00e9e, \u00c9ric Berton, pr\u00e9sident d\u2019Aix-Marseille Universit\u00e9 depuis 2020, est promu au grade d\u2019officier.<\/p>\n<p>Professeur de physiologie et ancien vice-pr\u00e9sident de l\u2019\u00e9tablissement, il dirige aujourd\u2019hui la plus grande universit\u00e9 francophone du monde. Cette distinction vient reconna\u00eetre un parcours consacr\u00e9 \u00e0 l\u2019enseignement sup\u00e9rieur et \u00e0 la recherche.<\/p>\n<p>La promotion fait \u00e9galement la part belle \u00e0 plusieurs \u00e9lus et responsables publics de la r\u00e9gion. \u00c0 Aix-en-Provence, Marie-Pierre Sicard-Desnuelle, ancienne praticienne hospitali\u00e8re et aujourd\u2019hui conseill\u00e8re municipale d\u00e9l\u00e9gu\u00e9e \u00e0 la sant\u00e9 et aux relations avec les h\u00f4pitaux, est nomm\u00e9e chevalier.<\/p>\n<p>Dans le Vaucluse, Laetitia Dosne, adjointe au maire d\u2019Avignon charg\u00e9e de l\u2019action sociale, des seniors, de l\u2019emploi et de l\u2019insertion, re\u00e7oit la m\u00eame distinction pour son engagement dans les domaines sanitaire et social.<\/p>\n<p>Dans les Hautes-Alpes, Pierre Chamagne, ancien maire de Pelvoux et pr\u00e9sident d\u2019une association d\u2019aide \u00e0 la personne, rejoint lui aussi le rang des chevaliers.<\/p>\n<p>Le Var compte \u00e9galement plusieurs r\u00e9cipiendaires avec Liliane Boyer, ancienne maire du Muy, et Martine Bouvard, ancienne responsable de l\u2019\u00c9ducation nationale devenue adjointe au maire de Roquebrune. \u00c0 leurs c\u00f4t\u00e9s figure S\u00e9bastien Forest, directeur de la Dreal Paca, nomm\u00e9 chevalier.<\/p>\n<p>Cette promotion met aussi en lumi\u00e8re des personnalit\u00e9s d\u00e9j\u00e0 connues du grand public. L\u2019ancien capitaine des Bleus Marius Tr\u00e9sor et l\u2019ex-d\u00e9fenseur de l\u2019OM, Frank Leboeuf acc\u00e8dent au grade d\u2019officier.<\/p>\n<\/p><\/div>\n","protected":false},"excerpt":{"rendered":"Dans les Bouches-du-Rh&ocirc;ne, le maire communiste de Sept&egrave;mes-les-Vallons, Andr&eacute; Molino, d&eacute;croche les insignes de chevalier au titre du minist&egrave;re de l&rsquo;Am&eacute;nagement du territoire et de la &#8230;","protected":false},"author":1,"featured_media":36492,"comment_status":"open","ping_status":"open","sticky":false,"template":"","format":"standard","meta":{"footnotes":""},"categories":[3926,3925,20],"tags":[3473,3390,191,461,222,18,5127,1615],"news-destination":[3944],"news-source":[475],"is_homepage":[],"ta_other":[],"class_list":["post-36491","post","type-post","status-publish","format-standard","has-post-thumbnail","hentry","category-accueil-merge","category-accueil-third","category-societe","tag-honneur","tag-personnalites","tag-politique","tag-prix","tag-region-sud-paca","tag-sports","tag-universitaire","tag-universite","news-destination-homepage","news-source-website"],"_links":{"self":[{"href":"https:\/\/euapp01.newsmemory.com\/lamarseillaise\/news\/wp-json\/wp\/v2\/posts\/36491","targetHints":{"allow":["GET"]}}],"collection":[{"href":"https:\/\/euapp01.newsmemory.com\/lamarseillaise\/news\/wp-json\/wp\/v2\/posts"}],"about":[{"href":"https:\/\/euapp01.newsmemory.com\/lamarseillaise\/news\/wp-json\/wp\/v2\/types\/post"}],"author":[{"embeddable":true,"href":"https:\/\/euapp01.newsmemory.com\/lamarseillaise\/news\/wp-json\/wp\/v2\/users\/1"}],"replies":[{"embeddable":true,"href":"https:\/\/euapp01.newsmemory.com\/lamarseillaise\/news\/wp-json\/wp\/v2\/comments?post=36491"}],"version-history":[{"count":1,"href":"https:\/\/euapp01.newsmemory.com\/lamarseillaise\/news\/wp-json\/wp\/v2\/posts\/36491\/revisions"}],"predecessor-version":[{"id":36493,"href":"https:\/\/euapp01.newsmemory.com\/lamarseillaise\/news\/wp-json\/wp\/v2\/posts\/36491\/revisions\/36493"}],"wp:featuredmedia":[{"embeddable":true,"href":"https:\/\/euapp01.newsmemory.com\/lamarseillaise\/news\/wp-json\/wp\/v2\/media\/36492"}],"wp:attachment":[{"href":"https:\/\/euapp01.newsmemory.com\/lamarseillaise\/news\/wp-json\/wp\/v2\/media?parent=36491"}],"wp:term":[{"taxonomy":"category","embeddable":true,"href":"https:\/\/euapp01.newsmemory.com\/lamarseillaise\/news\/wp-json\/wp\/v2\/categories?post=36491"},{"taxonomy":"post_tag","embeddable":true,"href":"https:\/\/euapp01.newsmemory.com\/lamarseillaise\/news\/wp-json\/wp\/v2\/tags?post=36491"},{"taxonomy":"news-destination","embeddable":true,"href":"https:\/\/euapp01.newsmemory.com\/lamarseillaise\/news\/wp-json\/wp\/v2\/news-destination?post=36491"},{"taxonomy":"news-source","embeddable":true,"href":"https:\/\/euapp01.newsmemory.com\/lamarseillaise\/news\/wp-json\/wp\/v2\/news-source?post=36491"},{"taxonomy":"is_homepage","embeddable":true,"href":"https:\/\/euapp01.newsmemory.com\/lamarseillaise\/news\/wp-json\/wp\/v2\/is_homepage?post=36491"},{"taxonomy":"ta_other","embeddable":true,"href":"https:\/\/euapp01.newsmemory.com\/lamarseillaise\/news\/wp-json\/wp\/v2\/ta_other?post=36491"}],"curies":[{"name":"wp","href":"https:\/\/api.w.org\/{rel}","templated":true}]}}