{"id":36485,"date":"2026-07-16T08:31:00","date_gmt":"2026-07-16T06:31:00","guid":{"rendered":"https:\/\/euapp01.newsmemory.com\/lamarseillaise\/news\/?p=36485"},"modified":"2026-07-16T10:13:42","modified_gmt":"2026-07-16T08:13:42","slug":"cest-lete-reveil-sportif-a-saint-cyr-sur-mer","status":"publish","type":"post","link":"https:\/\/euapp01.newsmemory.com\/lamarseillaise\/news\/2026\/07\/16\/cest-lete-reveil-sportif-a-saint-cyr-sur-mer\/","title":{"rendered":"[C\u2019est l\u2019\u00e9t\u00e9] R\u00e9veil sportif \u00e0 Saint-Cyr-sur-Mer"},"content":{"rendered":"<div class=\"paragraph\">\n<p>Avec un large choix d\u2019activit\u00e9s qui sauront satisfaire tout un chacun\u00a0: renforcement cuisse-abdos-fessiers (lundi, mercredi et vendredi de 8h \u00e0 8h45), circuits training (mardi et jeudi de 8h \u00e0 8h45), fitness b\u00e2tons (lundi, mercredi et vendredi de oh \u00e0 9h45) et stretching (mardi et jeudi de 9h \u00e0 9h45). Le tout dans un cadre idyllique vue sur mer, \u00e0 l\u2019ombre des pins du square Ferri\u00e9, au bord de la plage des Lecques, pour profiter d\u2019une bonne baignade apr\u00e8s l\u2019effort\u00a0! Pensez seulement \u00e0 apporter vos baskets, bouteille d\u2019eau, serviette, et \u00e9ventuellement votre tapis de sport pour plus de confort.<\/p>\n<\/p><\/div>\n","protected":false},"excerpt":{"rendered":"Avec un large choix d&rsquo;activit&eacute;s qui sauront satisfaire tout un chacun&nbsp;: renforcement cuisse-abdos-fessiers (lundi, mercredi et vendredi de 8h &agrave; 8h45), circuits training (mardi et jeudi de 8h &agrave; 8h45), fitness &#8230;","protected":false},"author":1,"featured_media":36486,"comment_status":"open","ping_status":"open","sticky":false,"template":"","format":"standard","meta":{"footnotes":""},"categories":[7],"tags":[130,6085,868,975,1361,31],"news-destination":[],"news-source":[475],"is_homepage":[],"ta_other":[],"class_list":["post-36485","post","type-post","status-publish","format-standard","has-post-thumbnail","hentry","category-sports","tag-ateliers","tag-cest-lete","tag-saint-cyr-sur-mer","tag-sportifs","tag-vacances","tag-var","news-source-website"],"_links":{"self":[{"href":"https:\/\/euapp01.newsmemory.com\/lamarseillaise\/news\/wp-json\/wp\/v2\/posts\/36485","targetHints":{"allow":["GET"]}}],"collection":[{"href":"https:\/\/euapp01.newsmemory.com\/lamarseillaise\/news\/wp-json\/wp\/v2\/posts"}],"about":[{"href":"https:\/\/euapp01.newsmemory.com\/lamarseillaise\/news\/wp-json\/wp\/v2\/types\/post"}],"author":[{"embeddable":true,"href":"https:\/\/euapp01.newsmemory.com\/lamarseillaise\/news\/wp-json\/wp\/v2\/users\/1"}],"replies":[{"embeddable":true,"href":"https:\/\/euapp01.newsmemory.com\/lamarseillaise\/news\/wp-json\/wp\/v2\/comments?post=36485"}],"version-history":[{"count":1,"href":"https:\/\/euapp01.newsmemory.com\/lamarseillaise\/news\/wp-json\/wp\/v2\/posts\/36485\/revisions"}],"predecessor-version":[{"id":36487,"href":"https:\/\/euapp01.newsmemory.com\/lamarseillaise\/news\/wp-json\/wp\/v2\/posts\/36485\/revisions\/36487"}],"wp:featuredmedia":[{"embeddable":true,"href":"https:\/\/euapp01.newsmemory.com\/lamarseillaise\/news\/wp-json\/wp\/v2\/media\/36486"}],"wp:attachment":[{"href":"https:\/\/euapp01.newsmemory.com\/lamarseillaise\/news\/wp-json\/wp\/v2\/media?parent=36485"}],"wp:term":[{"taxonomy":"category","embeddable":true,"href":"https:\/\/euapp01.newsmemory.com\/lamarseillaise\/news\/wp-json\/wp\/v2\/categories?post=36485"},{"taxonomy":"post_tag","embeddable":true,"href":"https:\/\/euapp01.newsmemory.com\/lamarseillaise\/news\/wp-json\/wp\/v2\/tags?post=36485"},{"taxonomy":"news-destination","embeddable":true,"href":"https:\/\/euapp01.newsmemory.com\/lamarseillaise\/news\/wp-json\/wp\/v2\/news-destination?post=36485"},{"taxonomy":"news-source","embeddable":true,"href":"https:\/\/euapp01.newsmemory.com\/lamarseillaise\/news\/wp-json\/wp\/v2\/news-source?post=36485"},{"taxonomy":"is_homepage","embeddable":true,"href":"https:\/\/euapp01.newsmemory.com\/lamarseillaise\/news\/wp-json\/wp\/v2\/is_homepage?post=36485"},{"taxonomy":"ta_other","embeddable":true,"href":"https:\/\/euapp01.newsmemory.com\/lamarseillaise\/news\/wp-json\/wp\/v2\/ta_other?post=36485"}],"curies":[{"name":"wp","href":"https:\/\/api.w.org\/{rel}","templated":true}]}}