{"id":36479,"date":"2026-07-16T08:21:00","date_gmt":"2026-07-16T06:21:00","guid":{"rendered":"https:\/\/euapp01.newsmemory.com\/lamarseillaise\/news\/?p=36479"},"modified":"2026-07-16T10:14:44","modified_gmt":"2026-07-16T08:14:44","slug":"cest-lete-un-voyage-musical-tout-en-nuances-et-delicatesse-au-festival-daix","status":"publish","type":"post","link":"https:\/\/euapp01.newsmemory.com\/lamarseillaise\/news\/2026\/07\/16\/cest-lete-un-voyage-musical-tout-en-nuances-et-delicatesse-au-festival-daix\/","title":{"rendered":"[C\u2019est l\u2019\u00e9t\u00e9] Un voyage musical tout en nuances et d\u00e9licatesse au Festival d\u2019Aix"},"content":{"rendered":"<div class=\"paragraph\">\n<p>D\u00e9laissant La Fl\u00fbte Enchant\u00e9e dans la fosse de l\u2019Archev\u00each\u00e9, Leonardo Garc\u00eda-Alarc\u00f3n offrait, mardi soir au GTP, un d\u00e9licieux concert baroque, illumin\u00e9 par la pr\u00e9sence de la soprano bulgare Sonya Yoncheva. Soutenus par neuf pupitres choisis et d\u2019un programme rayonnant entre l\u2019Italie, Angleterre et Espagne, les deux artistes ont livr\u00e9 un peu plus d\u2019une heure d\u2019un voyage musical tout en nuance et d\u00e9licatesse. Les deux artistes ont rappel\u00e9 leur rencontre, leur projet m\u00fbri pendant les heures angoissantes de la crise du Covid et leur bonheur \u00e0 se retrouver ce soir-l\u00e0. Leur complicit\u00e9 \u00e9tait \u00e9vidente. L\u2019Argentin de La Plata, claveciniste et organiste, musicologue averti est d\u00e9sormais une incontournable figure du Festival. Outre le Mozart cette ann\u00e9e, il est, l\u2019homme des succ\u00e8s au Jeu de Paume des op\u00e9ras de Cavalli\u00a0; Elena, Erismena et de Monteverdi, Il Ritorno di Ulisse in Patria, Orfeo et L\u2019incoronazione di Poppea. Sonya Yoncheva qui a d\u00e9but\u00e9 aux c\u00f4t\u00e9s des Arts Florissants de William Christie, est depuis rompue aux grands r\u00f4les\u00a0; Violetta, Desdemona, Tatiana d\u2019On\u00e9guine, et semble mettre ses pas dans ceux de Callas en abordant Bellini, Donizetti, la M\u00e9d\u00e9e de Ch\u00e9rubini&#8230; Une voix bien ample, bien chaleureuse, pour un programme tr\u00e8s \u00ab\u00a0camerata musicale\u00a0\u00bb.<\/p>\n<p>Le baroque \u00e0 ses sources v\u00e9nitiennes est illustr\u00e9 par des madrigaux de Claudio Monteverdi, un extrait de L\u2019incoronazione di Poppea et Francesco Cavalli, bien s\u00fbr\u00a0; Xerse, L\u2019Egisto. Sans oublier une composition du ma\u00eetre Alarc\u00f3n sur une m\u00e9lodie de l\u2019Italien Antonio Draghi. Un d\u00e9tour conduit vers les derniers feux du madrigal anglais \u00e9lisab\u00e9thain d\u2019Orlando Gibbons et John Dowland. La Mort de Didon, \u00ab\u00a0Remember me\u00a0!\u00a0\u00bb du Dido &#038; \u00c6neas de Purcell, suspend le vol du temps. L\u2019auditoire est recueilli, comme il est bien plus encore lorsque la soprano entame un chant traditionnel bulgare. Puis le voyage passe par l\u2019Espagne du Siglo de Oro. Une \u00ab\u00a0J\u00e1cara\u00a0\u00bb (chanson satirique) de Lucas Ruiz De Ribayaz et une m\u00e9lodie de Jos\u00e9 Mar\u00edn Ojos. L\u2019Atlantique est alors travers\u00e9 dans ce galion musical pour conduire le public sur les rivages du Venezuela (Sim\u00f3n D\u00edaz) et l\u2019Altiplano p\u00e9ruvien (Tom\u00e1s De Torrej\u00f3n y Velazco).<\/p>\n<\/p><\/div>\n<div class=\"intext\"> Un bel instant\n              <\/div>\n<div class=\"paragraph\">\n<p>Le voyage n\u2019aurait pas eu ce charme propice aux d\u00e9couvertes sans le talent des neuf pupitres qui ont servi de guides. Tr\u00e8s applaudie la fl\u00fbte \u00e0 bec virtuose de Rodrigo Calveyra et les guitares aux teintes flamenca de Monica Pustilnik et Quito Gato, pin\u00e7ant avec tout autant de gr\u00e2ce Archiluth et Th\u00e9orbe. Sonya Yoncheva se laisse aller \u00e0 quelques pas de danses. Il n\u2019en faut pas plus pour s\u00e9duire un public d\u00e9j\u00e0 largement acquis. Pour \u00eatre enti\u00e8rement juste il convient de retenir les noms de la harpiste Marina Bonetti, des violonistes Amandine Solano et Laura Corolla, de la gambiste Margaux Blanchard, du violoncelliste Oleguer Aymami Busqu\u00e9 et du contrebassiste Eric Mathot. Ils forment le Cappella Mediterranea qui est aujourd\u2019hui l\u2019instrument incontournable du r\u00e9pertoire baroque. Instrument on ne peut plus exact que Leonardo Garc\u00eda-Alarc\u00f3n dirige presque de loin, faisant enti\u00e8re confiance aux talents de ses musiciens. Un tr\u00e8s bel instant de musique.<\/p>\n<\/p><\/div>\n","protected":false},"excerpt":{"rendered":"D&eacute;laissant La Fl&ucirc;te Enchant&eacute;e dans la fosse de l&rsquo;Archev&ecirc;ch&eacute;, Leonardo Garc&iacute;a-Alarc&oacute;n offrait, mardi soir au GTP, un d&eacute;licieux concert baroque, illumin&eacute; par la pr&eacute;sence de la &#8230;","protected":false},"author":1,"featured_media":36480,"comment_status":"open","ping_status":"open","sticky":false,"template":"","format":"standard","meta":{"footnotes":""},"categories":[32],"tags":[556,10,6085,329,4352,325],"news-destination":[],"news-source":[475],"is_homepage":[],"ta_other":[],"class_list":["post-36479","post","type-post","status-publish","format-standard","has-post-thumbnail","hentry","category-culture","tag-aix-en-provence","tag-bouches-du-rhone","tag-cest-lete","tag-festival","tag-festival-daix","tag-musique","news-source-website"],"_links":{"self":[{"href":"https:\/\/euapp01.newsmemory.com\/lamarseillaise\/news\/wp-json\/wp\/v2\/posts\/36479","targetHints":{"allow":["GET"]}}],"collection":[{"href":"https:\/\/euapp01.newsmemory.com\/lamarseillaise\/news\/wp-json\/wp\/v2\/posts"}],"about":[{"href":"https:\/\/euapp01.newsmemory.com\/lamarseillaise\/news\/wp-json\/wp\/v2\/types\/post"}],"author":[{"embeddable":true,"href":"https:\/\/euapp01.newsmemory.com\/lamarseillaise\/news\/wp-json\/wp\/v2\/users\/1"}],"replies":[{"embeddable":true,"href":"https:\/\/euapp01.newsmemory.com\/lamarseillaise\/news\/wp-json\/wp\/v2\/comments?post=36479"}],"version-history":[{"count":1,"href":"https:\/\/euapp01.newsmemory.com\/lamarseillaise\/news\/wp-json\/wp\/v2\/posts\/36479\/revisions"}],"predecessor-version":[{"id":36481,"href":"https:\/\/euapp01.newsmemory.com\/lamarseillaise\/news\/wp-json\/wp\/v2\/posts\/36479\/revisions\/36481"}],"wp:featuredmedia":[{"embeddable":true,"href":"https:\/\/euapp01.newsmemory.com\/lamarseillaise\/news\/wp-json\/wp\/v2\/media\/36480"}],"wp:attachment":[{"href":"https:\/\/euapp01.newsmemory.com\/lamarseillaise\/news\/wp-json\/wp\/v2\/media?parent=36479"}],"wp:term":[{"taxonomy":"category","embeddable":true,"href":"https:\/\/euapp01.newsmemory.com\/lamarseillaise\/news\/wp-json\/wp\/v2\/categories?post=36479"},{"taxonomy":"post_tag","embeddable":true,"href":"https:\/\/euapp01.newsmemory.com\/lamarseillaise\/news\/wp-json\/wp\/v2\/tags?post=36479"},{"taxonomy":"news-destination","embeddable":true,"href":"https:\/\/euapp01.newsmemory.com\/lamarseillaise\/news\/wp-json\/wp\/v2\/news-destination?post=36479"},{"taxonomy":"news-source","embeddable":true,"href":"https:\/\/euapp01.newsmemory.com\/lamarseillaise\/news\/wp-json\/wp\/v2\/news-source?post=36479"},{"taxonomy":"is_homepage","embeddable":true,"href":"https:\/\/euapp01.newsmemory.com\/lamarseillaise\/news\/wp-json\/wp\/v2\/is_homepage?post=36479"},{"taxonomy":"ta_other","embeddable":true,"href":"https:\/\/euapp01.newsmemory.com\/lamarseillaise\/news\/wp-json\/wp\/v2\/ta_other?post=36479"}],"curies":[{"name":"wp","href":"https:\/\/api.w.org\/{rel}","templated":true}]}}