{"id":36473,"date":"2026-07-16T08:08:00","date_gmt":"2026-07-16T06:08:00","guid":{"rendered":"https:\/\/euapp01.newsmemory.com\/lamarseillaise\/news\/?p=36473"},"modified":"2026-07-20T08:59:07","modified_gmt":"2026-07-20T06:59:07","slug":"cest-lete-ciao-moka-une-vague-culturelle-italienne-a-marseille","status":"publish","type":"post","link":"https:\/\/euapp01.newsmemory.com\/lamarseillaise\/news\/2026\/07\/16\/cest-lete-ciao-moka-une-vague-culturelle-italienne-a-marseille\/","title":{"rendered":"[C\u2019est l\u00e9t\u00e9] \u00ab Ciao Moka \u00bb, une vague culturelle italienne \u00e0 Marseille"},"content":{"rendered":"<div class=\"paragraph\">\n<p>Une vague aux couleurs criardes sort de la moka, cette cafeti\u00e8re italienne embl\u00e9matique, pour r\u00e9pandre ses notes, couleurs et la culture de la Botte sur Marseille. Symbolis\u00e9 sur l\u2019affiche de sa 6<sup>e<\/sup> \u00e9dition, l\u2019ADN de Ciao Moka, ce festival qui, \u00ab\u00a0<i>comme une mar\u00e9e montante, apporte les saveurs, rythmes et histoires d\u2019une Italie vivante, g\u00e9n\u00e9reuse et toujours en mouvement<\/i>\u00a0\u00bb. Selon Sonia Nisi, sa fondatrice et directrice, une \u00e9dition \u00ab\u00a0<i>encore plus pluridisciplinaire<\/i><i>\u00a0<\/i>\u00bb lanc\u00e9e \u00e0 l\u2019Alcazar jeudi 16\u00a0juillet \u00e0 17h30 par une rencontre avec Arianna Cecconi, \u00ab\u00a0<i>anthropologue, enseignante \u00e0 l\u2019Universit\u00e9 d\u2019Aix-Marseille et chercheuse dans le domaine des r\u00eaves et du sommeil qui viendra pr\u00e9senter son deuxi\u00e8me roman <\/i>La ronde des insomniaques\u00a0\u00bb.<\/p>\n<p>Le lendemain, place aux arts vivants pour Ciao Moka, qui investira le Parc Longchamp d\u00e8s 19h avec Yaraka. Originaire des Pouilles, un groupe qui \u00ab\u00a0<i>chante dans le dialecte de Tarento, tout en fusionnant les rythmes du sud de l\u2019Italie et de la M\u00e9diterran\u00e9e en g\u00e9n\u00e9ral. Ils explorent aussi les musiques africaines et amazoniennes dans une id\u00e9e de transe<\/i>\u00a0\u00bb, d\u00e9crit la directrice de ce festival qui poursuivra la soir\u00e9e pour les amateurs de danse avec des ateliers de pizzica, tarentelle venue du sud de l\u2019Italie, mais aussi de cin\u00e9ma. Dans le cadre de l\u2019<span class=\"mln_uppercase_mln\">\u00e9<\/span>t\u00e9 marseillais et du Cin\u00e9 plein air, <i>Nous nous sommes tant aim\u00e9s<\/i> sera projet\u00e9. Un chef-d\u2019\u0153uvre d\u2019Ettore Scola (1974) qui \u00ab\u00a0<i>retrace 30<\/i><i>\u00a0<\/i><i>ans d\u2019histoire italienne apr\u00e8s-guerre et les changements de la soci\u00e9t\u00e9. Avec des acteurs phares du cin\u00e9ma italien<\/i> (Vittorio Gassman, Stefania Sandrelli, ndlr).<i> Et c\u2019est aussi un hommage au cin\u00e9ma italien, on voit m\u00eame Federico Fellini dans le film en train de jouer son propre r\u00f4le et de tourner <\/i>La\u00a0dolce Vita\u00a0\u00bb, d\u00e9veloppe avec plaisir Sonia Nisi.<\/p>\n<\/p><\/div>\n<div class=\"intext\"> Italo-disco au sommet\n              <\/div>\n<div class=\"paragraph\">\n<p>Ciao Moka fera son retour \u00e0 l\u2019Alcazar le samedi 18\u00a0juillet \u00e0 16h, o\u00f9 le ma\u00eetre de conf\u00e9rences en histoire contemporaine \u00e0 l\u2019Universit\u00e9 d\u2019Aix-Marseille St\u00e9phane Mourlan \u00ab\u00a0<i>va raconter l\u2019histoire de l\u2019immigration italienne \u00e0 Marseille aux XIX<\/i><i><sup>e<\/sup><\/i><i> et XX<\/i><i><sup>e<\/sup><\/i><i>\u00a0<\/i><i>si\u00e8cles<\/i>\u00a0\u00bb, avant une visite guid\u00e9e sur les traces qu\u2019elle a laiss\u00e9es dans la ville. Cap ensuite, d\u00e8s 19h30, sur le toit-terrasse de la Friche Belle de Mai avec une triple performance\u00a0: la danseuse et DJ de house italienne Betty Wesh, la rappeuse et chor\u00e9graphe originaire de V\u00e9n\u00e9tie Adriana et le groupe de Valentino Vivace, \u00ab\u00a0<i>nouvelle figure montante de l\u2019italo-disco<\/i><i>\u00a0<\/i>\u00bb. Clap de fin de cette 6<sup>e<\/sup> \u00e9dition de Ciao Moka, dimanche \u00e0 17h30 avec une visite guid\u00e9e de la Belle de Mai autour de l\u2019histoire de ce quartier ouvrier irrigu\u00e9 par l\u2019immigration italienne au si\u00e8cle dernier. <span class=\"mln_uppercase_mln\">\u00e0<\/span> 19h, la Friche accueillera <i>Niente panico<\/i>, spectacle de cascades et jonglages imagin\u00e9 par le circassien florentin Giuliano Garufi, avant un karaok\u00e9 g\u00e9ant bas\u00e9 sur le r\u00e9pertoire des chansons populaires transalpines.<\/p>\n<\/p><\/div>\n","protected":false},"excerpt":{"rendered":"Une vague aux couleurs criardes sort de la moka, cette cafeti&egrave;re italienne embl&eacute;matique, pour r&eacute;pandre ses notes, couleurs et la culture de la Botte sur Marseille. Symbolis&eacute; sur l&rsquo;affiche de sa 6e &eacute;dition, &#8230;","protected":false},"author":1,"featured_media":36474,"comment_status":"open","ping_status":"open","sticky":false,"template":"","format":"standard","meta":{"footnotes":""},"categories":[3926,3925,32],"tags":[1236,10,6085,4706,329,1207,16,325,698,3221],"news-destination":[3944],"news-source":[475],"is_homepage":[],"ta_other":[],"class_list":["post-36473","post","type-post","status-publish","format-standard","has-post-thumbnail","hentry","category-accueil-merge","category-accueil-third","category-culture","tag-artistes","tag-bouches-du-rhone","tag-cest-lete","tag-chansons","tag-festival","tag-italie","tag-marseille","tag-musique","tag-rencontre","tag-universite-aix-marseille","news-destination-homepage","news-source-website"],"_links":{"self":[{"href":"https:\/\/euapp01.newsmemory.com\/lamarseillaise\/news\/wp-json\/wp\/v2\/posts\/36473","targetHints":{"allow":["GET"]}}],"collection":[{"href":"https:\/\/euapp01.newsmemory.com\/lamarseillaise\/news\/wp-json\/wp\/v2\/posts"}],"about":[{"href":"https:\/\/euapp01.newsmemory.com\/lamarseillaise\/news\/wp-json\/wp\/v2\/types\/post"}],"author":[{"embeddable":true,"href":"https:\/\/euapp01.newsmemory.com\/lamarseillaise\/news\/wp-json\/wp\/v2\/users\/1"}],"replies":[{"embeddable":true,"href":"https:\/\/euapp01.newsmemory.com\/lamarseillaise\/news\/wp-json\/wp\/v2\/comments?post=36473"}],"version-history":[{"count":1,"href":"https:\/\/euapp01.newsmemory.com\/lamarseillaise\/news\/wp-json\/wp\/v2\/posts\/36473\/revisions"}],"predecessor-version":[{"id":36475,"href":"https:\/\/euapp01.newsmemory.com\/lamarseillaise\/news\/wp-json\/wp\/v2\/posts\/36473\/revisions\/36475"}],"wp:featuredmedia":[{"embeddable":true,"href":"https:\/\/euapp01.newsmemory.com\/lamarseillaise\/news\/wp-json\/wp\/v2\/media\/36474"}],"wp:attachment":[{"href":"https:\/\/euapp01.newsmemory.com\/lamarseillaise\/news\/wp-json\/wp\/v2\/media?parent=36473"}],"wp:term":[{"taxonomy":"category","embeddable":true,"href":"https:\/\/euapp01.newsmemory.com\/lamarseillaise\/news\/wp-json\/wp\/v2\/categories?post=36473"},{"taxonomy":"post_tag","embeddable":true,"href":"https:\/\/euapp01.newsmemory.com\/lamarseillaise\/news\/wp-json\/wp\/v2\/tags?post=36473"},{"taxonomy":"news-destination","embeddable":true,"href":"https:\/\/euapp01.newsmemory.com\/lamarseillaise\/news\/wp-json\/wp\/v2\/news-destination?post=36473"},{"taxonomy":"news-source","embeddable":true,"href":"https:\/\/euapp01.newsmemory.com\/lamarseillaise\/news\/wp-json\/wp\/v2\/news-source?post=36473"},{"taxonomy":"is_homepage","embeddable":true,"href":"https:\/\/euapp01.newsmemory.com\/lamarseillaise\/news\/wp-json\/wp\/v2\/is_homepage?post=36473"},{"taxonomy":"ta_other","embeddable":true,"href":"https:\/\/euapp01.newsmemory.com\/lamarseillaise\/news\/wp-json\/wp\/v2\/ta_other?post=36473"}],"curies":[{"name":"wp","href":"https:\/\/api.w.org\/{rel}","templated":true}]}}