{"id":36470,"date":"2026-07-16T08:11:00","date_gmt":"2026-07-16T06:11:00","guid":{"rendered":"https:\/\/euapp01.newsmemory.com\/lamarseillaise\/news\/?p=36470"},"modified":"2026-07-22T07:48:38","modified_gmt":"2026-07-22T05:48:38","slug":"sur-les-berges-des-six-lacs-spectacles-et-pedagogie","status":"publish","type":"post","link":"https:\/\/euapp01.newsmemory.com\/lamarseillaise\/news\/2026\/07\/16\/sur-les-berges-des-six-lacs-spectacles-et-pedagogie\/","title":{"rendered":"Sur les berges des six lacs, spectacles et p\u00e9dagogie"},"content":{"rendered":"<div class=\"paragraph\">\n<p>\u00ab <i>B<\/i><i>onjour, Messieurs, Dames, est-ce que vous connaissez les cr\u00e9atures qui habitent dans ses montagnes<\/i><i>\u00a0<\/i><i>?<\/i><i>\u00a0<\/i>\u00bb Lorsque Fabrice Arbo, guide de montagne et conteur en tenue traditionnelle de montagnard interpelle les randonneurs, \u00e0 plus de 2\u00a0600\u00a0m\u00e8tres d\u2019altitude, ces derniers sont plut\u00f4t \u00e9tonn\u00e9s. Mais, tr\u00e8s vite, Fabrice d\u00e9roule les anecdotes, sur l\u2019ours, le loup, le bouquetin, la marmotte. L\u2019auditoire se pr\u00eate au jeu, surtout les plus petits, et on bascule des anecdotes nature aux l\u00e9gendes de montagne. \u00ab\u00a0<i>Connaissez-vous le dahu<\/i><i>\u00a0<\/i><i>?<\/i> questionne Fabrice. <i>C\u2019est un grand fain\u00e9ant<\/i><i>\u00a0<\/i><i>!<\/i>\u00a0\u00bb Bient\u00f4t, le conteur d\u00e9crit la cr\u00e9ature fantastique, sorte de ch\u00e8vre \u00e0 queue-de-renard, qui aurait les pattes avant et arri\u00e8re plus courtes d\u2019un c\u00f4t\u00e9 que de l\u2019autre, \u00ab<i>\u00a0<\/i><i>pour pouvoir traverser la montagne sans avoir \u00e0 se fatiguer \u00e0 monter et descendre<\/i>\u00a0\u00bb, explique Fabrice. Ensuite, des cris retentissent, c\u2019est tout le petit groupe qui apprend \u00e0 glapir comme l\u2019animal, suivant les indications du guide. Bient\u00f4t, l\u2019auditoire de quatre randonneurs se transforme en un groupe d\u2019une vingtaine de personnes.<\/p>\n<p>\u00ab\u00a0<i>On ne s\u2019y attendait pas<\/i><i>\u00a0<\/i><i>!<\/i>\u00a0\u00bb, s\u2019\u00e9tonne Marie, venue de Lyon \u00e0 la montagne avec son mari Antoine et leurs enfants Simon et Valentine. \u00ab\u00a0<i>C\u2019\u00e9tait super orignal<\/i><i>\u00a0<\/i><i>!<\/i>\u00a0\u00bb, commente cette derni\u00e8re. \u00ab\u00a0<i>Le plus dur, c\u2019est d\u2019arriver \u00e0 capter le public, une fois qu\u2019ils sont l\u00e0, ils se r\u00e9galent<\/i>, confie Fabrice. <i>Les enfants qui viennent ne vont pas forc\u00e9ment choisir d\u2019eux-m\u00eames un spectacle de contes \u00e0 moins d\u2019avoir \u00e9t\u00e9 berc\u00e9s par \u00e7a, mais tous n\u2019ont pas eu cette chance.<\/i>\u00a0\u00bb<i> <\/i>Adepte des longues veill\u00e9es de contes, il a opt\u00e9 cette fois pour un format de quelques minutes, afin de ne pas trop retarder les randonneurs. Une fois leur attention capt\u00e9e, Fabrice s\u2019adresse tout particuli\u00e8rement aux enfants. \u00ab<i>\u00a0<\/i><i>Ils se disent \u201ctiens<\/i><i>\u00a0<\/i><i>! il est bizarre lui, il ne parle pas comme les autres adultes, allez je l\u2019\u00e9coute\u201d, et l\u00e0 on rigole et je les fais participer, <\/i>explique-t-il.<i> Et \u00e7a fonctionne<\/i><i>\u00a0<\/i><i>! Dans toutes les soci\u00e9t\u00e9s humaines il y a des conteurs, \u00e7a fait r\u00eaver, c\u2019est intemporel.<\/i>\u00a0\u00bb<\/p>\n<p>Les contes de Fabrice font partie des animations du <i>\u00ab<\/i><i>\u00a0<\/i><i>Voyage dans le monde des six lacs<\/i><i>\u00a0<\/i><i>\u00bb.<\/i><\/p>\n<p>Chaque semaine, du 15\u00a0juillet au 18\u00a0ao\u00fbt, l\u2019un des six lacs d\u2019altitude d\u2019Orci\u00e8res accueille des sculpteurs, musiciens et artistes le temps d\u2019une journ\u00e9e pour surprendre les randonneurs et leur proposer une pause artistique au fil de l\u2019eau. Une programmation hebdomadaire en plein air, gratuite pour tous les \u00e2ges. Le but est de faire du paysage unique des six lacs une v\u00e9ritable sc\u00e8ne artistique \u00e0 ciel ouvert.<\/p>\n<p><span class=\"mln_uppercase_mln\">\u00e0<\/span> quelques pas de Fabrice, une petite \u00e9quipe du Parc National des \u00c9crins pr\u00e9sente aux randonneurs des cr\u00e2nes de chamois et de bouquetins, mais aussi des jeux qui consistent \u00e0 identifier un animal \u00e0 ses empreintes ou un rapace \u00e0 sa forme et son envergure.<\/p>\n<\/p><\/div>\n<div class=\"intext\"> Vivre la montagne&#8230;<br \/>\n               <br \/>et la respecter\n              <\/div>\n<div class=\"paragraph\">\n<p>\u00ab\u00a0<i>Le but, c\u2019est d\u2019am\u00e9liorer la connaissance de la faune sauvage du public, souvent les gens connaissent la marmotte mais pas vraiment les autres esp\u00e8ces<\/i><i>\u00a0<\/i>\u00bb<i>,<\/i> pr\u00e9sente Marion Moing agent du Parc. Une activit\u00e9 compl\u00e9mentaire aux animations artistiques, si l\u2019affluence estivale en montagne est en hausse, il reste cependant \u00e0 concilier celle-ci avec la pr\u00e9servation du cadre naturel. \u00ab<i>\u00a0<\/i><i>\u00c7a permet d\u2019expliquer les conditions de vie de ces animaux, l\u2019impact qu\u2019a l\u2019humain sur ces esp\u00e8ces, rappeler aussi les r\u00e9glementations de bivouac, les comportements \u00e0 respecter avec les chiens de troupeau pour que tout se passe bien en montagne, surtout avec l\u2019explosion de la fr\u00e9quentation qu\u2019il y a actuellement<\/i><i>\u00a0<\/i>\u00bb, explique-t-elle.<\/p>\n<\/p><\/div>\n","protected":false},"excerpt":{"rendered":"&laquo; Bonjour, Messieurs, Dames, est-ce que vous connaissez les cr&eacute;atures qui habitent dans ses montagnes&nbsp;?&nbsp;&raquo; Lorsque Fabrice Arbo, guide de montagne et conteur en tenue traditionnelle de montagnard interpelle les &#8230;","protected":false},"author":1,"featured_media":36471,"comment_status":"open","ping_status":"open","sticky":false,"template":"","format":"standard","meta":{"footnotes":""},"categories":[3926,3925,32,20],"tags":[4768,84,2421,35,4468,3415,1393,529],"news-destination":[3944],"news-source":[475],"is_homepage":[],"ta_other":[],"class_list":["post-36470","post","type-post","status-publish","format-standard","has-post-thumbnail","hentry","category-accueil-merge","category-accueil-third","category-culture","category-societe","tag-alpes","tag-biodiversite","tag-contes","tag-culture","tag-hautes-alpes","tag-montagne","tag-randonnee","tag-spectacle","news-destination-homepage","news-source-website"],"_links":{"self":[{"href":"https:\/\/euapp01.newsmemory.com\/lamarseillaise\/news\/wp-json\/wp\/v2\/posts\/36470","targetHints":{"allow":["GET"]}}],"collection":[{"href":"https:\/\/euapp01.newsmemory.com\/lamarseillaise\/news\/wp-json\/wp\/v2\/posts"}],"about":[{"href":"https:\/\/euapp01.newsmemory.com\/lamarseillaise\/news\/wp-json\/wp\/v2\/types\/post"}],"author":[{"embeddable":true,"href":"https:\/\/euapp01.newsmemory.com\/lamarseillaise\/news\/wp-json\/wp\/v2\/users\/1"}],"replies":[{"embeddable":true,"href":"https:\/\/euapp01.newsmemory.com\/lamarseillaise\/news\/wp-json\/wp\/v2\/comments?post=36470"}],"version-history":[{"count":1,"href":"https:\/\/euapp01.newsmemory.com\/lamarseillaise\/news\/wp-json\/wp\/v2\/posts\/36470\/revisions"}],"predecessor-version":[{"id":36472,"href":"https:\/\/euapp01.newsmemory.com\/lamarseillaise\/news\/wp-json\/wp\/v2\/posts\/36470\/revisions\/36472"}],"wp:featuredmedia":[{"embeddable":true,"href":"https:\/\/euapp01.newsmemory.com\/lamarseillaise\/news\/wp-json\/wp\/v2\/media\/36471"}],"wp:attachment":[{"href":"https:\/\/euapp01.newsmemory.com\/lamarseillaise\/news\/wp-json\/wp\/v2\/media?parent=36470"}],"wp:term":[{"taxonomy":"category","embeddable":true,"href":"https:\/\/euapp01.newsmemory.com\/lamarseillaise\/news\/wp-json\/wp\/v2\/categories?post=36470"},{"taxonomy":"post_tag","embeddable":true,"href":"https:\/\/euapp01.newsmemory.com\/lamarseillaise\/news\/wp-json\/wp\/v2\/tags?post=36470"},{"taxonomy":"news-destination","embeddable":true,"href":"https:\/\/euapp01.newsmemory.com\/lamarseillaise\/news\/wp-json\/wp\/v2\/news-destination?post=36470"},{"taxonomy":"news-source","embeddable":true,"href":"https:\/\/euapp01.newsmemory.com\/lamarseillaise\/news\/wp-json\/wp\/v2\/news-source?post=36470"},{"taxonomy":"is_homepage","embeddable":true,"href":"https:\/\/euapp01.newsmemory.com\/lamarseillaise\/news\/wp-json\/wp\/v2\/is_homepage?post=36470"},{"taxonomy":"ta_other","embeddable":true,"href":"https:\/\/euapp01.newsmemory.com\/lamarseillaise\/news\/wp-json\/wp\/v2\/ta_other?post=36470"}],"curies":[{"name":"wp","href":"https:\/\/api.w.org\/{rel}","templated":true}]}}