{"id":36467,"date":"2026-07-16T08:01:00","date_gmt":"2026-07-16T06:01:00","guid":{"rendered":"https:\/\/euapp01.newsmemory.com\/lamarseillaise\/news\/?p=36467"},"modified":"2026-07-22T07:31:59","modified_gmt":"2026-07-22T05:31:59","slug":"cest-lete-la-liaison-maritime-entre-toulon-et-la-seyne","status":"publish","type":"post","link":"https:\/\/euapp01.newsmemory.com\/lamarseillaise\/news\/2026\/07\/16\/cest-lete-la-liaison-maritime-entre-toulon-et-la-seyne\/","title":{"rendered":"[C\u2019est l\u2019\u00e9t\u00e9] La liaison maritime entre Toulon et La Seyne"},"content":{"rendered":"<div class=\"paragraph\">\n<p>\u00ab <i>A<\/i><i>vec le bateau-bus, on allie l\u2019utile \u00e0 l\u2019agr\u00e9able.<\/i><i>\u00a0<\/i>\u00bb<i> <\/i>Sur les quais de Toulon, La Seyne ou des Sablettes, la formule revient souvent. Pour les usagers, les navettes maritimes sont devenues bien plus qu\u2019une attraction touristique\u00a0: elles facilitent le quotidien en offrant un trajet plus agr\u00e9able, souvent plus rapide et moins stressant.<\/p>\n<p>Depuis La Seyne-sur-Mer, Emmanuelle emprunte le bateau-bus pour rejoindre son travail \u00e0 Toulon. \u00ab\u00a0<i>S\u2019il n\u2019y avait pas ce bateau, je prendrais la voiture. En bus, c\u2019est gal\u00e8re. L\u00e0, on \u00e9vite les embouteillages et les difficult\u00e9s pour se garer. On gagne en qualit\u00e9 de vie.<\/i><i>\u00a0<\/i>\u00bb Elle souligne aussi la ponctualit\u00e9 des travers\u00e9es et la fr\u00e9quence des d\u00e9parts. \u00ab\u00a0<i>Les horaires sont toujours respect\u00e9s.<\/i><i>\u00a0<\/i>\u00bb M\u00eame constat pour Patricia, employ\u00e9e dans un cabinet comptable, qui traverse la rade tous les jours pour aller travailler. \u00ab<i>\u00a0<\/i><i>C\u2019est plus rapide, il y a moins de monde, plus de fra\u00eecheur. Qui n\u2019appr\u00e9cierait pas cette travers\u00e9e<\/i><i>\u00a0<\/i><i>?<\/i><i>\u00a0<\/i>\u00bb Pour moins de 30\u00a0euros par mois avec son abonnement, elle estime y \u00eatre largement gagnante. \u00ab<i>\u00a0<\/i><i>Mes s\u0153urs qui vivent \u00e0 Lyon me disent que j\u2019ai vraiment de la chance d\u2019aller travailler en bateau.<\/i><i>\u00a0<\/i>\u00bb Pour Mohammed, d\u00e9veloppeur informatique, le principal avantage est d\u2019\u00e9viter les bouchons. \u00ab<i>\u00a0<\/i><i>Je ne suis jamais en retard et il y a toujours une place assise.<\/i><i>\u00a0<\/i>\u00bb Avec un passage toutes les vingt minutes et un carnet de dix tickets \u00e0 6,50 euros, il juge que c\u2019est \u00ab<i>\u00a0<\/i><i>tr\u00e8s abordable<\/i><i>\u00a0<\/i>\u00bb<i>. <\/i>\u00ab<i>\u00a0<\/i><i>Si la ligne \u00e9tait supprim\u00e9e, ce ne serait pas top financi\u00e8rement.<\/i><i>\u00a0<\/i>\u00bb<\/p>\n<p>L\u2019\u00e9t\u00e9, les bateaux-bus attirent aussi les amateurs de baignade et de balade. G\u00e9rard, retrait\u00e9, ne s\u2019en lasse pas. \u00ab<i>\u00a0<\/i><i>Pour aller \u00e0 la plage avec la serviette sur l\u2019\u00e9paule, c\u2019est idyllique. En voiture, c\u2019est plus long et impossible de se garer. L\u00e0, en vingt minutes, on est aux Sablettes.<\/i><i>\u00a0<\/i>\u00bb Avant de courir embarquer, il glisse avec le sourire\u00a0: \u00ab<i>\u00a0<\/i><i>Des gens payent pour visiter la rade en bateau. Nous, pour 2<\/i><i>\u00a0<\/i><i>euros, on profite des sous-marins, des voiliers&#8230; Si la ligne dispara\u00eet, je d\u00e9m\u00e9nage<\/i><i>\u00a0<\/i><i>!<\/i><i>\u00a0<\/i>\u00bb Puis il s\u2019interrompt\u00a0: \u00ab<i>\u00a0<\/i><i>Bon, je vais prendre le bateau, il va partir sans moi<\/i><i>\u00a0<\/i><i>!<\/i><i>\u00a0<\/i>\u00bb Pour les touristes aussi, l\u2019exp\u00e9rience fait partie des vacances. Venue de Nice, Marie-Ange, a d\u00e9couvert le r\u00e9seau gr\u00e2ce&#8230; \u00e0 un chauffeur de bus. \u00ab<i>\u00a0<\/i><i>C\u2019est un d\u00e9placement sympathique tout en appr\u00e9ciant le paysage. Cette semaine, j\u2019alterne entre Saint-Mandrier et les Sablettes pour me balader et aller \u00e0 la plage.<\/i><i>\u00a0<\/i>\u00bb<\/p>\n<\/p><\/div>\n<div class=\"intext\"> Une alternative<br \/>\n               <br \/>\u00e0 la voiture\n              <\/div>\n<div class=\"paragraph\">\n<p>M\u00eame enthousiasme pour la famille de Blandine, Sabine, Lidwine et Vincent qui embarque r\u00e9guli\u00e8rement avec des amis. \u00ab<i>\u00a0<\/i><i>C\u2019est magnifique, la vue sur la rade est incroyable. C\u2019est vraiment quelque chose \u00e0 faire quand on vient \u00e0 Toulon.<\/i><i>\u00a0<\/i>\u00bb Manon, lyc\u00e9enne, l\u2019utilise tous les jours. \u00ab<i>\u00a0<\/i><i>Je pourrais prendre deux bus, mais je pr\u00e9f\u00e8re marcher un peu jusqu\u2019au bateau. Il y en a deux fois plus et je gagne du temps.<\/i><i>\u00a0<\/i>\u00bb Elle ne cache pas sa pr\u00e9f\u00e9rence\u00a0: \u00ab<i>\u00a0<\/i><i>Quand j\u2019\u00e9tais petite, je r\u00eavais de monter dedans. Depuis trois ans, je suis toujours aussi contente de le prendre.<\/i><i>\u00a0<\/i>\u00bb Son amie Yasmine l\u2019utilise l\u2019\u00e9t\u00e9 pour aller faire du shopping \u00e0 Toulon ou rejoindre la plage. Pour Xavier, vacancier ari\u00e9geois, qui rejoint la gare de Toulon par la mer, la travers\u00e9e est un plaisir en soi\u00a0: \u00ab\u00a0<i>C\u2019est pour le plaisir d\u2019\u00eatre sur l\u2019eau.<\/i><i>\u00a0<\/i>\u00bb<\/p>\n<p>Le succ\u00e8s du r\u00e9seau se confirme. En 2024, les bateaux-bus Mistral ont franchi le cap des 2\u00a0millions de passagers. Avec 244 d\u00e9parts par jour l\u2019\u00e9t\u00e9, une travers\u00e9e \u00e0 2\u00a0euros et une correspondance gratuite avec le r\u00e9seau de bus pendant une heure, ils s\u2019imposent comme une v\u00e9ritable alternative \u00e0 la voiture.<\/p>\n<p>Lydia, qui rejoint son travail aux Sablettes, r\u00e9sume l\u2019opinion g\u00e9n\u00e9rale. \u00ab<i>\u00a0<\/i><i>Je recommande \u00e0 tout le monde. Avec les fortes chaleurs, c\u2019est bien plus agr\u00e9able. C\u2019est dommage qu\u2019on ne puisse pas aller jusqu\u2019\u00e0 Hy\u00e8res, Bandol ou Saint-Cyr, ce serait g\u00e9nial.<\/i><i>\u00a0<\/i>\u00bb<i> <\/i>Pour beaucoup d\u2019usagers, les bateaux-bus transportent bien plus que des voyageurs, ils offrent chaque jour un peu de temps gagn\u00e9, de stress en moins et le privil\u00e8ge rare de commencer ou terminer sa journ\u00e9e au fil de l\u2019eau.<\/p>\n<\/p><\/div>\n","protected":false},"excerpt":{"rendered":"&laquo; Avec le bateau-bus, on allie l&rsquo;utile &agrave; l&rsquo;agr&eacute;able.&nbsp;&raquo; Sur les quais de Toulon, La Seyne ou des Sablettes, la formule revient souvent. Pour les usagers, les navettes maritimes sont devenues bien plus &#8230;","protected":false},"author":1,"featured_media":36468,"comment_status":"open","ping_status":"open","sticky":false,"template":"","format":"standard","meta":{"footnotes":""},"categories":[3926,3925,20],"tags":[1222,6085,398,1856,128,85,1034,597,347,31],"news-destination":[3944],"news-source":[475],"is_homepage":[],"ta_other":[],"class_list":["post-36467","post","type-post","status-publish","format-standard","has-post-thumbnail","hentry","category-accueil-merge","category-accueil-third","category-societe","tag-bateau","tag-cest-lete","tag-la-seyne-sur-mer","tag-maritime","tag-mediterranee","tag-mer","tag-reportage","tag-toulon","tag-tourisme","tag-var","news-destination-homepage","news-source-website"],"_links":{"self":[{"href":"https:\/\/euapp01.newsmemory.com\/lamarseillaise\/news\/wp-json\/wp\/v2\/posts\/36467","targetHints":{"allow":["GET"]}}],"collection":[{"href":"https:\/\/euapp01.newsmemory.com\/lamarseillaise\/news\/wp-json\/wp\/v2\/posts"}],"about":[{"href":"https:\/\/euapp01.newsmemory.com\/lamarseillaise\/news\/wp-json\/wp\/v2\/types\/post"}],"author":[{"embeddable":true,"href":"https:\/\/euapp01.newsmemory.com\/lamarseillaise\/news\/wp-json\/wp\/v2\/users\/1"}],"replies":[{"embeddable":true,"href":"https:\/\/euapp01.newsmemory.com\/lamarseillaise\/news\/wp-json\/wp\/v2\/comments?post=36467"}],"version-history":[{"count":1,"href":"https:\/\/euapp01.newsmemory.com\/lamarseillaise\/news\/wp-json\/wp\/v2\/posts\/36467\/revisions"}],"predecessor-version":[{"id":36469,"href":"https:\/\/euapp01.newsmemory.com\/lamarseillaise\/news\/wp-json\/wp\/v2\/posts\/36467\/revisions\/36469"}],"wp:featuredmedia":[{"embeddable":true,"href":"https:\/\/euapp01.newsmemory.com\/lamarseillaise\/news\/wp-json\/wp\/v2\/media\/36468"}],"wp:attachment":[{"href":"https:\/\/euapp01.newsmemory.com\/lamarseillaise\/news\/wp-json\/wp\/v2\/media?parent=36467"}],"wp:term":[{"taxonomy":"category","embeddable":true,"href":"https:\/\/euapp01.newsmemory.com\/lamarseillaise\/news\/wp-json\/wp\/v2\/categories?post=36467"},{"taxonomy":"post_tag","embeddable":true,"href":"https:\/\/euapp01.newsmemory.com\/lamarseillaise\/news\/wp-json\/wp\/v2\/tags?post=36467"},{"taxonomy":"news-destination","embeddable":true,"href":"https:\/\/euapp01.newsmemory.com\/lamarseillaise\/news\/wp-json\/wp\/v2\/news-destination?post=36467"},{"taxonomy":"news-source","embeddable":true,"href":"https:\/\/euapp01.newsmemory.com\/lamarseillaise\/news\/wp-json\/wp\/v2\/news-source?post=36467"},{"taxonomy":"is_homepage","embeddable":true,"href":"https:\/\/euapp01.newsmemory.com\/lamarseillaise\/news\/wp-json\/wp\/v2\/is_homepage?post=36467"},{"taxonomy":"ta_other","embeddable":true,"href":"https:\/\/euapp01.newsmemory.com\/lamarseillaise\/news\/wp-json\/wp\/v2\/ta_other?post=36467"}],"curies":[{"name":"wp","href":"https:\/\/api.w.org\/{rel}","templated":true}]}}