{"id":36464,"date":"2026-07-16T07:49:00","date_gmt":"2026-07-16T05:49:00","guid":{"rendered":"https:\/\/euapp01.newsmemory.com\/lamarseillaise\/news\/?p=36464"},"modified":"2026-07-22T07:31:59","modified_gmt":"2026-07-22T05:31:59","slug":"cest-lete-a-saint-remy-musiciens-et-chanteurs-retiennent-la-nuit","status":"publish","type":"post","link":"https:\/\/euapp01.newsmemory.com\/lamarseillaise\/news\/2026\/07\/16\/cest-lete-a-saint-remy-musiciens-et-chanteurs-retiennent-la-nuit\/","title":{"rendered":"[C\u2019est l\u2019\u00e9t\u00e9] \u00c0 Saint-R\u00e9my, musiciens et chanteurs retiennent la nuit"},"content":{"rendered":"<div class=\"paragraph\">\n<p>\u00ab <i>I<\/i><i>l est de ces lieux o\u00f9 la musique ne r\u00e9sonne pas de la m\u00eame mani\u00e8re<\/i>\u00a0\u00bb, affirme Mathieu Herzog, directeur du Festival de Glanum \u00e9tabli sur ce site antique datant de l\u2019Empire romain situ\u00e9 au pied des Alpilles. \u00ab\u00a0<i>Le silence y est habit\u00e9, les pierres portent une m\u00e9moire et chaque son semble trouver une profondeur particuli\u00e8re. Lorsque la nuit tombe, l\u2019\u00e9coute devient plus int\u00e9rieure et libre. La musique y prend une dimension presque intime. C\u2019est de cette sensation qu\u2019est n\u00e9e cette 11<\/i><i><sup>e<\/sup><\/i><i>\u00a0<\/i><i>\u00e9dition, plac\u00e9e sous le signe de la nuit<\/i>\u00a0\u00bb, d\u00e9veloppe-t-il \u00e0 propos de ce festival qui s\u2019\u00e9lancera jeudi 16\u00a0juillet par les <i>Splendeurs du baroque italien<\/i>. Nourri par des \u0153uvres de Pergol\u00e8se et Vivaldi, un programme interpr\u00e9t\u00e9 par la soprano Gwendoline Blondeel, le contre-t\u00e9nor Philippe Jaroussky et dirig\u00e9 par le violoniste Thibault Noally.<\/p>\n<\/p><\/div>\n<div class=\"intext\"> \u00ab\u00a0Paysages nocturnes\u00a0\u00bb\n              <\/div>\n<div class=\"paragraph\">\n<p>Dans cette ancienne cit\u00e9 gallo-romaine et v\u00e9ritable mus\u00e9e \u00e0 ciel ouvert, trois soir\u00e9es \u00e9chafaud\u00e9es comme autant de \u00ab\u00a0<i>voyages<\/i>\u00a0\u00bb, illustreront aussi <i>Les grands airs de la nuit<\/i>, pr\u00e9vus le lendemain. Le sextet du trompettiste Romain Leleu dispensera des notes jazz aux \u00ab\u00a0<i>r\u00e9sonances cin\u00e9matographiques<\/i>\u00a0\u00bb, avant la prestation de la grande mezzo-soprano Marina Viotti. Accompagn\u00e9e du guitariste Gabriel Bianco et du violoncelliste L\u00e9onard Disselhorst, elle d\u00e9peindra de sa voix puissante des \u00ab\u00a0<i>paysages nocturnes aux multiples visages<\/i><i>\u00a0<\/i>\u00bb sugg\u00e9r\u00e9s par des compositeurs tels que Schubert, Nino Rotta ou encore Dizzie Gillespie.<\/p>\n<p>Soir\u00e9e de cl\u00f4ture du Festival de Glanum pr\u00e9vue samedi 18\u00a0juillet avec une cr\u00e9ation dirig\u00e9e par Mathieu Herzog lui-m\u00eame et port\u00e9e par les voix de Ka\u00efna Blada, Ne\u00efma Naouri ou Bastien Jacquemart, sous la forme d\u2019une \u00ab\u00a0<i>version symphonique<\/i><i>\u00a0<\/i>\u00bb de la com\u00e9die musicale am\u00e9ricaine <i>West Side Story<\/i>.<\/p>\n<\/p><\/div>\n","protected":false},"excerpt":{"rendered":"&laquo; Il est de ces lieux o&ugrave; la musique ne r&eacute;sonne pas de la m&ecirc;me mani&egrave;re&nbsp;&raquo;, affirme Mathieu Herzog, directeur du Festival de Glanum &eacute;tabli sur ce site antique datant de l&rsquo;Empire romain &#8230;","protected":false},"author":1,"featured_media":36465,"comment_status":"open","ping_status":"open","sticky":false,"template":"","format":"standard","meta":{"footnotes":""},"categories":[3926,3925,32],"tags":[10,6085,400,329,325,2610],"news-destination":[3944],"news-source":[475],"is_homepage":[],"ta_other":[],"class_list":["post-36464","post","type-post","status-publish","format-standard","has-post-thumbnail","hentry","category-accueil-merge","category-accueil-third","category-culture","tag-bouches-du-rhone","tag-cest-lete","tag-concerts","tag-festival","tag-musique","tag-saint-remy-de-provence","news-destination-homepage","news-source-website"],"_links":{"self":[{"href":"https:\/\/euapp01.newsmemory.com\/lamarseillaise\/news\/wp-json\/wp\/v2\/posts\/36464","targetHints":{"allow":["GET"]}}],"collection":[{"href":"https:\/\/euapp01.newsmemory.com\/lamarseillaise\/news\/wp-json\/wp\/v2\/posts"}],"about":[{"href":"https:\/\/euapp01.newsmemory.com\/lamarseillaise\/news\/wp-json\/wp\/v2\/types\/post"}],"author":[{"embeddable":true,"href":"https:\/\/euapp01.newsmemory.com\/lamarseillaise\/news\/wp-json\/wp\/v2\/users\/1"}],"replies":[{"embeddable":true,"href":"https:\/\/euapp01.newsmemory.com\/lamarseillaise\/news\/wp-json\/wp\/v2\/comments?post=36464"}],"version-history":[{"count":1,"href":"https:\/\/euapp01.newsmemory.com\/lamarseillaise\/news\/wp-json\/wp\/v2\/posts\/36464\/revisions"}],"predecessor-version":[{"id":36466,"href":"https:\/\/euapp01.newsmemory.com\/lamarseillaise\/news\/wp-json\/wp\/v2\/posts\/36464\/revisions\/36466"}],"wp:featuredmedia":[{"embeddable":true,"href":"https:\/\/euapp01.newsmemory.com\/lamarseillaise\/news\/wp-json\/wp\/v2\/media\/36465"}],"wp:attachment":[{"href":"https:\/\/euapp01.newsmemory.com\/lamarseillaise\/news\/wp-json\/wp\/v2\/media?parent=36464"}],"wp:term":[{"taxonomy":"category","embeddable":true,"href":"https:\/\/euapp01.newsmemory.com\/lamarseillaise\/news\/wp-json\/wp\/v2\/categories?post=36464"},{"taxonomy":"post_tag","embeddable":true,"href":"https:\/\/euapp01.newsmemory.com\/lamarseillaise\/news\/wp-json\/wp\/v2\/tags?post=36464"},{"taxonomy":"news-destination","embeddable":true,"href":"https:\/\/euapp01.newsmemory.com\/lamarseillaise\/news\/wp-json\/wp\/v2\/news-destination?post=36464"},{"taxonomy":"news-source","embeddable":true,"href":"https:\/\/euapp01.newsmemory.com\/lamarseillaise\/news\/wp-json\/wp\/v2\/news-source?post=36464"},{"taxonomy":"is_homepage","embeddable":true,"href":"https:\/\/euapp01.newsmemory.com\/lamarseillaise\/news\/wp-json\/wp\/v2\/is_homepage?post=36464"},{"taxonomy":"ta_other","embeddable":true,"href":"https:\/\/euapp01.newsmemory.com\/lamarseillaise\/news\/wp-json\/wp\/v2\/ta_other?post=36464"}],"curies":[{"name":"wp","href":"https:\/\/api.w.org\/{rel}","templated":true}]}}