{"id":36461,"date":"2026-07-16T07:37:00","date_gmt":"2026-07-16T05:37:00","guid":{"rendered":"https:\/\/euapp01.newsmemory.com\/lamarseillaise\/news\/?p=36461"},"modified":"2026-07-22T07:18:56","modified_gmt":"2026-07-22T05:18:56","slug":"une-coupure-de-courant-paralyse-une-partie-de-martigues","status":"publish","type":"post","link":"https:\/\/euapp01.newsmemory.com\/lamarseillaise\/news\/2026\/07\/16\/une-coupure-de-courant-paralyse-une-partie-de-martigues\/","title":{"rendered":"Une coupure de courant paralyse une partie de Martigues"},"content":{"rendered":"<div class=\"paragraph\">\n<p>Dans le quartier de l\u2019\u00cele, tous les rideaux de fer des vitrines \u00e9taient descendus ce mercredi en d\u00e9but d\u2019apr\u00e8s-midi. Et pour cause\u00a0: une coupure d\u2019\u00e9lectricit\u00e9 a paralys\u00e9 une partie de la ville d\u00e8s mardi soir.<\/p>\n<p>\u00ab\u00a0<i>Dans la nuit du 14 au 15<\/i><i>\u00a0<\/i><i>juillet, \u00e0 00h30, un incident est survenu sur le r\u00e9seau public de distribution d\u2019\u00e9lectricit\u00e9 dans les communes de Martigues et Ch\u00e2teauneuf-les-Martigues, dans un contexte de tr\u00e8s fortes chaleurs. 6<\/i><i>\u00a0<\/i><i>000 clients ont \u00e9t\u00e9 priv\u00e9s d\u2019\u00e9lectricit\u00e9<\/i>\u00a0\u00bb, explique Enedis, qui assure avoir imm\u00e9diatement mobilis\u00e9 ses \u00e9quipes pour r\u00e9tablir l\u2019alimentation dans les meilleurs d\u00e9lais.<\/p>\n<p>Les tr\u00e8s fortes chaleurs cumul\u00e9es sur plusieurs jours avec une temp\u00e9rature qui ne descend pas la nuit ont fait monter la temp\u00e9rature des sols goudronn\u00e9s \u00e0 80 degr\u00e9s, ce qui a mis en forte contrainte les r\u00e9seaux souterrains. Ce sont des bo\u00eetes de jonction (qui servent \u00e0 relier deux c\u00e2bles souterrains entre eux) qui sont \u00e0 l\u2019origine de l\u2019incident de cette nuit.<\/p>\n<p>Les \u00e9quipes techniques d\u2019Enedis utilisent un camion \u00e9quip\u00e9 de d\u00e9tecteurs afin de localiser tr\u00e8s pr\u00e9cis\u00e9ment l\u2019endroit du c\u00e2ble souterrain \u00e0 r\u00e9parer pour intervenir \u00ab\u00a0<i>au plus juste, en ouvrant la chauss\u00e9e et en rempla\u00e7ant le mat\u00e9riel \u00e9lectrique endommag\u00e9, tout en limitant au maximum les nuisances pour les riverains et la collectivit\u00e9<\/i>\u00a0\u00bb, poursuit le gestionnaire, qui s\u2019excuse pour la g\u00eane occasionn\u00e9e.<\/p>\n<\/p><\/div>\n","protected":false},"excerpt":{"rendered":"Dans le quartier de l&rsquo;&Icirc;le, tous les rideaux de fer des vitrines &eacute;taient descendus ce mercredi en d&eacute;but d&rsquo;apr&egrave;s-midi. Et pour cause&nbsp;: une coupure d&rsquo;&eacute;lectricit&eacute; a paralys&eacute; une &#8230;","protected":false},"author":1,"featured_media":36462,"comment_status":"open","ping_status":"open","sticky":false,"template":"","format":"standard","meta":{"footnotes":""},"categories":[3926,3925,20],"tags":[10,2973,6101,212,1392,6100,63],"news-destination":[3944],"news-source":[475],"is_homepage":[],"ta_other":[],"class_list":["post-36461","post","type-post","status-publish","format-standard","has-post-thumbnail","hentry","category-accueil-merge","category-accueil-third","category-societe","tag-bouches-du-rhone","tag-chateauneuf-les-martigues","tag-coupure","tag-distribution","tag-electrique","tag-enedis","tag-martigues","news-destination-homepage","news-source-website"],"_links":{"self":[{"href":"https:\/\/euapp01.newsmemory.com\/lamarseillaise\/news\/wp-json\/wp\/v2\/posts\/36461","targetHints":{"allow":["GET"]}}],"collection":[{"href":"https:\/\/euapp01.newsmemory.com\/lamarseillaise\/news\/wp-json\/wp\/v2\/posts"}],"about":[{"href":"https:\/\/euapp01.newsmemory.com\/lamarseillaise\/news\/wp-json\/wp\/v2\/types\/post"}],"author":[{"embeddable":true,"href":"https:\/\/euapp01.newsmemory.com\/lamarseillaise\/news\/wp-json\/wp\/v2\/users\/1"}],"replies":[{"embeddable":true,"href":"https:\/\/euapp01.newsmemory.com\/lamarseillaise\/news\/wp-json\/wp\/v2\/comments?post=36461"}],"version-history":[{"count":1,"href":"https:\/\/euapp01.newsmemory.com\/lamarseillaise\/news\/wp-json\/wp\/v2\/posts\/36461\/revisions"}],"predecessor-version":[{"id":36463,"href":"https:\/\/euapp01.newsmemory.com\/lamarseillaise\/news\/wp-json\/wp\/v2\/posts\/36461\/revisions\/36463"}],"wp:featuredmedia":[{"embeddable":true,"href":"https:\/\/euapp01.newsmemory.com\/lamarseillaise\/news\/wp-json\/wp\/v2\/media\/36462"}],"wp:attachment":[{"href":"https:\/\/euapp01.newsmemory.com\/lamarseillaise\/news\/wp-json\/wp\/v2\/media?parent=36461"}],"wp:term":[{"taxonomy":"category","embeddable":true,"href":"https:\/\/euapp01.newsmemory.com\/lamarseillaise\/news\/wp-json\/wp\/v2\/categories?post=36461"},{"taxonomy":"post_tag","embeddable":true,"href":"https:\/\/euapp01.newsmemory.com\/lamarseillaise\/news\/wp-json\/wp\/v2\/tags?post=36461"},{"taxonomy":"news-destination","embeddable":true,"href":"https:\/\/euapp01.newsmemory.com\/lamarseillaise\/news\/wp-json\/wp\/v2\/news-destination?post=36461"},{"taxonomy":"news-source","embeddable":true,"href":"https:\/\/euapp01.newsmemory.com\/lamarseillaise\/news\/wp-json\/wp\/v2\/news-source?post=36461"},{"taxonomy":"is_homepage","embeddable":true,"href":"https:\/\/euapp01.newsmemory.com\/lamarseillaise\/news\/wp-json\/wp\/v2\/is_homepage?post=36461"},{"taxonomy":"ta_other","embeddable":true,"href":"https:\/\/euapp01.newsmemory.com\/lamarseillaise\/news\/wp-json\/wp\/v2\/ta_other?post=36461"}],"curies":[{"name":"wp","href":"https:\/\/api.w.org\/{rel}","templated":true}]}}