{"id":36458,"date":"2026-07-16T07:38:00","date_gmt":"2026-07-16T05:38:00","guid":{"rendered":"https:\/\/euapp01.newsmemory.com\/lamarseillaise\/news\/?p=36458"},"modified":"2026-07-22T07:18:56","modified_gmt":"2026-07-22T05:18:56","slug":"david-rachline-force-de-retirer-une-banderole-xenophobe-de-la-facade-de-la-mairie-de-frejus","status":"publish","type":"post","link":"https:\/\/euapp01.newsmemory.com\/lamarseillaise\/news\/2026\/07\/16\/david-rachline-force-de-retirer-une-banderole-xenophobe-de-la-facade-de-la-mairie-de-frejus\/","title":{"rendered":"David Rachline forc\u00e9 de retirer une banderole x\u00e9nophobe de la fa\u00e7ade de la mairie de Fr\u00e9jus"},"content":{"rendered":"<div class=\"paragraph\">\n<p>En mati\u00e8re d\u2019actes tombant sous le coup de la loi et de prises de position \u00e0 caract\u00e8re x\u00e9nophobe, David Rachline, le maire (RN) de Fr\u00e9jus, n\u2019a plus grand-chose \u00e0 apprendre. Nouvel \u00e9pisode ces derniers jours avec l\u2019affichage d\u2019une banderole sur la fa\u00e7ade de l\u2019h\u00f4tel de ville, sur laquelle on pouvait lire \u00ab\u00a0Une OQTF non ex\u00e9cut\u00e9e est un danger pour les Fran\u00e7ais\u00a0\u00bb. Celle-ci faisait suite au meurtre d\u2019un jeune homme de 19\u00a0ans le 28\u00a0juin, \u00e0 Fr\u00e9jus, dont le principal suspect est un individu de 20\u00a0ans sous OQTF.<\/p>\n<p>L\u2019\u00e9dile fr\u00e9jusien, qui sera jug\u00e9 en septembre pour favoritisme dans une affaire d\u2019attribution de march\u00e9s publics, <a rel=\"noopener noreferrer\" href=\"https:\/\/www.lamarseillaise.fr\/societe\/la-mairie-du-rn-david-rachline-perquisitionnee-MJ17699353\" target=\"_blank\">ce qui avait valu une perquisition de la mairie en mars\u00a02025<\/a>, n\u2019a ainsi pas manqu\u00e9 de saisir l\u2019occasion de r\u00e9cup\u00e9rer ce drame au profit de son id\u00e9ologie, ce qu\u2019a m\u00eame d\u00e9nonc\u00e9 la famille de la victime. Sans, \u00e9videmment, se soucier du fait <a rel=\"noopener noreferrer\" href=\"https:\/\/www.lamarseillaise.fr\/social\/la-cgt-du-var-mobilisee-pour-les-travailleurs-migrants-KP19341865\" target=\"_blank\">qu\u2019une large partie des OQTF sont prononc\u00e9es \u00e0 cause de lenteurs administratives<\/a> dans le renouvellement des titres de s\u00e9jours, et que leur nombre a fortement augment\u00e9 suite \u00e0<a rel=\"noopener noreferrer\" href=\"https:\/\/www.lamarseillaise.fr\/social\/toulon-les-droits-des-travailleurs-etrangers-nies-administrativement-JP19078809\" target=\"_blank\"> la circulaire Retailleau de janvier\u00a02025<\/a>. \u00ab\u00a0<i>Il n\u2019a pas eu la m\u00eame r\u00e9action pour <a rel=\"noopener noreferrer\" href=\"https:\/\/www.lamarseillaise.fr\/societe\/a-puget-sur-argens-un-homme-tue-son-voisin-et-en-blesse-un-autre-CO18257885\" target=\"_blank\">Hichem Miraoui, assassin\u00e9 par un fanatique du RN l\u2019ann\u00e9e derni\u00e8re<\/a><\/i>\u00a0\u00bb, rappelle Catherine Aubry, co-animatrice de LFI Est-Var. \u00ab\u00a0<i>Il saute \u00e0 pied joint sur la r\u00e9cup\u00e9ration. Cela montre une nouvelle fois son obsession pour les migrants.<\/i>\u00a0\u00bb<\/p>\n<\/p><\/div>\n<div class=\"intext\"> \u00ab\u00a0Atteinte grave<br \/>\n               <br \/>au principe de neutralit\u00e9\u00a0\u00bb\n              <\/div>\n<div class=\"paragraph\">\n<p>Pas au go\u00fbt du Pr\u00e9fet du Var, qui a saisi le tribunal administratif de Toulon le 10\u00a0juillet, par une requ\u00eate en r\u00e9f\u00e9r\u00e9-libert\u00e9, afin de demander le retrait de la banderole, au motif que son message \u00ab\u00a0<i>portait une atteinte grave au principe de neutralit\u00e9 du service public. Il est interdit d\u2019apposer sur tout b\u00e2timent public, une inscription symbolisant la revendication d\u2019opinions politiques, religieuses ou philosophiques.<\/i>\u00a0\u00bb<\/p>\n<p>La pr\u00e9fecture ajoute que \u00ab\u00a0<i>le message faisait \u00e0 tort r\u00e9f\u00e9rence \u00e0 une situation dans laquelle la mesure administrative [l\u2019OQTF, ndlr] prononc\u00e9e par la pr\u00e9fecture ne pouvait pr\u00e9cis\u00e9ment pas \u00eatre ex\u00e9cut\u00e9e car elle \u00e9tait l\u2019objet d\u2019un recours devant le tribunal administratif.<\/i>\u00a0\u00bb Sachant que la justice lui ordonnerait probablement de le faire, David Rachline a ainsi d\u00e9cid\u00e9 de retirer la banderole sans attendre le verdict du tribunal administratif lundi. En cons\u00e9quence, le juge des r\u00e9f\u00e9r\u00e9s a prononc\u00e9 un non-lieu \u00e0 statuer. Un d\u00e9nouement salu\u00e9 par Pierre Daspre, membre du bureau d\u00e9partemental du PCF\u00a0: \u00ab\u00a0<i>C\u2019est bien que le pr\u00e9fet ait rappel\u00e9 les principes r\u00e9publicains, il faut respecter la justice et l\u2019\u00c9tat de droit.<\/i>\u00a0\u00bb \u00ab<i>\u00a0<\/i><i>C\u2019\u00e9tait une banderole odieuse et raciste. Le pr\u00e9fet l\u2019a faite interdire sous un autre angle, mais c\u2019est d\u00e9j\u00e0 \u00e7a<\/i>\u00a0\u00bb, ajoute Catherine Aubry. \u00ab\u00a0<i>C\u2019est cocasse d\u2019\u00eatre dans l\u2019ill\u00e9galit\u00e9 quand on veut faire appliquer la l\u00e9gislation sur les OQTF<\/i>\u00a0\u00bb, a, quant \u00e0 elle, soulign\u00e9 Christine Romano, \u00e9lue d\u2019opposition (PCF) \u00ab\u00a0Fr\u00e9jus Riposte\u00a0!\u00a0\u00bb.<\/p>\n<\/p><\/div>\n","protected":false},"excerpt":{"rendered":"En mati&egrave;re d&rsquo;actes tombant sous le coup de la loi et de prises de position &agrave; caract&egrave;re x&eacute;nophobe, David Rachline, le maire (RN) de Fr&eacute;jus, n&rsquo;a plus grand-chose &agrave; apprendre. Nouvel &eacute;pisode &#8230;","protected":false},"author":1,"featured_media":36459,"comment_status":"open","ping_status":"open","sticky":false,"template":"","format":"standard","meta":{"footnotes":""},"categories":[3926,3925,4383,330],"tags":[101,2494,539,200,541,752,442,3439,2795,2303,250,633,1131,1567,439,751,790,31,3109],"news-destination":[3944],"news-source":[475],"is_homepage":[],"ta_other":[],"class_list":["post-36458","post","type-post","status-publish","format-standard","has-post-thumbnail","hentry","category-accueil-merge","category-accueil-third","category-justice","category-politique","tag-batiment","tag-david-rachline","tag-frejus","tag-justice","tag-lfi","tag-maire","tag-mairie","tag-meurtre","tag-migrants","tag-oqtf","tag-pcf","tag-pierre-daspre","tag-prefecture","tag-prefet","tag-rn","tag-service-public","tag-tribunal-administratif","tag-var","tag-xenophobie","news-destination-homepage","news-source-website"],"_links":{"self":[{"href":"https:\/\/euapp01.newsmemory.com\/lamarseillaise\/news\/wp-json\/wp\/v2\/posts\/36458","targetHints":{"allow":["GET"]}}],"collection":[{"href":"https:\/\/euapp01.newsmemory.com\/lamarseillaise\/news\/wp-json\/wp\/v2\/posts"}],"about":[{"href":"https:\/\/euapp01.newsmemory.com\/lamarseillaise\/news\/wp-json\/wp\/v2\/types\/post"}],"author":[{"embeddable":true,"href":"https:\/\/euapp01.newsmemory.com\/lamarseillaise\/news\/wp-json\/wp\/v2\/users\/1"}],"replies":[{"embeddable":true,"href":"https:\/\/euapp01.newsmemory.com\/lamarseillaise\/news\/wp-json\/wp\/v2\/comments?post=36458"}],"version-history":[{"count":1,"href":"https:\/\/euapp01.newsmemory.com\/lamarseillaise\/news\/wp-json\/wp\/v2\/posts\/36458\/revisions"}],"predecessor-version":[{"id":36460,"href":"https:\/\/euapp01.newsmemory.com\/lamarseillaise\/news\/wp-json\/wp\/v2\/posts\/36458\/revisions\/36460"}],"wp:featuredmedia":[{"embeddable":true,"href":"https:\/\/euapp01.newsmemory.com\/lamarseillaise\/news\/wp-json\/wp\/v2\/media\/36459"}],"wp:attachment":[{"href":"https:\/\/euapp01.newsmemory.com\/lamarseillaise\/news\/wp-json\/wp\/v2\/media?parent=36458"}],"wp:term":[{"taxonomy":"category","embeddable":true,"href":"https:\/\/euapp01.newsmemory.com\/lamarseillaise\/news\/wp-json\/wp\/v2\/categories?post=36458"},{"taxonomy":"post_tag","embeddable":true,"href":"https:\/\/euapp01.newsmemory.com\/lamarseillaise\/news\/wp-json\/wp\/v2\/tags?post=36458"},{"taxonomy":"news-destination","embeddable":true,"href":"https:\/\/euapp01.newsmemory.com\/lamarseillaise\/news\/wp-json\/wp\/v2\/news-destination?post=36458"},{"taxonomy":"news-source","embeddable":true,"href":"https:\/\/euapp01.newsmemory.com\/lamarseillaise\/news\/wp-json\/wp\/v2\/news-source?post=36458"},{"taxonomy":"is_homepage","embeddable":true,"href":"https:\/\/euapp01.newsmemory.com\/lamarseillaise\/news\/wp-json\/wp\/v2\/is_homepage?post=36458"},{"taxonomy":"ta_other","embeddable":true,"href":"https:\/\/euapp01.newsmemory.com\/lamarseillaise\/news\/wp-json\/wp\/v2\/ta_other?post=36458"}],"curies":[{"name":"wp","href":"https:\/\/api.w.org\/{rel}","templated":true}]}}