{"id":36455,"date":"2026-07-16T07:45:00","date_gmt":"2026-07-16T05:45:00","guid":{"rendered":"https:\/\/euapp01.newsmemory.com\/lamarseillaise\/news\/?p=36455"},"modified":"2026-07-22T07:22:40","modified_gmt":"2026-07-22T05:22:40","slug":"france-travail-cgt-ou-ce-font-aussi-leur-festival","status":"publish","type":"post","link":"https:\/\/euapp01.newsmemory.com\/lamarseillaise\/news\/2026\/07\/16\/france-travail-cgt-ou-ce-font-aussi-leur-festival\/","title":{"rendered":"France travail, CGT ou CE font aussi leur Festival"},"content":{"rendered":"<div class=\"paragraph\">\n<p>Pendant trois semaines, jusqu\u2019au 25\u00a0juillet, Avignon bat au rythme du spectacle vivant avec notamment quelque 1\u00a0780\u00a0pi\u00e8ces programm\u00e9es par le Off dans 140\u00a0salles. Si parmi ces lieux d\u2019accueil, on compte \u00e9norm\u00e9ment de th\u00e9\u00e2tres \u00e9ph\u00e9m\u00e8res, plusieurs structures \u00e9loign\u00e9es initialement du milieu culturel font aussi leur Festival.<\/p>\n<p>\u00c0 l\u2019instar de la CGT, dont la secr\u00e9taire g\u00e9n\u00e9rale Sophie Binet est d\u2019ailleurs ce jeudi \u00e0 Avignon o\u00f9 elle d\u00e9battra (10h30) dans le cadre des \u00c9tats g\u00e9n\u00e9raux de la culture. Depuis 18\u00a0ans, au sein des locaux de la Bourse du travail, le syndicat programme six pi\u00e8ces dans une s<a rel=\"noopener noreferrer\" href=\"https:\/\/www.lamarseillaise.fr\/culture\/la-lutte-sociale-se-joue-aussi-sur-les-planches-LA20466782\" target=\"_blank\">alle d\u00e9di\u00e9e pouvant accueillir une cinquantaine de spectateurs (notre \u00e9dition du 7\u00a0juillet).<\/a> \u00ab\u00a0<i>L<\/i><i>a culture a toujours \u00e9t\u00e9 indissociable de l\u2019activit\u00e9 syndicale<\/i>\u00a0\u00bb, juge Fred Laurent, directeur du th\u00e9\u00e2tre de la Bourse du travail, \u00e0 la programmation forc\u00e9ment engag\u00e9e socialement. \u00ab\u00a0<i>D\u00e8s sa cr\u00e9ation, la grande aventure du festival d\u2019Avignon s\u2019est inscrite dans la dynamique de grandes conqu\u00eates sociales de la Lib\u00e9ration<\/i><i>\u00a0<\/i><i>: protection sociale, services publics, ma\u00eetrise nationale de secteurs \u00e9conomiques d\u00e9terminants, institution des comit\u00e9s d\u2019entreprise, \u00e9mergence de politiques culturelles publiques et d\u00e9centralisation th\u00e9\u00e2trale, nouvel essor de l\u2019\u00e9ducation populaire&#8230; c\u2019est pour toutes ces raisons, que la CGT a entretenu avec le festival de fortes complicit\u00e9s<\/i><i>\u00a0<\/i>\u00bb, rappelle-t-il. Un combat cria<a rel=\"noopener noreferrer\" href=\"https:\/\/www.lamarseillaise.fr\/social\/a-avignon-le-monde-culturel-maintient-la-pression-sur-le-gouvernement-HP20493040\" target=\"_blank\">nt d\u2019actualit\u00e9 alors que le secteur culturel se mobilise contre les coupes budg\u00e9taires<\/a> et que l\u2019extr\u00eame droite gagne du terrain. \u00ab<i>\u00a0<\/i><i>Il nous faut encore plus d\u00e9noncer les menaces qui planent sur la culture et le spectacle vivant, avec la mont\u00e9e des extr\u00eames droites et l\u2019arriv\u00e9e possible du RN au pouvoir<\/i>\u00a0\u00bb, pr\u00e9vient Fred Laurent.<\/p>\n<\/p><\/div>\n<div class=\"intext\"> Un mur d\u2019offres d\u2019emploi pour les artistes\n              <\/div>\n<div class=\"paragraph\">\n<p>Dans un registre \u00e0 la philosophie similaire, la caisse centrale des activit\u00e9s sociales (CCAS) des industries \u00e9lectriques et gazi\u00e8res &#8211;\u00a0soit le plus gros comit\u00e9 d\u2019entreprise de France\u00a0&#8211; a mis sur pied son propre festival, tr\u00e8s \u00e9troitement li\u00e9 \u00e0 celui d\u2019Avignon dont il est partenaire. Jusqu\u2019\u00e0 ce vendredi sur l\u2019\u00eele de la Barthelasse se d\u00e9roule la 24<sup>e<\/sup> \u00e9dition du festival Contre courant. \u00ab\u00a0<i>Depuis 80<\/i><i>\u00a0<\/i><i>ans, les activit\u00e9s sociales d\u00e9fendent une conviction profond\u00e9ment moderne<\/i><i>\u00a0<\/i><i>: la culture, comme les vacances et les loisirs, ne doit \u00eatre un privil\u00e8ge pour personne<\/i>, expose Anthony Juan, pr\u00e9sident de la CCAS. <i>Contre courant en est l\u2019incarnation la plus vivante<\/i><i>\u00a0<\/i><i>: le spectacle vivant n\u2019est pas un luxe, mais un bien commun, un espace de rencontre, de dignit\u00e9 et de partage qui nous rassemble, par-del\u00e0 les langues et les fronti\u00e8res.<\/i>\u00a0\u00bb Dix-huit spectacles y sont programm\u00e9s autour de 105\u00a0artistes. Des repr\u00e9sentations gratuites pour les adh\u00e9rents de la CCAS et \u00e0 10\u00a0euros pour les personnes ext\u00e9rieures.<\/p>\n<p>Un service public phare s\u2019investit aussi dans le Festival\u00a0: France travail. Pas en mettant sur sc\u00e8ne des spectacles mais, en partenariat aussi avec le Festival, en organisant plusieurs ateliers, rencontres et permanences jusqu\u2019\u00e0 ce vendredi. Ce jeudi (10h30-12h30) se tient notamment une table ronde intitul\u00e9e \u00ab\u00a0\u00catre humoriste aujourd\u2019hui\u00a0: panorama d\u2019un genre en pleine \u00e9volution\u00a0\u00bb. \u00ab\u00a0<i>\u00catre au c\u0153ur du festival permet d\u2019\u00eatre au plus proche des professionnels du spectacle et aux \u00e9quipes sp\u00e9cialis\u00e9es d\u2019accompagner professionnels et employeurs de la fili\u00e8re culturelle<\/i><i>\u00a0<\/i>\u00bb, souligne Astrid Fock\u00e9, experte r\u00e9gionale culture \u00e0 France travail. Un mur d\u2019offres d\u2019emploi est ainsi affich\u00e9 \u00e0 l\u2019ISTS (institut sup\u00e9rieur des techniques du spectacle).<\/p>\n<\/p><\/div>\n<div class=\"paragraph\">\n<p><b>La Banque alimentaire se met au Off<\/b><\/p>\n<p>Pas de r\u00e9pit estival pour la Banque alimentaire de Vaucluse, car \u00ab <i>la pr\u00e9carit\u00e9 alimentaire n\u2019a h\u00e9las pas de vacances<\/i> \u00bb, souligne l\u2019association dont les besoins augmentent de 10 % chaque ann\u00e9e (64 000 b\u00e9n\u00e9ficiaires). La structure, sp\u00e9cialis\u00e9e dans la collecte et logistique de dons alimentaires, profite de la visibilit\u00e9 du Festival pour faire conna\u00eetre ses activit\u00e9s. Une collecte alimentaire est ainsi install\u00e9e au Village du Off, o\u00f9 \u00ab<i> les festivaliers sont invit\u00e9s \u00e0 d\u00e9poser des dons alimentaires dans un caddie d\u00e9pos\u00e9 \u00e0 l\u2019entr\u00e9e du village, en privil\u00e9giant les prot\u00e9ines v\u00e9g\u00e9tales et les conserves de poissons<\/i> \u00bb, pr\u00e9cise la Banque alimentaire. Ce partenariat a \u00e9t\u00e9 conclu dans le cadre de la RSE [responsabilit\u00e9 soci\u00e9tale des entreprises] de AF&#038;C, l\u2019association qui chapeaute le Off. La Banque alimentaire a aussi men\u00e9 des ateliers ludiques sur l\u2019alimentation au Village Tadamm consacr\u00e9 aux enfants.<\/p>\n<\/p><\/div>\n","protected":false},"excerpt":{"rendered":"Pendant trois semaines, jusqu&rsquo;au 25&nbsp;juillet, Avignon bat au rythme du spectacle vivant avec notamment quelque 1&nbsp;780&nbsp;pi&egrave;ces programm&eacute;es par le Off dans 140&nbsp;salles. Si parmi ces lieux d&rsquo;accueil, on compte &#8230;","protected":false},"author":1,"featured_media":36456,"comment_status":"open","ping_status":"open","sticky":false,"template":"","format":"standard","meta":{"footnotes":""},"categories":[3926,3925,32,20],"tags":[495,174,113,336,329,299,1241,171],"news-destination":[3944],"news-source":[475],"is_homepage":[],"ta_other":[],"class_list":["post-36455","post","type-post","status-publish","format-standard","has-post-thumbnail","hentry","category-accueil-merge","category-accueil-third","category-culture","category-societe","tag-495","tag-avignon","tag-cgt","tag-ete","tag-festival","tag-france-travail","tag-theatre","tag-vaucluse","news-destination-homepage","news-source-website"],"_links":{"self":[{"href":"https:\/\/euapp01.newsmemory.com\/lamarseillaise\/news\/wp-json\/wp\/v2\/posts\/36455","targetHints":{"allow":["GET"]}}],"collection":[{"href":"https:\/\/euapp01.newsmemory.com\/lamarseillaise\/news\/wp-json\/wp\/v2\/posts"}],"about":[{"href":"https:\/\/euapp01.newsmemory.com\/lamarseillaise\/news\/wp-json\/wp\/v2\/types\/post"}],"author":[{"embeddable":true,"href":"https:\/\/euapp01.newsmemory.com\/lamarseillaise\/news\/wp-json\/wp\/v2\/users\/1"}],"replies":[{"embeddable":true,"href":"https:\/\/euapp01.newsmemory.com\/lamarseillaise\/news\/wp-json\/wp\/v2\/comments?post=36455"}],"version-history":[{"count":1,"href":"https:\/\/euapp01.newsmemory.com\/lamarseillaise\/news\/wp-json\/wp\/v2\/posts\/36455\/revisions"}],"predecessor-version":[{"id":36457,"href":"https:\/\/euapp01.newsmemory.com\/lamarseillaise\/news\/wp-json\/wp\/v2\/posts\/36455\/revisions\/36457"}],"wp:featuredmedia":[{"embeddable":true,"href":"https:\/\/euapp01.newsmemory.com\/lamarseillaise\/news\/wp-json\/wp\/v2\/media\/36456"}],"wp:attachment":[{"href":"https:\/\/euapp01.newsmemory.com\/lamarseillaise\/news\/wp-json\/wp\/v2\/media?parent=36455"}],"wp:term":[{"taxonomy":"category","embeddable":true,"href":"https:\/\/euapp01.newsmemory.com\/lamarseillaise\/news\/wp-json\/wp\/v2\/categories?post=36455"},{"taxonomy":"post_tag","embeddable":true,"href":"https:\/\/euapp01.newsmemory.com\/lamarseillaise\/news\/wp-json\/wp\/v2\/tags?post=36455"},{"taxonomy":"news-destination","embeddable":true,"href":"https:\/\/euapp01.newsmemory.com\/lamarseillaise\/news\/wp-json\/wp\/v2\/news-destination?post=36455"},{"taxonomy":"news-source","embeddable":true,"href":"https:\/\/euapp01.newsmemory.com\/lamarseillaise\/news\/wp-json\/wp\/v2\/news-source?post=36455"},{"taxonomy":"is_homepage","embeddable":true,"href":"https:\/\/euapp01.newsmemory.com\/lamarseillaise\/news\/wp-json\/wp\/v2\/is_homepage?post=36455"},{"taxonomy":"ta_other","embeddable":true,"href":"https:\/\/euapp01.newsmemory.com\/lamarseillaise\/news\/wp-json\/wp\/v2\/ta_other?post=36455"}],"curies":[{"name":"wp","href":"https:\/\/api.w.org\/{rel}","templated":true}]}}