{"id":36452,"date":"2026-07-16T07:47:00","date_gmt":"2026-07-16T05:47:00","guid":{"rendered":"https:\/\/euapp01.newsmemory.com\/lamarseillaise\/news\/?p=36452"},"modified":"2026-07-22T07:31:59","modified_gmt":"2026-07-22T05:31:59","slug":"un-plan-deconomies-pour-lhopital-de-manosque-sur-la-table","status":"publish","type":"post","link":"https:\/\/euapp01.newsmemory.com\/lamarseillaise\/news\/2026\/07\/16\/un-plan-deconomies-pour-lhopital-de-manosque-sur-la-table\/","title":{"rendered":"Un plan d\u2019\u00e9conomies pour l\u2019h\u00f4pital de Manosque sur la table"},"content":{"rendered":"<div class=\"paragraph\">\n<p>\u00ab <i>C<\/i><i>omme dans tous les h\u00f4pitaux de France, la p\u00e9riode du Covid a \u00e9t\u00e9 terrible<\/i>\u00a0\u00bb, reconna\u00eet le maire de Manosque apr\u00e8s sa r\u00e9\u00e9lection \u00e0 la pr\u00e9sidence du Conseil de surveillance du Centre Hospitalier de Manosque ce vendredi. En 2020, La d\u00e9programmation massive d\u2019hospitalisations et de chirurgies avait fait chuter l\u2019activit\u00e9 de l\u2019\u00e9tablissement. \u00ab<i>\u00a0<\/i><i>La probl\u00e9matique sur Manosque, c\u2019est qu\u2019en 2023\/2024 il n\u2019y a pas eu de reprise d\u2019activit\u00e9 normale, contrairement aux autres [h\u00f4pitaux]<\/i><i>\u00a0<\/i>\u00bb, rappelle-t-il, pointant la fr\u00e9quentation des urgences, \u00ab\u00a0<i>pass\u00e9e de 35<\/i><i>\u00a0<\/i><i>000<\/i><i>\u00a0<\/i><i>\u00e0 25<\/i><i>\u00a0<\/i><i>000<\/i>\u00a0\u00bb passages annuels depuis la crise sanitaire.<\/p>\n<p>Face \u00e0 la chute des recettes, alourdie par la dette h\u00e9rit\u00e9e de la construction du nouvel h\u00f4pital en 2007, Camille Galtier plaide pour un \u00ab\u00a0<i>plan annuel et structurel pour accompagner les h\u00f4pitaux de proximit\u00e9<\/i>\u00a0\u00bb. Selon lui, l\u2019\u00e9tablissement manosquin, associ\u00e9 \u00e0 celui de Digne-les-Bains, ne pourra jamais rivaliser avec des h\u00f4pitaux \u00ab\u00a0<i>rattach\u00e9s \u00e0 des locomotives<\/i>\u00a0\u00bb comme Toulon ou Avignon. \u00ab\u00a0<i>On a besoin de plus d\u2019aide que les autres, d\u2019une aide structurelle et non conjoncturelle.<\/i><i>\u00a0<\/i>\u00bb<\/p>\n<p>En 2024, Camille Galtier avait d\u00e9missionn\u00e9 de la pr\u00e9sidence du Conseil de surveillance, un geste qu\u2019il pr\u00e9sente comme un \u00ab\u00a0<i>cri d\u2019alerte<\/i>\u00a0\u00bb sur l\u2019impuissance des \u00e9lus locaux face \u00e0 l\u2019Agence r\u00e9gionale de sant\u00e9. Le ton est aujourd\u2019hui \u00e0 l\u2019apaisement\u00a0: \u00ab\u00a0<i>Le message est enfin compris \u00e0 l\u2019\u00e9chelle r\u00e9gionale, cette collaboration fait du bien.<\/i>\u00a0\u00bb<\/p>\n<\/p><\/div>\n<div class=\"intext\"> \u00ab\u00a0Il n\u2019y aura pas<br \/>\n               <br \/>de plan de licenciements\u00a0\u00bb\n              <\/div>\n<div class=\"paragraph\">\n<p>Pour redresser la situation, Camille Galtier s\u2019appuie sur un plan \u00e9labor\u00e9 par la Nappe, cabinet d\u2019audit, avec l\u2019ambition d\u2019\u00e9conomiser pr\u00e8s de 5\u00a0millions d\u2019euros en un an, \u00ab\u00a0<i>sans toucher au personnel<\/i><i>\u00a0<\/i>\u00bb, assure-t-il. L\u2019objectif est d\u2019\u00ab\u00a0<i>optimiser l\u2019organisation fonctionnelle de l\u2019h\u00f4pital via un red\u00e9ploiement du personnel vers les services sous-dot\u00e9s<\/i>\u00a0\u00bb.<\/p>\n<\/p><\/div>\n<div class=\"intext\"> L\u2019\u00e9pineuse question<br \/>\n               <br \/>des urgences\n              <\/div>\n<div class=\"paragraph\">\n<p>\u00ab<i>\u00a0<\/i><i>Les urgences, c\u2019est la vitrine de l\u2019h\u00f4pital. La vitrine d\u2019un h\u00f4pital ne peut pas se permettre d\u2019\u00eatre ferm\u00e9e six heures par jour<\/i>\u00a0\u00bb, lance Camille Galtier. Ferm\u00e9 la nuit depuis deux ans faute d\u2019effectifs &#8211;\u00a07 urgentistes disponibles sur les 14 n\u00e9cessaires\u00a0&#8211; il esp\u00e8re voir le service rouvrir sur ce cr\u00e9neau gr\u00e2ce \u00e0 l\u2019arriv\u00e9e de nouveaux praticiens, qui portent d\u00e9sormais l\u2019\u00e9quipe \u00e0 10. Le pr\u00e9sident appelle, \u00ab\u00a0<i>avec bienveillance<\/i><i>\u00a0<\/i>\u00bb, la direction et le personnel m\u00e9dical, \u00e0 \u00ab\u00a0<i>trouver une solution dans les trois mois<\/i><i>\u00a0<\/i>\u00bb. Il s\u2019oppose en revanche \u00e0 toute r\u00e9gulation stricte de l\u2019acc\u00e8s aux urgences, y voyant une atteinte au service public. \u00ab\u00a0<i>M\u00eame si nous ouvrions 24h\/24, sans r\u00e9gulation, on ne ferait pas 100 patients par jour comme en 2020<\/i>.\u00a0\u00bb<\/p>\n<p>Fortement appuy\u00e9 par le rapport de la Nappe, le projet de gouvernance de l\u2019h\u00f4pital sera pr\u00e9sent\u00e9 par la direction en octobre. \u00ab<i>\u00a0<\/i><i>On a de la marge entre ce qu\u2019on nous propose et ce que la direction va proposer<\/i>\u00a0\u00bb, se f\u00e9licite Camille Galtier, qui souhaite rencontrer les syndicats avant la rentr\u00e9e pour en discuter. Confiant, il conclut\u00a0: \u00ab<i>\u00a0<\/i><i>Je sais qu\u2019il y a du personnel d\u00e9vou\u00e9. Tout le monde a pris conscience qu\u2019\u00e0 Manosque, on peut basculer sur quelque chose de vertueux.<\/i>\u00a0\u00bb<\/p>\n<p><b>Andr\u00e9a Goyard de Castro<\/b><\/p>\n<\/p><\/div>\n","protected":false},"excerpt":{"rendered":"&laquo; Comme dans tous les h&ocirc;pitaux de France, la p&eacute;riode du Covid a &eacute;t&eacute; terrible&nbsp;&raquo;, reconna&icirc;t le maire de Manosque apr&egrave;s sa r&eacute;&eacute;lection &agrave; la pr&eacute;sidence du Conseil de &#8230;","protected":false},"author":1,"featured_media":36453,"comment_status":"open","ping_status":"open","sticky":false,"template":"","format":"standard","meta":{"footnotes":""},"categories":[3926,3925,20],"tags":[4768,4467,1086,1501,2123,256,88,364,1544],"news-destination":[3944],"news-source":[475],"is_homepage":[],"ta_other":[],"class_list":["post-36452","post","type-post","status-publish","format-standard","has-post-thumbnail","hentry","category-accueil-merge","category-accueil-third","category-societe","tag-alpes","tag-alpes-de-haute-provence","tag-centre-hospitalier","tag-hopital","tag-licenciements","tag-sante","tag-surveillance","tag-syndicats","tag-urgences","news-destination-homepage","news-source-website"],"_links":{"self":[{"href":"https:\/\/euapp01.newsmemory.com\/lamarseillaise\/news\/wp-json\/wp\/v2\/posts\/36452","targetHints":{"allow":["GET"]}}],"collection":[{"href":"https:\/\/euapp01.newsmemory.com\/lamarseillaise\/news\/wp-json\/wp\/v2\/posts"}],"about":[{"href":"https:\/\/euapp01.newsmemory.com\/lamarseillaise\/news\/wp-json\/wp\/v2\/types\/post"}],"author":[{"embeddable":true,"href":"https:\/\/euapp01.newsmemory.com\/lamarseillaise\/news\/wp-json\/wp\/v2\/users\/1"}],"replies":[{"embeddable":true,"href":"https:\/\/euapp01.newsmemory.com\/lamarseillaise\/news\/wp-json\/wp\/v2\/comments?post=36452"}],"version-history":[{"count":1,"href":"https:\/\/euapp01.newsmemory.com\/lamarseillaise\/news\/wp-json\/wp\/v2\/posts\/36452\/revisions"}],"predecessor-version":[{"id":36454,"href":"https:\/\/euapp01.newsmemory.com\/lamarseillaise\/news\/wp-json\/wp\/v2\/posts\/36452\/revisions\/36454"}],"wp:featuredmedia":[{"embeddable":true,"href":"https:\/\/euapp01.newsmemory.com\/lamarseillaise\/news\/wp-json\/wp\/v2\/media\/36453"}],"wp:attachment":[{"href":"https:\/\/euapp01.newsmemory.com\/lamarseillaise\/news\/wp-json\/wp\/v2\/media?parent=36452"}],"wp:term":[{"taxonomy":"category","embeddable":true,"href":"https:\/\/euapp01.newsmemory.com\/lamarseillaise\/news\/wp-json\/wp\/v2\/categories?post=36452"},{"taxonomy":"post_tag","embeddable":true,"href":"https:\/\/euapp01.newsmemory.com\/lamarseillaise\/news\/wp-json\/wp\/v2\/tags?post=36452"},{"taxonomy":"news-destination","embeddable":true,"href":"https:\/\/euapp01.newsmemory.com\/lamarseillaise\/news\/wp-json\/wp\/v2\/news-destination?post=36452"},{"taxonomy":"news-source","embeddable":true,"href":"https:\/\/euapp01.newsmemory.com\/lamarseillaise\/news\/wp-json\/wp\/v2\/news-source?post=36452"},{"taxonomy":"is_homepage","embeddable":true,"href":"https:\/\/euapp01.newsmemory.com\/lamarseillaise\/news\/wp-json\/wp\/v2\/is_homepage?post=36452"},{"taxonomy":"ta_other","embeddable":true,"href":"https:\/\/euapp01.newsmemory.com\/lamarseillaise\/news\/wp-json\/wp\/v2\/ta_other?post=36452"}],"curies":[{"name":"wp","href":"https:\/\/api.w.org\/{rel}","templated":true}]}}