{"id":36449,"date":"2026-07-16T07:36:00","date_gmt":"2026-07-16T05:36:00","guid":{"rendered":"https:\/\/euapp01.newsmemory.com\/lamarseillaise\/news\/?p=36449"},"modified":"2026-07-22T07:09:27","modified_gmt":"2026-07-22T05:09:27","slug":"peter-knapp-raconte-lecole-dart-du-bauhaus","status":"publish","type":"post","link":"https:\/\/euapp01.newsmemory.com\/lamarseillaise\/news\/2026\/07\/16\/peter-knapp-raconte-lecole-dart-du-bauhaus\/","title":{"rendered":"Peter Knapp raconte l\u2019\u00e9cole d\u2019art du Bauhaus"},"content":{"rendered":"<div class=\"paragraph\">\n<p>La fondation Vasarely organise une conf\u00e9rence ce jeudi \u00e0 19h sur le mouvement du Bauhaus, racont\u00e9 par le photographe et graphiste Peter Knapp qui a \u00e9t\u00e9 \u00e9l\u00e8ve d\u2019un de ses fondateurs. L\u2019\u00e9v\u00e9nement, organis\u00e9 par la fondation, est le fruit d\u2019un partenariat avec le festival des nuits photographiques de Pierrevert, qui se d\u00e9roulera dans les Alpes-de-Haute-Provence \u00e0 la fin du mois de juillet.<\/p>\n<p>La conf\u00e9rence permettra de d\u00e9couvrir l\u2019\u00e9cole du Bauhaus, fond\u00e9e en 1919, \u00e0 travers les yeux de Peter Knapp qui fut l\u2019\u00e9l\u00e8ve de Johannes Itten, professeur du Bauhaus. \u00ab\u00a0<i>\u00c0 95<\/i><i>\u00a0<\/i><i>ans, il est un des derniers t\u00e9moins qui peut en parler<\/i><i>\u00a0<\/i>\u00bb, insiste St\u00e9phane Kossmann, pr\u00e9sident des nuits photographiques de Pierrevert. Car avant de d\u00e9signer un courant artistique, le Bauhaus \u00e9tait avant tout une \u00e9cole d\u2019architecture et d\u2019arts appliqu\u00e9s cr\u00e9\u00e9e par Walter Gropius \u00e0 Weimar. Paul Klee, Vassily Kandinsky ou encore Johannes Itten y ont d\u2019ailleurs \u00e9t\u00e9 professeurs. Cette \u00e9cole portait l\u2019ambition de rassembler l\u2019enseignement de toutes les mati\u00e8res artistiques telles que l\u2019architecture, la peinture ou art plastique. Une institution r\u00e9gie par le manifeste du Bauhaus, r\u00e9dig\u00e9 par son directeur, qui affirme notamment qu\u2019\u00ab\u00a0<i>il n\u2019existe aucune diff\u00e9rence essentielle entre l\u2019artiste et l\u2019artisan<\/i>\u00a0\u00bb.<\/p>\n<p>Menac\u00e9s par le nazisme, car consid\u00e9r\u00e9e comme une \u00e9cole apprenant \u00ab\u00a0<i>l\u2019art d\u00e9g\u00e9n\u00e9r\u00e9<\/i>\u00a0\u00bb, beaucoup de professeurs se sont exil\u00e9s. Comme Johannes Itten qui est parti \u00e0 Zurich, o\u00f9 il a continu\u00e9 d\u2019\u00eatre professeur et o\u00f9 Peter Knapp est devenu son \u00e9l\u00e8ve. La conf\u00e9rence sera \u00e9galement l\u2019occasion de d\u00e9couvrir le travail de ce photographe et designer qui a notamment travaill\u00e9 dans la mode. Au d\u00e9but de la conf\u00e9rence, un petit film retracera son \u0153uvre.<\/p>\n<\/p><\/div>\n<div class=\"paragraph\">\n<p><i>Conf\u00e9rence sur le Bauhaus <br \/>par Peter Knapp, jeudi 19h, <br \/>\u00e0 la fondation Vasarely <\/i><\/p>\n<\/p><\/div>\n","protected":false},"excerpt":{"rendered":"La fondation Vasarely organise une conf&eacute;rence ce jeudi &agrave; 19h sur le mouvement du Bauhaus, racont&eacute; par le photographe et graphiste Peter Knapp qui a &eacute;t&eacute; &eacute;l&egrave;ve d&rsquo;un de ses fondateurs. &#8230;","protected":false},"author":1,"featured_media":36450,"comment_status":"open","ping_status":"open","sticky":false,"template":"","format":"standard","meta":{"footnotes":""},"categories":[3926,3925,32],"tags":[556,1346,1236,1059,2458,10,147,968,280,2459,6099,263],"news-destination":[3944],"news-source":[475],"is_homepage":[],"ta_other":[],"class_list":["post-36449","post","type-post","status-publish","format-standard","has-post-thumbnail","hentry","category-accueil-merge","category-accueil-third","category-culture","tag-aix-en-provence","tag-architecture","tag-artistes","tag-arts","tag-beaux-arts","tag-bouches-du-rhone","tag-conference","tag-fondation","tag-histoire","tag-histoire-de-lart","tag-photographe","tag-photographie","news-destination-homepage","news-source-website"],"_links":{"self":[{"href":"https:\/\/euapp01.newsmemory.com\/lamarseillaise\/news\/wp-json\/wp\/v2\/posts\/36449","targetHints":{"allow":["GET"]}}],"collection":[{"href":"https:\/\/euapp01.newsmemory.com\/lamarseillaise\/news\/wp-json\/wp\/v2\/posts"}],"about":[{"href":"https:\/\/euapp01.newsmemory.com\/lamarseillaise\/news\/wp-json\/wp\/v2\/types\/post"}],"author":[{"embeddable":true,"href":"https:\/\/euapp01.newsmemory.com\/lamarseillaise\/news\/wp-json\/wp\/v2\/users\/1"}],"replies":[{"embeddable":true,"href":"https:\/\/euapp01.newsmemory.com\/lamarseillaise\/news\/wp-json\/wp\/v2\/comments?post=36449"}],"version-history":[{"count":1,"href":"https:\/\/euapp01.newsmemory.com\/lamarseillaise\/news\/wp-json\/wp\/v2\/posts\/36449\/revisions"}],"predecessor-version":[{"id":36451,"href":"https:\/\/euapp01.newsmemory.com\/lamarseillaise\/news\/wp-json\/wp\/v2\/posts\/36449\/revisions\/36451"}],"wp:featuredmedia":[{"embeddable":true,"href":"https:\/\/euapp01.newsmemory.com\/lamarseillaise\/news\/wp-json\/wp\/v2\/media\/36450"}],"wp:attachment":[{"href":"https:\/\/euapp01.newsmemory.com\/lamarseillaise\/news\/wp-json\/wp\/v2\/media?parent=36449"}],"wp:term":[{"taxonomy":"category","embeddable":true,"href":"https:\/\/euapp01.newsmemory.com\/lamarseillaise\/news\/wp-json\/wp\/v2\/categories?post=36449"},{"taxonomy":"post_tag","embeddable":true,"href":"https:\/\/euapp01.newsmemory.com\/lamarseillaise\/news\/wp-json\/wp\/v2\/tags?post=36449"},{"taxonomy":"news-destination","embeddable":true,"href":"https:\/\/euapp01.newsmemory.com\/lamarseillaise\/news\/wp-json\/wp\/v2\/news-destination?post=36449"},{"taxonomy":"news-source","embeddable":true,"href":"https:\/\/euapp01.newsmemory.com\/lamarseillaise\/news\/wp-json\/wp\/v2\/news-source?post=36449"},{"taxonomy":"is_homepage","embeddable":true,"href":"https:\/\/euapp01.newsmemory.com\/lamarseillaise\/news\/wp-json\/wp\/v2\/is_homepage?post=36449"},{"taxonomy":"ta_other","embeddable":true,"href":"https:\/\/euapp01.newsmemory.com\/lamarseillaise\/news\/wp-json\/wp\/v2\/ta_other?post=36449"}],"curies":[{"name":"wp","href":"https:\/\/api.w.org\/{rel}","templated":true}]}}