{"id":36446,"date":"2026-07-16T07:24:00","date_gmt":"2026-07-16T05:24:00","guid":{"rendered":"https:\/\/euapp01.newsmemory.com\/lamarseillaise\/news\/?p=36446"},"modified":"2026-07-21T09:34:56","modified_gmt":"2026-07-21T07:34:56","slug":"le-repit-de-notre-dame-un-lieu-de-restauration-inclusif-et-solidaire","status":"publish","type":"post","link":"https:\/\/euapp01.newsmemory.com\/lamarseillaise\/news\/2026\/07\/16\/le-repit-de-notre-dame-un-lieu-de-restauration-inclusif-et-solidaire\/","title":{"rendered":"Le r\u00e9pit de Notre-Dame, un lieu de restauration inclusif et solidaire"},"content":{"rendered":"<div class=\"paragraph\">\n<p>\u00ab <i>L<\/i><i>e lieu est magnifique, \u00e7a fait plaisir de travailler l\u00e0<\/i><i>\u00a0<\/i>\u00bb, s\u2019enthousiasme Th\u00e9o, 24\u00a0ans, en situation de handicap sensoriel et employ\u00e9 du r\u00e9pit de Notre-Dame (7<sup>e<\/sup>). Cette entreprise adapt\u00e9e accueille, au sein de son \u00e9quipe de 9\u00a0personnes, 6\u00a0employ\u00e9s en situation de handicap. Dans les pentes de Notre-Dame de la Garde et face \u00e0 la mer M\u00e9diterran\u00e9e, le r\u00e9pit de Notre-Dame fait partie d\u2019un projet plus vaste de tiers-lieu inclusif, port\u00e9 par l\u2019association IRSAM.<\/p>\n<p>N\u00e9e il y a 165\u00a0ans \u00e0 Marseille, la structure \u0153uvre en faveur de l\u2019inclusion des personnes en situation de handicap sensoriel. \u00ab\u00a0<i>La mission<\/i><i> principale est l\u2019accompagnement de ces personnes, faire en sorte qu\u2019elles soient, \u00e0 terme, autonomes<\/i><i>\u00a0<\/i>\u00bb, explique Marion De Bovis, charg\u00e9e de communication pour l\u2019association. Depuis, son champ d\u2019action s\u2019est \u00e9largi et s\u2019est d\u00e9velopp\u00e9 vers de nouveaux territoires et de nouveaux handicaps. Avec plus d\u2019une quarantaine d\u2019\u00e9tablissements d\u2019accueil, l\u2019ouverture de ce tiers-lieu marque une nouvelle \u00e9tape pour l\u2019IRSAM.<\/p>\n<p>Au-del\u00e0 de l\u2019entreprise adapt\u00e9e qui se d\u00e9veloppe autour de trois activit\u00e9s (caf\u00e9-restaurant, privatisation du lieu pour s\u00e9minaires et associations et \u00e9picerie locale et solidaire), le lieu accueille aussi un espace d\u2019habitat inclusif, la Villa Saint-Louis. \u00ab\u00a0<i>Tous s\u2019engagent \u00e0 faire vivre ce projet de vie partag\u00e9e et inclusive<\/i><i>\u00a0<\/i>\u00bb ajoute Marion De Bovis\u00a0: une charte en cours de r\u00e9daction va \u00eatre sign\u00e9e par les 13\u00a0locataires des logements du b\u00e2timent, dont 4 sont en situation de handicap sensoriel.<\/p>\n<\/p><\/div>\n<div class=\"intext\"> Un lieu tourn\u00e9<br \/>\n               <br \/>vers le handicap\n              <\/div>\n<div class=\"paragraph\">\n<p>Le r\u00e9pit de Notre-Dame est une entreprise destin\u00e9e aussi bien aux touristes qu\u2019aux Marseillais du quartier, mais c\u2019est avant tout un lieu tourn\u00e9 vers le handicap sensoriel, pens\u00e9 au service de l\u2019association et des personnes en situation de handicap et non l\u2019inverse.<br \/>\u00ab<i>\u00a0<\/i><i>Venir ici, c\u2019est contribuer \u00e0 l\u2019inclusion de ces personnes au sein de la vie sociale, contribuer \u00e0 rendre visible et \u00e0 changer le regard sur le handicap<\/i><i>\u00a0<\/i>\u00bb<i>, <\/i>fait valoir Julie Giraud, qui pilote le projet. En 2019, la congr\u00e9gation des S\u0153urs de Marie Immacul\u00e9e a l\u00e9gu\u00e9 le b\u00e2timent \u00e0 la structure, Julie Giraud construit le projet du tiers-lieu dans la d\u00e9marche de mettre en avant le b\u00e2timent et l\u2019association\u00a0: \u00ab\u00a0<i>On avait envie de cr\u00e9er un lieu ouvert sur l\u2019ext\u00e9rieur, un lieu qui soit beau, o\u00f9 l\u2019on peut se rencontrer et qui montre que les personnes en situation de handicap sont en capacit\u00e9 de travailler<\/i><i>\u00a0<\/i>\u00bb.<\/p>\n<p>Ouvert au public depuis le 26\u00a0juin, le lieu se fait conna\u00eetre et conquiert le c\u0153ur des clients. \u00ab\u00a0<i>On a eu que des retours positifs, tant sur la cuisine que sur le lieu et le fond du projet<\/i><i>\u00a0<\/i>\u00bb, se f\u00e9licite Edouard Brame, responsable du lieu. Ouvert du mardi au samedi, de 10h \u00e0 20h, le r\u00e9pit propose des offres petit-d\u00e9jeuner, d\u00e9jeuner, go\u00fbter et ap\u00e9ro tapas, accueillant les consommateurs tout au long de la journ\u00e9e. Il propose une cuisine simple, avec des produits locaux et des p\u00e2tisseries faites maison. L\u2019\u00e9picerie locale et solidaire propose elle aussi des produits du terroir, majoritairement issus d\u2019ESAT (\u00e9tablissement et service d\u2019accompagnement par le travail).<\/p>\n<p>Dans un cadre id\u00e9al, avec une vue prenante sur Marseille et le chant des cigales, Pierre-Laurent, autre employ\u00e9 en situation de handicap, accoste m\u00eame les passants\u00a0: \u00ab\u00a0<i>Viens dans la clim<\/i><i>\u00a0<\/i><i>!<\/i><i>\u00a0<\/i>\u00bb, invite-t-il \u00e0 se rafra\u00eechir. L\u2019atmosph\u00e8re du lieu est chaleureuse\u00a0: \u00ab\u00a0<i>Il y a une tr\u00e8s bonne ambiance dans l\u2019\u00e9quipe. Edouard est tr\u00e8s sympa, les coll\u00e8gues de travail aussi<\/i><i>\u00a0<\/i>\u00bb, applaudit Th\u00e9o.<\/p>\n<p>Une inauguration officielle aura lieu le 22\u00a0septembre, et l\u2019association ouvrira les portes de ses b\u00e2timents pour les journ\u00e9es du patrimoine le samedi 18\u00a0septembre.<\/p>\n<\/p><\/div>\n","protected":false},"excerpt":{"rendered":"&laquo; Le lieu est magnifique, &ccedil;a fait plaisir de travailler l&agrave;&nbsp;&raquo;, s&rsquo;enthousiasme Th&eacute;o, 24&nbsp;ans, en situation de handicap sensoriel et employ&eacute; du r&eacute;pit de Notre-Dame (7e). Cette entreprise &#8230;","protected":false},"author":1,"featured_media":36447,"comment_status":"open","ping_status":"open","sticky":false,"template":"","format":"standard","meta":{"footnotes":""},"categories":[3926,3925,331,20],"tags":[138,10,3558,1285,1066,16,3233,180,392,2827],"news-destination":[3944],"news-source":[475],"is_homepage":[],"ta_other":[],"class_list":["post-36446","post","type-post","status-publish","format-standard","has-post-thumbnail","hentry","category-accueil-merge","category-accueil-third","category-social","category-societe","tag-associations","tag-bouches-du-rhone","tag-cafe-restaurant","tag-cuisine","tag-handicap","tag-marseille","tag-notre-dame-de-la-garde","tag-restauration","tag-solidaire","tag-tiers-lieu","news-destination-homepage","news-source-website"],"_links":{"self":[{"href":"https:\/\/euapp01.newsmemory.com\/lamarseillaise\/news\/wp-json\/wp\/v2\/posts\/36446","targetHints":{"allow":["GET"]}}],"collection":[{"href":"https:\/\/euapp01.newsmemory.com\/lamarseillaise\/news\/wp-json\/wp\/v2\/posts"}],"about":[{"href":"https:\/\/euapp01.newsmemory.com\/lamarseillaise\/news\/wp-json\/wp\/v2\/types\/post"}],"author":[{"embeddable":true,"href":"https:\/\/euapp01.newsmemory.com\/lamarseillaise\/news\/wp-json\/wp\/v2\/users\/1"}],"replies":[{"embeddable":true,"href":"https:\/\/euapp01.newsmemory.com\/lamarseillaise\/news\/wp-json\/wp\/v2\/comments?post=36446"}],"version-history":[{"count":1,"href":"https:\/\/euapp01.newsmemory.com\/lamarseillaise\/news\/wp-json\/wp\/v2\/posts\/36446\/revisions"}],"predecessor-version":[{"id":36448,"href":"https:\/\/euapp01.newsmemory.com\/lamarseillaise\/news\/wp-json\/wp\/v2\/posts\/36446\/revisions\/36448"}],"wp:featuredmedia":[{"embeddable":true,"href":"https:\/\/euapp01.newsmemory.com\/lamarseillaise\/news\/wp-json\/wp\/v2\/media\/36447"}],"wp:attachment":[{"href":"https:\/\/euapp01.newsmemory.com\/lamarseillaise\/news\/wp-json\/wp\/v2\/media?parent=36446"}],"wp:term":[{"taxonomy":"category","embeddable":true,"href":"https:\/\/euapp01.newsmemory.com\/lamarseillaise\/news\/wp-json\/wp\/v2\/categories?post=36446"},{"taxonomy":"post_tag","embeddable":true,"href":"https:\/\/euapp01.newsmemory.com\/lamarseillaise\/news\/wp-json\/wp\/v2\/tags?post=36446"},{"taxonomy":"news-destination","embeddable":true,"href":"https:\/\/euapp01.newsmemory.com\/lamarseillaise\/news\/wp-json\/wp\/v2\/news-destination?post=36446"},{"taxonomy":"news-source","embeddable":true,"href":"https:\/\/euapp01.newsmemory.com\/lamarseillaise\/news\/wp-json\/wp\/v2\/news-source?post=36446"},{"taxonomy":"is_homepage","embeddable":true,"href":"https:\/\/euapp01.newsmemory.com\/lamarseillaise\/news\/wp-json\/wp\/v2\/is_homepage?post=36446"},{"taxonomy":"ta_other","embeddable":true,"href":"https:\/\/euapp01.newsmemory.com\/lamarseillaise\/news\/wp-json\/wp\/v2\/ta_other?post=36446"}],"curies":[{"name":"wp","href":"https:\/\/api.w.org\/{rel}","templated":true}]}}