{"id":36443,"date":"2026-07-16T07:30:00","date_gmt":"2026-07-16T05:30:00","guid":{"rendered":"https:\/\/euapp01.newsmemory.com\/lamarseillaise\/news\/?p=36443"},"modified":"2026-07-21T11:57:16","modified_gmt":"2026-07-21T09:57:16","slug":"cest-lete-a-fos-sur-mer-partez-a-la-decouverte-de-la-cote-bleue","status":"publish","type":"post","link":"https:\/\/euapp01.newsmemory.com\/lamarseillaise\/news\/2026\/07\/16\/cest-lete-a-fos-sur-mer-partez-a-la-decouverte-de-la-cote-bleue\/","title":{"rendered":"[C\u2019est l\u2019\u00e9t\u00e9] \u00c0 Fos-sur-Mer, partez \u00e0 la d\u00e9couverte de la C\u00f4te Bleue"},"content":{"rendered":"<div class=\"paragraph\">\n<p>Que vous soyez visiteur ou Foss\u00e9en, l\u2019office de tourisme de Fos-sur-Mer organise une croisi\u00e8re tout au long de la C\u00f4te Bleue. \u00c0 bord du bateau le Cisampo, 80\u00a0passagers navigueront du Fort de Bouc \u00e0 la calanque de Niolon, en passant par le quartier de Sainte-Croix, Carry-le-Rouet et la calanque de Sausset-les-Pins.<\/p>\n<p>\u00ab\u00a0<i>Le rendez-vous est fix\u00e9 \u00e0 8<\/i><i>\u00a0<\/i><i>heures<\/i><i>\u00a0<\/i><i>30 \u00e0 la Capitainerie de Fos-sur-Mer<\/i>, <i>pour un d\u00e9part \u00e0 9<\/i><i>\u00a0<\/i><i>heures avec une fin pr\u00e9vue vers midi<\/i><i>\u00a0<\/i>\u00bb, pr\u00e9cise la direction des festivit\u00e9s et du tourisme. Un aller-retour de trois heures comment\u00e9 avec des explications sur la faune et la flore, ainsi que des anecdotes sur l\u2019histoire des monuments qui jalonnent la C\u00f4te Bleue.<\/p>\n<\/p><\/div>\n<div class=\"intext\"> Admirer la C\u00f4te Bleue sous un nouvel angle\n              <\/div>\n<div class=\"paragraph\">\n<p>\u00ab<i>\u00a0<\/i><i>Depuis la mer, on apprend beaucoup de choses et le visuel est magnifique<\/i>\u00a0\u00bb, vante l\u2019organisation.<\/p>\n<p>Elle remarque que \u00ab\u00a0<i>les passagers qui embarquent sur le Cisampo viennent de tous les horizons. Il y a des touristes qui sont en visite, tout comme des habitants de la r\u00e9gion, mais qui ne connaissent pas la C\u00f4te Bleue sous cet angle<\/i><i>\u00a0<\/i>\u00bb. Dans tous les cas, c\u2019est une r\u00e9elle \u00ab\u00a0<i>d\u00e9couverte pour tous les participants<\/i><i>\u00a0<\/i>\u00bb.<\/p>\n<p>C\u2019est la deuxi\u00e8me ann\u00e9e cons\u00e9cutive que la balade est organis\u00e9e, avec de \u00ab\u00a0<i>tr\u00e8s bons retours des passagers l\u2019ann\u00e9e derni\u00e8re<\/i><i>\u00a0<\/i>\u00bb, selon la direction. Un succ\u00e8s que l\u2019office de tourisme a voulu renouveler, en augmentant le nombre de visites. En 2026, la visite aura lieu sur trois dates\u00a0: le 17 et 30\u00a0juillet, puis le 17\u00a0ao\u00fbt. Une croisi\u00e8re initi\u00e9e \u00ab\u00a0<i>gr\u00e2ce aux sollicitations des touristes qui ont demand\u00e9 \u00e0 pouvoir d\u00e9couvrir la C\u00f4te Bleue par la mer<\/i><i>\u00a0<\/i>\u00bb.<\/p>\n<\/p><\/div>\n<div class=\"intext\"> Des visites d\u00e9j\u00e0 presque compl\u00e8tes\n              <\/div>\n<div class=\"paragraph\">\n<p>Pour r\u00e9server sa place, rien de plus simple. Les inscriptions se font soit en se rendant \u00e0 l\u2019office de tourisme de Fos-sur-Mer, soit en ligne. Les places partent tr\u00e8s vite, la sortie de ce vendredi est d\u00e9j\u00e0 compl\u00e8te.<\/p>\n<p>C\u00f4t\u00e9 tarif, la place est \u00e0 10\u00a0euros pour les adultes, 5\u00a0euros pour les enfants de moins de 10\u00a0ans, et gratuite pour les moins de 4\u00a0ans. Attention toutefois, r\u00e9server sa place en ligne vous co\u00fbtera un euro suppl\u00e9mentaire de frais de gestion.<\/p>\n<\/p><\/div>\n<div class=\"paragraph\">\n<p><i>Pour r\u00e9server en ligne<\/i><i>\u00a0<\/i><i>: <a rel=\"nofollow noopener noreferrer\" href=\"https:\/\/www.fossurmer.fr\/\" target=\"_blank\">fossurmer.fr<\/a><\/i><\/p>\n<\/p><\/div>\n","protected":false},"excerpt":{"rendered":"Que vous soyez visiteur ou Foss&eacute;en, l&rsquo;office de tourisme de Fos-sur-Mer organise une croisi&egrave;re tout au long de la C&ocirc;te Bleue. &Agrave; bord du bateau le Cisampo, 80&nbsp;passagers navigueront du Fort de Bouc &agrave; la &#8230;","protected":false},"author":1,"featured_media":36444,"comment_status":"open","ping_status":"open","sticky":false,"template":"","format":"standard","meta":{"footnotes":""},"categories":[3926,3925,20],"tags":[2873,6085,2454,482,55,128,347],"news-destination":[3944],"news-source":[475],"is_homepage":[],"ta_other":[],"class_list":["post-36443","post","type-post","status-publish","format-standard","has-post-thumbnail","hentry","category-accueil-merge","category-accueil-third","category-societe","tag-activites-de-loisirs","tag-cest-lete","tag-croisieres","tag-fos-sur-mer","tag-loisirs","tag-mediterranee","tag-tourisme","news-destination-homepage","news-source-website"],"_links":{"self":[{"href":"https:\/\/euapp01.newsmemory.com\/lamarseillaise\/news\/wp-json\/wp\/v2\/posts\/36443","targetHints":{"allow":["GET"]}}],"collection":[{"href":"https:\/\/euapp01.newsmemory.com\/lamarseillaise\/news\/wp-json\/wp\/v2\/posts"}],"about":[{"href":"https:\/\/euapp01.newsmemory.com\/lamarseillaise\/news\/wp-json\/wp\/v2\/types\/post"}],"author":[{"embeddable":true,"href":"https:\/\/euapp01.newsmemory.com\/lamarseillaise\/news\/wp-json\/wp\/v2\/users\/1"}],"replies":[{"embeddable":true,"href":"https:\/\/euapp01.newsmemory.com\/lamarseillaise\/news\/wp-json\/wp\/v2\/comments?post=36443"}],"version-history":[{"count":1,"href":"https:\/\/euapp01.newsmemory.com\/lamarseillaise\/news\/wp-json\/wp\/v2\/posts\/36443\/revisions"}],"predecessor-version":[{"id":36445,"href":"https:\/\/euapp01.newsmemory.com\/lamarseillaise\/news\/wp-json\/wp\/v2\/posts\/36443\/revisions\/36445"}],"wp:featuredmedia":[{"embeddable":true,"href":"https:\/\/euapp01.newsmemory.com\/lamarseillaise\/news\/wp-json\/wp\/v2\/media\/36444"}],"wp:attachment":[{"href":"https:\/\/euapp01.newsmemory.com\/lamarseillaise\/news\/wp-json\/wp\/v2\/media?parent=36443"}],"wp:term":[{"taxonomy":"category","embeddable":true,"href":"https:\/\/euapp01.newsmemory.com\/lamarseillaise\/news\/wp-json\/wp\/v2\/categories?post=36443"},{"taxonomy":"post_tag","embeddable":true,"href":"https:\/\/euapp01.newsmemory.com\/lamarseillaise\/news\/wp-json\/wp\/v2\/tags?post=36443"},{"taxonomy":"news-destination","embeddable":true,"href":"https:\/\/euapp01.newsmemory.com\/lamarseillaise\/news\/wp-json\/wp\/v2\/news-destination?post=36443"},{"taxonomy":"news-source","embeddable":true,"href":"https:\/\/euapp01.newsmemory.com\/lamarseillaise\/news\/wp-json\/wp\/v2\/news-source?post=36443"},{"taxonomy":"is_homepage","embeddable":true,"href":"https:\/\/euapp01.newsmemory.com\/lamarseillaise\/news\/wp-json\/wp\/v2\/is_homepage?post=36443"},{"taxonomy":"ta_other","embeddable":true,"href":"https:\/\/euapp01.newsmemory.com\/lamarseillaise\/news\/wp-json\/wp\/v2\/ta_other?post=36443"}],"curies":[{"name":"wp","href":"https:\/\/api.w.org\/{rel}","templated":true}]}}