{"id":36440,"date":"2026-07-16T07:16:00","date_gmt":"2026-07-16T05:16:00","guid":{"rendered":"https:\/\/euapp01.newsmemory.com\/lamarseillaise\/news\/?p=36440"},"modified":"2026-07-21T08:54:48","modified_gmt":"2026-07-21T06:54:48","slug":"robin-pretot-fait-le-bilan-de-ses-100-premiers-jours","status":"publish","type":"post","link":"https:\/\/euapp01.newsmemory.com\/lamarseillaise\/news\/2026\/07\/16\/robin-pretot-fait-le-bilan-de-ses-100-premiers-jours\/","title":{"rendered":"Robin Pr\u00e9tot fait le bilan de ses 100 premiers jours"},"content":{"rendered":"<div class=\"paragraph\">\n<p>C\u2019est une \u00e9tape \u00ab\u00a0<i>importante et symbolique<\/i><i>\u00a0<\/i>\u00bb de d\u00e9but de mandat, que Robin Pr\u00e9tot (LR) a souhait\u00e9 mettre en avant\u00a0: le cap des cent jours. Un peu plus de quatre mois apr\u00e8s avoir \u00e9t\u00e9 \u00e9lu, il pr\u00e9sente les premi\u00e8res r\u00e9alisations de sa nouvelle majorit\u00e9. \u00ab\u00a0<i>Pr\u00e8s de 60<\/i><i>\u00a0<\/i><i>% des voix en triangulaire face \u00e0 un pr\u00e9d\u00e9cesseur install\u00e9 depuis des d\u00e9cennies c\u2019est assez important, mais on s\u2019est toujours dit qu\u2019il fallait garder la t\u00eate froide et faire preuve d\u2019humilit\u00e9 parce que \u00e7a veut dire qu\u2019il y a une attente tr\u00e8s forte de la population et donc une capacit\u00e9 \u00e0 d\u00e9cevoir qui peut \u00eatre tr\u00e8s grande. C\u2019est pour \u00e7a qu\u2019on a pass\u00e9 100<\/i><i>\u00a0<\/i><i>jours de mandat tr\u00e8s actifs<\/i>.\u00a0\u00bb<\/p>\n<p>Et ce d\u00e8s les quinze premiers, avec le vote du budget. \u00ab\u00a0<i>On a fr\u00f4l\u00e9 la tutelle, il a fallu liquider la r\u00e9gie Nexus et r\u00e9\u00e9quilibrer le budget du centre \u00e9questre du Deven qui avait un d\u00e9ficit de plus de 100<\/i><i>\u00a0<\/i><i>000<\/i><i>\u00a0<\/i><i>euros, <\/i>rappelle le maire<i>. On a \u00e9vit\u00e9 \u00e7a. (&#8230;) Par contre la question se pose pour 2027<\/i><i>\u00a0<\/i><i>: comment on \u00e9quilibre<\/i><i>\u00a0<\/i><i>?<\/i><i>\u00a0<\/i>\u00bb<\/p>\n<p>D\u00e8s son installation, le conseil municipal a donc lanc\u00e9 un audit des finances et des ressources humaines de la Ville, dont les premiers r\u00e9sultats lui ont \u00e9t\u00e9 pr\u00e9sent\u00e9s \u00ab\u00a0<i>il y a quelques jours<\/i>\u00a0\u00bb, pr\u00e9cise Robin Pr\u00e9tot, qui annonce d\u2019ores et d\u00e9j\u00e0 qu\u2019ils sont \u00ab\u00a0<i>mauvais<\/i><i>\u00a0<\/i>\u00bb et qu\u2019ils \u00ab\u00a0<i>vont appeler \u00e0 des choix courageux qu\u2019il va falloir faire \u00e0 partir du second semestre<\/i>\u00a0\u00bb.<\/p>\n<p>Une r\u00e9union publique d\u00e9di\u00e9e \u00e0 la question sera organis\u00e9e en septembre. D\u2019ici l\u00e0, une lettre de cadrage sera envoy\u00e9e aux diff\u00e9rentes directions pour pr\u00e9parer un cycle de conf\u00e9rences budg\u00e9taires, \u00ab\u00a0<i>noter les priorit\u00e9s avant de faire des arbitrages<\/i>\u00a0\u00bb, d\u00e9taille l\u2019\u00e9dile, qui esp\u00e8re voter le prochain exercice en janvier plut\u00f4t qu\u2019en avril. \u00ab\u00a0<i>On va essayer de se donner cette discipline-l\u00e0 chaque ann\u00e9e. On va aussi monter un comit\u00e9 d\u2019arbitrage pour les investissements. Il faut qu\u2019on puisse avoir de la perspective surtout vu les enjeux m\u00e9tropolitains qui nous entourent.<\/i>\u00a0\u00bb<\/p>\n<p>Quoi qu\u2019il en soit, Robin Pr\u00e9tot est clair\u00a0: il va falloir faire des \u00e9conomies. \u00ab\u00a0<i>On a du potentiel mais \u00e7a va n\u00e9cessiter des choix et de la sobri\u00e9t\u00e9<\/i><i>\u00a0<\/i>\u00bb, assure-t-il. En interne, la r\u00e9vision de certains r\u00e9gimes indemnitaires et de certaines r\u00e9mun\u00e9rations \u00e0 l\u2019aune du principe d\u2019\u00e9quit\u00e9 devrait rapporter des sous et amener plus de transparence dans la gestion municipale. \u00ab\u00a0<i>\u00c0 m\u00e9tier et comp\u00e9tences \u00e9gaux, certains n\u2019ont pas du tout le m\u00eame salaire. C\u2019est le fruit de l\u2019histoire et de relations pass\u00e9es. Le tout c\u2019est d\u2019avoir la franchise de le dire et intelligence de le faire avec les syndicats.<\/i>\u00a0\u00bb<\/p>\n<p>Les repr\u00e9sentants auront aussi la t\u00e2che de \u00ab\u00a0<i>fl\u00e9cher les politiques sociales indispensables pour les agents et ce sur quoi on peut rogner pour avoir l\u2019\u00e9quilibre budg\u00e9taire \u00e0 la fin<\/i><i>\u00a0<\/i>\u00bb. Des groupes de travail seront lanc\u00e9s \u00e0 la fin de l\u2019audit RH.<\/p>\n<\/p><\/div>\n<div class=\"intext\"> Du concret\n              <\/div>\n<div class=\"paragraph\">\n<p>Cette situation n\u2019a pas emp\u00each\u00e9 la nouvelle majorit\u00e9 d\u2019initier plusieurs chantiers. L\u2019objectif de climatiser 100\u00a0% des \u00e9coles d\u2019ici l\u2019\u00e9t\u00e9 prochain devrait \u00eatre tenu. \u00ab<i>\u00a0<\/i><i>Le march\u00e9 \u00e9tait pr\u00eat, mais rien n\u2019\u00e9tait inscrit au budget, <\/i>souligne Robin Pr\u00e9tot<i>. Il a quand m\u00eame fallu faire un emprunt d\u20191,5<\/i><i>\u00a0<\/i><i>million d\u2019euros pour lancer ce projet, qui va commencer cet \u00e9t\u00e9. Il y aura des travaux pendant toutes les p\u00e9riodes de vacances scolaires.<\/i>\u00a0\u00bb<\/p>\n<p>Le plan Ph\u00e9nix pour revitaliser le centre-ville a lui aussi vu le jour. La population peut faire des propositions via une urne install\u00e9e dans l\u2019Office du tourisme. \u00ab\u00a0<i>On a commenc\u00e9 les premi\u00e8res r\u00e9unions techniques pour ce programme assez transversal. (&#8230;) On a entam\u00e9 des premiers contacts avec la SOLEAM car il nous faut un outil de portage foncier pour acqu\u00e9rir du patrimoine le r\u00e9nover le louer ou le revendre.<\/i>\u00a0\u00bb<\/p>\n<p>En parlant de patrimoine, un appel \u00e0 projet va \u00eatre ouvert pour d\u00e9finir la nouvelle vocation de la mairie historique, qui ne sera donc finalement pas vendue \u00e0 la M\u00e9tropole pour un euro. Robin Pr\u00e9tot affirme\u00a0: \u00ab\u00a0<i>Pour faire vivre le centre-ville faut cr\u00e9er une logique de flux, avec de l\u2019art, des mus\u00e9es, de l\u2019administration ou d\u2019autres types de services publics comme les \u00e9coles<\/i>.\u00a0\u00bb Celle des Carmes, qui devait devenir un parc urbain, pourrait finalement \u00eatre pr\u00e9serv\u00e9e sur demande de la Direction r\u00e9gionale des affaires culturelles et des b\u00e2timents de France suite \u00e0 la d\u00e9couverte de peintures historiques. \u00ab\u00a0<i>On peut se dire qu\u2019on garde l\u2019\u00e9tablissement et qu\u2019on le repense dans sa vocation originelle en y remettant une maternelle, avec une cour et un parc r\u00e9duit.<\/i><i>\u00a0<\/i>\u00bb La r\u00e9flexion va \u00eatre lanc\u00e9e.<\/p>\n<p>C\u00f4t\u00e9 b\u00e9tonnage, le principal sujet de la campagne municipale, 620\u00a0projets de logements ont \u00e9t\u00e9 mis \u00e0 l\u2019arr\u00eat. Les r\u00e9visions du Projet d\u2019am\u00e9nagement et de d\u00e9veloppement durable, du PLU et du PLUi sont act\u00e9es aupr\u00e8s de la M\u00e9tropole.<\/p>\n<\/p><\/div>\n","protected":false},"excerpt":{"rendered":"C&rsquo;est une &eacute;tape &laquo;&nbsp;importante et symbolique&nbsp;&raquo; de d&eacute;but de mandat, que Robin Pr&eacute;tot (LR) a souhait&eacute; mettre en avant&nbsp;: le cap des cent jours. Un peu plus de quatre mois apr&egrave;s avoir &#8230;","protected":false},"author":1,"featured_media":36441,"comment_status":"open","ping_status":"open","sticky":false,"template":"","format":"standard","meta":{"footnotes":""},"categories":[3926,3925,330],"tags":[723,10,430,181,1624,148,1862,519,534,489,442,731,6098,1112,592,4681,5793,4726,364,593,595],"news-destination":[3944],"news-source":[475],"is_homepage":[],"ta_other":[],"class_list":["post-36440","post","type-post","status-publish","format-standard","has-post-thumbnail","hentry","category-accueil-merge","category-accueil-third","category-politique","tag-bilan","tag-bouches-du-rhone","tag-budget","tag-centre-ville","tag-chantiers","tag-conseil-municipal","tag-economies","tag-investissements","tag-istres","tag-logements","tag-mairie","tag-mandat","tag-parc-urbain","tag-remunerations","tag-ressources-humaines","tag-reunion-publique","tag-robin-pretot","tag-soleam","tag-syndicats","tag-transparence","tag-urbanisme","news-destination-homepage","news-source-website"],"_links":{"self":[{"href":"https:\/\/euapp01.newsmemory.com\/lamarseillaise\/news\/wp-json\/wp\/v2\/posts\/36440","targetHints":{"allow":["GET"]}}],"collection":[{"href":"https:\/\/euapp01.newsmemory.com\/lamarseillaise\/news\/wp-json\/wp\/v2\/posts"}],"about":[{"href":"https:\/\/euapp01.newsmemory.com\/lamarseillaise\/news\/wp-json\/wp\/v2\/types\/post"}],"author":[{"embeddable":true,"href":"https:\/\/euapp01.newsmemory.com\/lamarseillaise\/news\/wp-json\/wp\/v2\/users\/1"}],"replies":[{"embeddable":true,"href":"https:\/\/euapp01.newsmemory.com\/lamarseillaise\/news\/wp-json\/wp\/v2\/comments?post=36440"}],"version-history":[{"count":1,"href":"https:\/\/euapp01.newsmemory.com\/lamarseillaise\/news\/wp-json\/wp\/v2\/posts\/36440\/revisions"}],"predecessor-version":[{"id":36442,"href":"https:\/\/euapp01.newsmemory.com\/lamarseillaise\/news\/wp-json\/wp\/v2\/posts\/36440\/revisions\/36442"}],"wp:featuredmedia":[{"embeddable":true,"href":"https:\/\/euapp01.newsmemory.com\/lamarseillaise\/news\/wp-json\/wp\/v2\/media\/36441"}],"wp:attachment":[{"href":"https:\/\/euapp01.newsmemory.com\/lamarseillaise\/news\/wp-json\/wp\/v2\/media?parent=36440"}],"wp:term":[{"taxonomy":"category","embeddable":true,"href":"https:\/\/euapp01.newsmemory.com\/lamarseillaise\/news\/wp-json\/wp\/v2\/categories?post=36440"},{"taxonomy":"post_tag","embeddable":true,"href":"https:\/\/euapp01.newsmemory.com\/lamarseillaise\/news\/wp-json\/wp\/v2\/tags?post=36440"},{"taxonomy":"news-destination","embeddable":true,"href":"https:\/\/euapp01.newsmemory.com\/lamarseillaise\/news\/wp-json\/wp\/v2\/news-destination?post=36440"},{"taxonomy":"news-source","embeddable":true,"href":"https:\/\/euapp01.newsmemory.com\/lamarseillaise\/news\/wp-json\/wp\/v2\/news-source?post=36440"},{"taxonomy":"is_homepage","embeddable":true,"href":"https:\/\/euapp01.newsmemory.com\/lamarseillaise\/news\/wp-json\/wp\/v2\/is_homepage?post=36440"},{"taxonomy":"ta_other","embeddable":true,"href":"https:\/\/euapp01.newsmemory.com\/lamarseillaise\/news\/wp-json\/wp\/v2\/ta_other?post=36440"}],"curies":[{"name":"wp","href":"https:\/\/api.w.org\/{rel}","templated":true}]}}