{"id":36437,"date":"2026-07-16T07:22:00","date_gmt":"2026-07-16T05:22:00","guid":{"rendered":"https:\/\/euapp01.newsmemory.com\/lamarseillaise\/news\/?p=36437"},"modified":"2026-07-21T09:34:56","modified_gmt":"2026-07-21T07:34:56","slug":"entretien-robin-renucci-les-conges-payes-ont-ete-une-conquete-du-temps-libre","status":"publish","type":"post","link":"https:\/\/euapp01.newsmemory.com\/lamarseillaise\/news\/2026\/07\/16\/entretien-robin-renucci-les-conges-payes-ont-ete-une-conquete-du-temps-libre\/","title":{"rendered":"[Entretien] Robin Renucci : \u00ab&nbsp;Les cong\u00e9s pay\u00e9s ont \u00e9t\u00e9 une conqu\u00eate du temps libre&nbsp;\u00bb"},"content":{"rendered":"<div class=\"paragraph\">\n<p>La Marseillaise\u00a0: <b>Dans quel contexte les cong\u00e9s pay\u00e9s se sont-ils impos\u00e9s comme des acquis sociaux<\/b><b>\u00a0<\/b><b>?<\/b><\/p>\n<p>Robin Renucci\u00a0: C\u2019\u00e9tait dans l\u2019urgence sociale, dans un \u00e9tau mena\u00e7ant lorsque les discours de fanatisme et de haine avaient libre cours dans une Europe vacillante. En 1936 une France r\u00e9publicaine a r\u00e9sist\u00e9 \u00e0 la couleur marron montante et s\u2019est rassembl\u00e9e en ce qu\u2019on a appel\u00e9 le Front Populaire, cette r\u00e9unification syndicale de la CGT, de la CGTU, des socialistes, des communistes, des radicaux et des autres forces antifascistes autour de L\u00e9on Blum. La gauche l\u2019a emport\u00e9 et un grand mouvement de gr\u00e8ve a pouss\u00e9 pour que des r\u00e9formes soient mises en \u0153uvre sans plus tarder. C\u2019\u00e9tait donc une conjonction du consensus populaire, de la volont\u00e9 de r\u00e9forme du chef du gouvernement et puis d\u2019une majorit\u00e9 parlementaire, qui a amen\u00e9 des avanc\u00e9es comme on n\u2019en avait jamais vu dans le monde ouvrier\u00a0: la semaine de 40\u00a0heures et les premiers cong\u00e9s pay\u00e9s.<\/p>\n<p><b>Que symbolisait cette mesure<\/b><b>\u00a0<\/b><b>?<\/b><\/p>\n<p>R.R.\u00a0: Cette ann\u00e9e-l\u00e0, des femmes et des hommes ont r\u00e9clam\u00e9 et gagn\u00e9 quelque chose qui \u00e9tait immense, c\u2019est-\u00e0-dire du temps. Du temps pour vivre, pour soi. Regarder ses enfants autrement qu\u2019entre deux fatigues \u00e9tait devenu un \u00e9v\u00e9nement. Ces mesures n\u2019ont pas seulement \u00e9t\u00e9 des acquis sociaux, mais une r\u00e9volution sensible de l\u2019existence, une transformation du regard sur la dignit\u00e9 humaine. Derri\u00e8re ces id\u00e9es, il y avait l\u2019id\u00e9e qu\u2019une soci\u00e9t\u00e9 juste est une soci\u00e9t\u00e9 qui reconna\u00eet \u00e0 chacun le droit au repos, le droit \u00e0 la beaut\u00e9, \u00e0 l\u2019imaginaire et \u00e0 la rencontre. Les gens ont aussi fait du th\u00e9\u00e2tre, et toutes celles et ceux qui y sont sensibles sont aussi sensibles \u00e0 l\u2019id\u00e9e que ces mesures ont fond\u00e9 un mod\u00e8le culturel\u00a0: tout un peuple \u00e9tait entr\u00e9 dans le temps libre comme dans un horizon nouveau. Le th\u00e9\u00e2tre public est n\u00e9 de tout cela. La culture n\u2019est pas un luxe r\u00e9serv\u00e9 \u00e0 quelques-uns mais c\u2019est un droit, un souffle qui doit se partager.<\/p>\n<p><b>Pourquoi d\u00e9ployer cette campagne nationale aujourd\u2019hui ?<\/b><\/p>\n<p>R.R.\u00a0: D\u00e9j\u00e0 parce qu\u2019on f\u00eate un anniversaire. Mais aussi parce que ces ann\u00e9es 1936 nous rappellent qu\u2019une soci\u00e9t\u00e9 avance lorsqu\u2019elle conquiert pour chacun davantage que la seule survie. Ces luttes sociales ont ouvert un droit nouveau, celui de disposer d\u2019un temps \u00e0 soi, lib\u00e9r\u00e9 du travail contraint. Malgr\u00e9 cela, la pr\u00e9carit\u00e9 continue encore aujourd\u2019hui et 40% des Fran\u00e7ais ne partent pas en vacances. C\u2019est pourquoi il faut continuer \u00e0 nommer le Front Populaire, \u00e0 parler de ce bouleversement politique, social, mais aussi profond\u00e9ment culturel. Les mont\u00e9es totalitaristes sont en train de se r\u00e9p\u00e9ter en Europe, le fascisme revient au galop et nous sommes dans une ann\u00e9e \u00e9lectorale o\u00f9 l\u2019extr\u00eame droite est en train de gagner beaucoup de terrain. La m\u00eame extr\u00eame droite que dans les ann\u00e9es\u00a036, d\u00e9guis\u00e9e diff\u00e9remment. C\u2019est important de f\u00eater les cong\u00e9s pay\u00e9s et ce qu\u2019ils racontent.<\/p>\n<p><b>Une campagne culturelle donc ?<\/b><\/p>\n<p>R.R.\u00a0: Tout \u00e7a s\u2019inscrit dans une ann\u00e9e o\u00f9 la culture est menac\u00e9e. Les coupes budg\u00e9taires qu\u2019on subit sont une atteinte port\u00e9e \u00e0 ce temps-l\u00e0, notamment aux festivals, qui se sont cr\u00e9\u00e9s dans ce contexte. Les cong\u00e9s pay\u00e9s ont \u00e9t\u00e9 une conqu\u00eate du temps libre. \u00c0 nous d\u2019en faire un temps vivant, pour la culture, le partage du patrimoine, l\u2019\u00e9mancipation, la solidarit\u00e9. Il faut rappeler l\u2019histoire afin que nous soyons conscients de ce que nous risquons \u00e0 nouveau en entrant dans la c\u00e9l\u00e9bration de l\u2019exclusion. Jean Gu\u00e9henno \u00e9crivait \u00ab<i> la culture, c\u2019est ce qui r\u00e9pond \u00e0 l\u2019homme quand il se demande ce qu\u2019il fait sur la terre.<\/i> \u00bb Cette phrase marque mon engagement, mes convictions artistiques et politiques. C\u2019est pour \u00e7a que je parraine l\u2019\u00e9v\u00e9nement, je veux faire un contre-don.<\/p>\n<\/p><\/div>\n<div class=\"paragraph\">\n<p><i>* L\u2019UNAT, l\u2019ANCAV et l\u2019association PARCOURS<\/i><\/p>\n<\/p><\/div>\n<div class=\"paragraph\">\n<p>La Marseillaise\u00a0: <b>Dans quel contexte les cong\u00e9s pay\u00e9s se sont-ils impos\u00e9s comme des acquis sociaux<\/b><b>\u00a0<\/b><b>?<\/b><\/p>\n<p>Robin Renucci\u00a0: C\u2019\u00e9tait dans l\u2019urgence sociale, dans un \u00e9tau mena\u00e7ant lorsque les discours de fanatisme et de haine avaient libre cours dans une Europe vacillante. En 1936 une France r\u00e9publicaine a r\u00e9sist\u00e9 \u00e0 la couleur marron montante et s\u2019est rassembl\u00e9e en ce qu\u2019on a appel\u00e9 le Front Populaire, cette r\u00e9unification syndicale de la CGT, de la CGTU, des socialistes, des communistes, des radicaux et des autres forces antifascistes autour de L\u00e9on Blum. La gauche l\u2019a emport\u00e9 et un grand mouvement de gr\u00e8ve a pouss\u00e9 pour que des r\u00e9formes soient mises en \u0153uvre sans plus tarder. C\u2019\u00e9tait donc une conjonction du consensus populaire, de la volont\u00e9 de r\u00e9forme du chef du gouvernement et puis d\u2019une majorit\u00e9 parlementaire, qui a amen\u00e9 des avanc\u00e9es comme on n\u2019en avait jamais vu dans le monde ouvrier\u00a0: la semaine de 40\u00a0heures et les premiers cong\u00e9s pay\u00e9s.<\/p>\n<p><b>Que symbolisait cette mesure<\/b><b>\u00a0<\/b><b>?<\/b><\/p>\n<p>R.R.\u00a0: Cette ann\u00e9e-l\u00e0, des femmes et des hommes ont r\u00e9clam\u00e9 et gagn\u00e9 quelque chose qui \u00e9tait immense, c\u2019est-\u00e0-dire du temps. Du temps pour vivre, pour soi. Regarder ses enfants autrement qu\u2019entre deux fatigues \u00e9tait devenu un \u00e9v\u00e9nement. Ces mesures n\u2019ont pas seulement \u00e9t\u00e9 des acquis sociaux, mais une r\u00e9volution sensible de l\u2019existence, une transformation du regard sur la dignit\u00e9 humaine. Derri\u00e8re ces id\u00e9es, il y avait l\u2019id\u00e9e qu\u2019une soci\u00e9t\u00e9 juste est une soci\u00e9t\u00e9 qui reconna\u00eet \u00e0 chacun le droit au repos, le droit \u00e0 la beaut\u00e9, \u00e0 l\u2019imaginaire et \u00e0 la rencontre. Les gens ont aussi fait du th\u00e9\u00e2tre, et toutes celles et ceux qui y sont sensibles sont aussi sensibles \u00e0 l\u2019id\u00e9e que ces mesures ont fond\u00e9 un mod\u00e8le culturel\u00a0: tout un peuple \u00e9tait entr\u00e9 dans le temps libre comme dans un horizon nouveau. Le th\u00e9\u00e2tre public est n\u00e9 de tout cela. La culture n\u2019est pas un luxe r\u00e9serv\u00e9 \u00e0 quelques-uns mais c\u2019est un droit, un souffle qui doit se partager.<\/p>\n<p><b>Pourquoi d\u00e9ployer cette campagne nationale aujourd\u2019hui ?<\/b><\/p>\n<p>R.R.\u00a0: D\u00e9j\u00e0 parce qu\u2019on f\u00eate un anniversaire. Mais aussi parce que ces ann\u00e9es 1936 nous rappellent qu\u2019une soci\u00e9t\u00e9 avance lorsqu\u2019elle conquiert pour chacun davantage que la seule survie. Ces luttes sociales ont ouvert un droit nouveau, celui de disposer d\u2019un temps \u00e0 soi, lib\u00e9r\u00e9 du travail contraint. Malgr\u00e9 cela, la pr\u00e9carit\u00e9 continue encore aujourd\u2019hui et 40% des Fran\u00e7ais ne partent pas en vacances. C\u2019est pourquoi il faut continuer \u00e0 nommer le Front Populaire, \u00e0 parler de ce bouleversement politique, social, mais aussi profond\u00e9ment culturel. Les mont\u00e9es totalitaristes sont en train de se r\u00e9p\u00e9ter en Europe, le fascisme revient au galop et nous sommes dans une ann\u00e9e \u00e9lectorale o\u00f9 l\u2019extr\u00eame droite est en train de gagner beaucoup de terrain. La m\u00eame extr\u00eame droite que dans les ann\u00e9es\u00a036, d\u00e9guis\u00e9e diff\u00e9remment. C\u2019est important de f\u00eater les cong\u00e9s pay\u00e9s et ce qu\u2019ils racontent.<\/p>\n<p><b>Une campagne culturelle donc ?<\/b><\/p>\n<p>R.R.\u00a0: Tout \u00e7a s\u2019inscrit dans une ann\u00e9e o\u00f9 la culture est menac\u00e9e. Les coupes budg\u00e9taires qu\u2019on subit sont une atteinte port\u00e9e \u00e0 ce temps-l\u00e0, notamment aux festivals, qui se sont cr\u00e9\u00e9s dans ce contexte. Les cong\u00e9s pay\u00e9s ont \u00e9t\u00e9 une conqu\u00eate du temps libre. \u00c0 nous d\u2019en faire un temps vivant, pour la culture, le partage du patrimoine, l\u2019\u00e9mancipation, la solidarit\u00e9. Il faut rappeler l\u2019histoire afin que nous soyons conscients de ce que nous risquons \u00e0 nouveau en entrant dans la c\u00e9l\u00e9bration de l\u2019exclusion. Jean Gu\u00e9henno \u00e9crivait \u00ab<i> la culture, c\u2019est ce qui r\u00e9pond \u00e0 l\u2019homme quand il se demande ce qu\u2019il fait sur la terre.<\/i> \u00bb Cette phrase marque mon engagement, mes convictions artistiques et politiques. C\u2019est pour \u00e7a que je parraine l\u2019\u00e9v\u00e9nement, je veux faire un contre-don.<\/p>\n<\/p><\/div>\n<div class=\"paragraph\">\n<p><i>* L\u2019UNAT, l\u2019ANCAV et l\u2019association PARCOURS<\/i><\/p>\n<\/p><\/div>\n<div class=\"paragraph\">\n<p><b>Les rencontres<\/b><\/p>\n<p>La campagne se d\u00e9ploie localement dans des centres sociaux et culturels du d\u00e9partement. Au programme de ces \u00e9v\u00e9nements tout public : exposition, projection du documentaire \u00ab <i>\u00e9t\u00e9 36, les Premi\u00e8res vacances des Fran\u00e7ais <\/i>\u00bb, temps d\u00e9di\u00e9 au d\u00e9bat et repr\u00e9sentation d\u2019un spectacle sur mesure sign\u00e9 Christina Rosmini. Si le prochain rendez-vous affiche complet jeudi 16 juillet, d\u2019autres rencontres sont pr\u00e9vues avant de cl\u00f4turer la campagne au S\u00e9nat le 2 novembre.<\/p>\n<p><i>Infos : <a rel=\"nofollow noopener noreferrer\" href=\"https:\/\/1936-2026-90-ans-cp.fr\/\" target=\"_blank\">carte collaborative en ligne<\/a><\/i><\/p>\n<\/p><\/div>\n","protected":false},"excerpt":{"rendered":"La Marseillaise&nbsp;: Dans quel contexte les cong&eacute;s pay&eacute;s se sont-ils impos&eacute;s comme des acquis sociaux&nbsp;?","protected":false},"author":1,"featured_media":36438,"comment_status":"open","ping_status":"open","sticky":false,"template":"","format":"standard","meta":{"footnotes":""},"categories":[3926,3925,32,20],"tags":[1382,10,343,441,290,16,271,872,194,392,1241,347,1361],"news-destination":[3944],"news-source":[475],"is_homepage":[],"ta_other":[],"class_list":["post-36437","post","type-post","status-publish","format-standard","has-post-thumbnail","hentry","category-accueil-merge","category-accueil-third","category-culture","category-societe","tag-acquis-sociaux","tag-bouches-du-rhone","tag-entretien","tag-extreme-droite","tag-inegalites","tag-marseille","tag-precarite","tag-robin-renucci","tag-social","tag-solidaire","tag-theatre","tag-tourisme","tag-vacances","news-destination-homepage","news-source-website"],"_links":{"self":[{"href":"https:\/\/euapp01.newsmemory.com\/lamarseillaise\/news\/wp-json\/wp\/v2\/posts\/36437","targetHints":{"allow":["GET"]}}],"collection":[{"href":"https:\/\/euapp01.newsmemory.com\/lamarseillaise\/news\/wp-json\/wp\/v2\/posts"}],"about":[{"href":"https:\/\/euapp01.newsmemory.com\/lamarseillaise\/news\/wp-json\/wp\/v2\/types\/post"}],"author":[{"embeddable":true,"href":"https:\/\/euapp01.newsmemory.com\/lamarseillaise\/news\/wp-json\/wp\/v2\/users\/1"}],"replies":[{"embeddable":true,"href":"https:\/\/euapp01.newsmemory.com\/lamarseillaise\/news\/wp-json\/wp\/v2\/comments?post=36437"}],"version-history":[{"count":1,"href":"https:\/\/euapp01.newsmemory.com\/lamarseillaise\/news\/wp-json\/wp\/v2\/posts\/36437\/revisions"}],"predecessor-version":[{"id":36439,"href":"https:\/\/euapp01.newsmemory.com\/lamarseillaise\/news\/wp-json\/wp\/v2\/posts\/36437\/revisions\/36439"}],"wp:featuredmedia":[{"embeddable":true,"href":"https:\/\/euapp01.newsmemory.com\/lamarseillaise\/news\/wp-json\/wp\/v2\/media\/36438"}],"wp:attachment":[{"href":"https:\/\/euapp01.newsmemory.com\/lamarseillaise\/news\/wp-json\/wp\/v2\/media?parent=36437"}],"wp:term":[{"taxonomy":"category","embeddable":true,"href":"https:\/\/euapp01.newsmemory.com\/lamarseillaise\/news\/wp-json\/wp\/v2\/categories?post=36437"},{"taxonomy":"post_tag","embeddable":true,"href":"https:\/\/euapp01.newsmemory.com\/lamarseillaise\/news\/wp-json\/wp\/v2\/tags?post=36437"},{"taxonomy":"news-destination","embeddable":true,"href":"https:\/\/euapp01.newsmemory.com\/lamarseillaise\/news\/wp-json\/wp\/v2\/news-destination?post=36437"},{"taxonomy":"news-source","embeddable":true,"href":"https:\/\/euapp01.newsmemory.com\/lamarseillaise\/news\/wp-json\/wp\/v2\/news-source?post=36437"},{"taxonomy":"is_homepage","embeddable":true,"href":"https:\/\/euapp01.newsmemory.com\/lamarseillaise\/news\/wp-json\/wp\/v2\/is_homepage?post=36437"},{"taxonomy":"ta_other","embeddable":true,"href":"https:\/\/euapp01.newsmemory.com\/lamarseillaise\/news\/wp-json\/wp\/v2\/ta_other?post=36437"}],"curies":[{"name":"wp","href":"https:\/\/api.w.org\/{rel}","templated":true}]}}