{"id":36434,"date":"2026-07-16T07:06:00","date_gmt":"2026-07-16T05:06:00","guid":{"rendered":"https:\/\/euapp01.newsmemory.com\/lamarseillaise\/news\/?p=36434"},"modified":"2026-07-16T10:14:44","modified_gmt":"2026-07-16T08:14:44","slug":"coupe-du-monde-des-bleus-aneantis-apres-leur-demi-finale-ratee-face-a-lespagne","status":"publish","type":"post","link":"https:\/\/euapp01.newsmemory.com\/lamarseillaise\/news\/2026\/07\/16\/coupe-du-monde-des-bleus-aneantis-apres-leur-demi-finale-ratee-face-a-lespagne\/","title":{"rendered":"[Coupe du monde] Des bleus \u00ab&nbsp;an\u00e9antis&nbsp;\u00bb apr\u00e8s leur demi finale rat\u00e9e face \u00e0 l\u2019Espagne"},"content":{"rendered":"<div class=\"paragraph\">\n<p>L\u2019heure est d\u00e9sormais \u00e0 la digestion. Celle d\u2019une \u00e9limination aux portes de la finale du Mondial, o\u00f9 la route vers le troph\u00e9e tant convoit\u00e9 s\u2019est arr\u00eat\u00e9e face \u00e0 une \u00e9quipe d\u2019Espagne bien sup\u00e9rieure dans la ma\u00eetrise du jeu. Domin\u00e9s dans les secteurs cl\u00e9s, incapables d\u2019imposer leur rythme et trop impr\u00e9cis dans les moments importants, les Bleus n\u2019ont jamais v\u00e9ritablement donn\u00e9 le sentiment de pouvoir renverser le cours de cette demi-finale. Une prestation en de\u00e7\u00e0 des attentes, qui contraste avec les performances affich\u00e9es jusque-l\u00e0 dans la comp\u00e9tition et laisse un go\u00fbt amer au sein du groupe tricolore.<\/p>\n<p>\u00ab\u00a0<i>Je pense qu\u2019on n\u2019a pas fait le match qu\u2019on voulait faire. Que ce soit tactiquement ou techniquement, dans le niveau global qu\u2019on a fourni. Et quand tu ne fais pas ce que tu es cens\u00e9 faire dans une demi-finale de Coupe du monde, tu ne gagnes pas<\/i>\u00a0\u00bb, a d\u00e9plor\u00e9 Kylian Mbapp\u00e9 apr\u00e8s la rencontre. \u00ab\u00a0<i>L\u2019Espagne a respect\u00e9 son plan et ce \u00e0 quoi elle est fid\u00e8le. C\u2019est une \u00e9quipe qui aime contr\u00f4ler le ballon et le tempo. Notre objectif, c\u2019\u00e9tait de venir les chercher haut pour ne pas les laisser installer ce faux rythme. Parce que dans le contr\u00f4le du jeu, ils sont meilleurs que nous. On n\u2019a pas r\u00e9ussi \u00e0 faire \u00e7a, et il y a eu trop d\u2019approximations techniques. On n\u2019a pas su leur faire mal quand on devait le faire. C\u2019\u00e9tait \u00e0 nous de changer ce rapport de force et c\u2019est dans \u00e7a qu\u2019on a \u00e9chou\u00e9. Le reste, ce sont des cons\u00e9quences de ce que j\u2019ai \u00e9voqu\u00e9 avant.<\/i>\u00a0\u00bb<\/p>\n<\/p><\/div>\n<div class=\"intext\"> Deschamps critique l\u2019arbitrage\n              <\/div>\n<div class=\"paragraph\">\n<p>Le s\u00e9lectionneur de l\u2019\u00e9quipe de France Didier Deschamps a \u00e9galement fait part de sa grande d\u00e9ception, affirmant que ses joueurs \u00e9taient \u00ab\u00a0<i>an\u00e9antis<\/i>\u00a0\u00bb. \u00ab\u00a0<i>La d\u00e9ception est l\u00e0, les joueurs \u00e9taient an\u00e9antis dans le vestiaire, car c\u2019est un groupe de comp\u00e9titeurs. Mais il ne faut pas balayer tout ce qui a \u00e9t\u00e9 bien fait. Je suis comme les joueurs, j\u2019avais cette ambition et cette volont\u00e9. On en avait la possibilit\u00e9. On a beaucoup de fiert\u00e9 dans ce qu\u2019on a r\u00e9alis\u00e9 dans des conditions difficiles. Il faut accepter la d\u00e9faite et la victoire de l\u2019Espagne. C\u2019est le tr\u00e8s haut niveau<\/i>\u00a0\u00bb, a d\u00e9clar\u00e9 le technicien en conf\u00e9rence de presse.<\/p>\n<p>\u00ab\u00a0<i>L\u2019Espagne est tr\u00e8s forte. Ils ont \u00e9t\u00e9 tr\u00e8s bons dans la lecture de notre jeu. On n\u2019a pas trouv\u00e9 les solutions. Si on n\u2019a pas l\u2019expression offensive et technique qu\u2019on a eue jusqu\u2019\u00e0 maintenant, c\u2019est de notre faute. Il y a aussi le m\u00e9rite de l\u2019adversaire. Il fallait \u00eatre au maximum et l\u2019\u00e9quipe de France ne l\u2019\u00e9tait pas ce soir<\/i>\u00a0\u00bb, a-t-il ajout\u00e9. Le s\u00e9lectionneur a soulign\u00e9 les<i> <\/i>\u00ab\u00a0<i>erreurs techniques<\/i>\u00a0\u00bb de ses joueurs, indiquant qu\u2019ils avaient \u00e9t\u00e9 \u00ab\u00a0<i>un ton en dessous<\/i>\u00a0\u00bb, avant de tacler l\u2019arbitrage. \u00ab\u00a0<i>Je ne veux pas passer pour une pleureuse. Mais je veux vous poser une question. Est-ce que l\u2019arbitre de ce soir avait le niveau pour arbitrer une demi-finale de Coupe du monde<\/i><i>\u00a0<\/i><i>? Je vous laisse y r\u00e9pondre<\/i>\u00a0\u00bb, a-t-il lanc\u00e9 sans vergogne.<\/p>\n<p>Deschamps, qui dirigera pour la derni\u00e8re fois les Bleus samedi lors du match pour la 3<sup>e<\/sup>\u00a0place apr\u00e8s 14\u00a0ans pass\u00e9s \u00e0 la t\u00eate de l\u2019\u00e9quipe nationale, s\u2019est aussi dit \u00ab\u00a0<i>fier<\/i>\u00a0\u00bb de son parcours. \u00ab\u00a0<i>Il y a eu 2018 (le titre de champion du monde, ndlr), la finale en 2022, on a maintenu la s\u00e9lection fran\u00e7aise \u00e0 un niveau tr\u00e8s haut. C\u2019est ainsi. Ce n\u2019est pas un moment de bonheur ce soir mais il faut accepter la d\u00e9cision du match<\/i>\u00a0\u00bb, a-t-il expliqu\u00e9 avec fatalit\u00e9.<\/p>\n<\/p><\/div>\n<div class=\"paragraph\">\n<p><b>ET AUSSI <\/b><\/p>\n<p><b>Audience record de l\u2019ann\u00e9e 2026<\/b><\/p>\n<p>Quelque 20,2 millions de t\u00e9l\u00e9spectateurs en moyenne ont regard\u00e9 mardi soir sur M6 l\u2019\u00e9limination de la France par l\u2019Espagne (0-2) en demi-finale de la Coupe du monde de football, selon les chiffres de M\u00e9diam\u00e9trie publi\u00e9s mercredi. Toutes cha\u00eenes confondues, il s\u2019agit d\u2019un record depuis le d\u00e9but de l\u2019ann\u00e9e 2026. Le pr\u00e9c\u00e9dent remontait au quart de finale remport\u00e9 par les Bleus le 9 juillet face au Maroc (2-0), suivi par plus de 16 millions de t\u00e9l\u00e9spectateurs en moyenne sur M6.<\/p>\n<p><b>Football pas si populaire&#8230;<\/b><\/p>\n<p>\u00c0 quelques jours de la finale de la Coupe du monde, pr\u00e9vue dimanche \u00e0 New York, les prix ont d\u00e9cid\u00e9 de disputer leur propre comp\u00e9tition. Sur les plateformes de revente, la place la moins ch\u00e8re s\u2019affiche d\u00e9sormais \u00e0 4 451 euros, tandis que certains billets grimpent jusqu\u2019\u00e0 188 803 euros. \u00ab <i>C\u2019est scandaleux, c\u2019est inadmissible<\/i> \u00bb, a d\u00e9nonc\u00e9 Rafael Louz\u00e1n, le pr\u00e9sident de la F\u00e9d\u00e9ration espagnole, rappelant que les supporters doivent \u00e9galement payer les vols et des h\u00f4tels d\u00e9passant parfois les 800 euros.<\/p>\n<p><b>Mign\u00e9 quitte Ha\u00efti<\/b><\/p>\n<p>Sur le banc d\u2019Ha\u00efti depuis mars 2024, S\u00e9bastien Mign\u00e9 quitte son poste de s\u00e9lectionneur, comme annonc\u00e9 mardi par la F\u00e9d\u00e9ration ha\u00eftienne de football. Il vient de prendre part \u00e0 la deuxi\u00e8me Coupe du monde de l\u2019histoire du 88e pays au classement FIFA.<\/p>\n<p><b>Show comme au SuperBowl<\/b><\/p>\n<p>Selon la <i>BBC<\/i>, <i>The Times<\/i> et <i>The Athletic<\/i>, le show pr\u00e9vu \u00e0 la mi-temps de la finale de la Coupe du monde pourrait rallonger la dur\u00e9e de celle-ci. La pause pourrait ainsi durer 20 \u00e0 25 minutes, dont onze minutes d\u2019un concert fa\u00e7on Super Bowl qui verra se produire Madonna, Shakira et BTS.<\/p>\n<\/p><\/div>\n","protected":false},"excerpt":{"rendered":"L&rsquo;heure est d&eacute;sormais &agrave; la digestion. Celle d&rsquo;une &eacute;limination aux portes de la finale du Mondial, o&ugrave; la route vers le troph&eacute;e tant convoit&eacute; s&rsquo;est arr&ecirc;t&eacute;e face &agrave; une &#8230;","protected":false},"author":1,"featured_media":36435,"comment_status":"open","ping_status":"open","sticky":false,"template":"","format":"standard","meta":{"footnotes":""},"categories":[7],"tags":[1097,1000,999,1220,276,5818,13,572],"news-destination":[],"news-source":[475],"is_homepage":[],"ta_other":[],"class_list":["post-36434","post","type-post","status-publish","format-standard","has-post-thumbnail","hentry","category-sports","tag-coupe-du-monde","tag-didier-deschamps","tag-equipe-de-france","tag-espagne","tag-etats-unis","tag-fifa","tag-football","tag-france","news-source-website"],"_links":{"self":[{"href":"https:\/\/euapp01.newsmemory.com\/lamarseillaise\/news\/wp-json\/wp\/v2\/posts\/36434","targetHints":{"allow":["GET"]}}],"collection":[{"href":"https:\/\/euapp01.newsmemory.com\/lamarseillaise\/news\/wp-json\/wp\/v2\/posts"}],"about":[{"href":"https:\/\/euapp01.newsmemory.com\/lamarseillaise\/news\/wp-json\/wp\/v2\/types\/post"}],"author":[{"embeddable":true,"href":"https:\/\/euapp01.newsmemory.com\/lamarseillaise\/news\/wp-json\/wp\/v2\/users\/1"}],"replies":[{"embeddable":true,"href":"https:\/\/euapp01.newsmemory.com\/lamarseillaise\/news\/wp-json\/wp\/v2\/comments?post=36434"}],"version-history":[{"count":1,"href":"https:\/\/euapp01.newsmemory.com\/lamarseillaise\/news\/wp-json\/wp\/v2\/posts\/36434\/revisions"}],"predecessor-version":[{"id":36436,"href":"https:\/\/euapp01.newsmemory.com\/lamarseillaise\/news\/wp-json\/wp\/v2\/posts\/36434\/revisions\/36436"}],"wp:featuredmedia":[{"embeddable":true,"href":"https:\/\/euapp01.newsmemory.com\/lamarseillaise\/news\/wp-json\/wp\/v2\/media\/36435"}],"wp:attachment":[{"href":"https:\/\/euapp01.newsmemory.com\/lamarseillaise\/news\/wp-json\/wp\/v2\/media?parent=36434"}],"wp:term":[{"taxonomy":"category","embeddable":true,"href":"https:\/\/euapp01.newsmemory.com\/lamarseillaise\/news\/wp-json\/wp\/v2\/categories?post=36434"},{"taxonomy":"post_tag","embeddable":true,"href":"https:\/\/euapp01.newsmemory.com\/lamarseillaise\/news\/wp-json\/wp\/v2\/tags?post=36434"},{"taxonomy":"news-destination","embeddable":true,"href":"https:\/\/euapp01.newsmemory.com\/lamarseillaise\/news\/wp-json\/wp\/v2\/news-destination?post=36434"},{"taxonomy":"news-source","embeddable":true,"href":"https:\/\/euapp01.newsmemory.com\/lamarseillaise\/news\/wp-json\/wp\/v2\/news-source?post=36434"},{"taxonomy":"is_homepage","embeddable":true,"href":"https:\/\/euapp01.newsmemory.com\/lamarseillaise\/news\/wp-json\/wp\/v2\/is_homepage?post=36434"},{"taxonomy":"ta_other","embeddable":true,"href":"https:\/\/euapp01.newsmemory.com\/lamarseillaise\/news\/wp-json\/wp\/v2\/ta_other?post=36434"}],"curies":[{"name":"wp","href":"https:\/\/api.w.org\/{rel}","templated":true}]}}