{"id":36431,"date":"2026-07-16T07:08:00","date_gmt":"2026-07-16T05:08:00","guid":{"rendered":"https:\/\/euapp01.newsmemory.com\/lamarseillaise\/news\/?p=36431"},"modified":"2026-07-16T10:13:42","modified_gmt":"2026-07-16T08:13:42","slug":"tour-de-france-soren-waerenskjold-rapide-comme-leclair","status":"publish","type":"post","link":"https:\/\/euapp01.newsmemory.com\/lamarseillaise\/news\/2026\/07\/16\/tour-de-france-soren-waerenskjold-rapide-comme-leclair\/","title":{"rendered":"[Tour de France] S\u00f8ren W\u00e6renskjold, rapide comme l\u2019\u00e9clair"},"content":{"rendered":"<div class=\"paragraph\">\n<p>C\u2019\u00e9tait une course comme on en a jamais vu auparavant. Avec une moyenne de 50,91 km\/h, le Norv\u00e9gien Soren Waerenskjold (Uno-X) a remport\u00e9 au sprint la onzi\u00e8me \u00e9tape du Tour de France, la plus rapide de l\u2019histoire de la comp\u00e9tition, en devan\u00e7ant le N\u00e9erlandais Olav Kooij, d\u00e9j\u00e0 vainqueur de la cinqui\u00e8me \u00e9tape, et le Belge Jasper Philipsen, mercredi \u00e0 Nevers.<\/p>\n<p><i>\u00ab Je croyais que j\u2019\u00e9tais trop loin \u00bb<\/i>, lance le natif de Mandal, \u00e0 l\u2019extr\u00eame sud du pays des Fjords. <i>\u00ab D\u2019habitude, \u00e7a ne le fait pas. C\u2019est un peu le sentiment que lors de ma premi\u00e8re grande victoire sur le Nieuwsblad (en mars 2025). J\u2019\u00e9tais loin derri\u00e8re, et j\u2019avais finalement r\u00e9ussi \u00e0 me retrouver devant. C\u2019est juste incroyable. C\u2019est ma plus grande victoire, elle repr\u00e9sente tout. Lorsque je suis arriv\u00e9 ici, je savais qu\u2019il y avait deux ou trois gars qui seraient plus rapides que moi. Mais je me disais qu\u2019avec un peu de chance, je serai capable de faire un bon sprint \u00bb<\/i>, lance le nouveau recordman de la meilleure marque pour une \u00e9tape en ligne &#8211; c\u2019est \u00e0 dire hors contre-la-montre. La pr\u00e9c\u00e9dente remontait \u00e0 1999 (50,36 km\/h) entre Laval et Blois, o\u00f9 le sprinteur italien Mario Cippolini s\u2019\u00e9tait impos\u00e9. C\u2019est la premi\u00e8re victoire dans le Tour de France pour Waerenskjold, la deuxi\u00e8me pour son \u00e9quipe Uno-X apr\u00e8s celle de Jonas Abrahamsen l\u2019an dernier, d\u00e9j\u00e0 lors de la 11e \u00e9tape.<\/p>\n<p>Le Norv\u00e9gien de 26 ans, beau b\u00e9b\u00e9 de 1,95 m pour 92 kg, a cr\u00e9\u00e9 la surprise dans un sprint d\u00e9cousu o\u00f9 il a acc\u00e9l\u00e9r\u00e9 dans les derniers m\u00e8tres pour semer les sp\u00e9cialistes des arriv\u00e9es massives. La veille, Soren Waerenskjold a pourtant termin\u00e9 dernier de l\u2019\u00e9tape avec plus de 41 minutes de retard sur la fus\u00e9e Tadej Pogacar.<\/p>\n<p><i>\u00ab Parfois, j\u2019ai beaucoup de confiance car je suis capable de croire en moi. Mais il y a surtout beaucoup de fois o\u00f9 je me sens tr\u00e8s fatigu\u00e9 et o\u00f9 je me dis que c\u2019est impossible de gagner. C\u2019est juste incroyable ce qui s\u2019est pass\u00e9 aujourd\u2019hui. Surtout apr\u00e8s ma chute hier (mardi). Je me sentais tr\u00e8s mal au d\u00e9part de l\u2019\u00e9tape et \u00e7a allait finalement de mieux en mieux. C\u2019est incroyable pour l\u2019\u00e9quipe d\u2019aller chercher cette victoire d\u2019\u00e9tape. C\u2019est une grande surprise pour moi, c\u2019est peut-\u00eatre pour \u00e7a que je n\u2019ai pas l\u2019air tr\u00e8s heureux \u00bb<\/i>, ajoute-t-il, persuad\u00e9 qu\u2019il a tir\u00e9 avantage du fait que les favoris \u00e9taient tous aux avant-postes pour cr\u00e9er la surprise.<\/p>\n<\/p><\/div>\n<div class=\"intext\"> R\u00e9action d\u2019Alaphilippe\n              <\/div>\n<div class=\"paragraph\">\n<p>Apr\u00e8s une journ\u00e9e tranquille pour les leaders, le Slov\u00e8ne Tadej Pogacar conserve le maillot jaune avec une avance de 3 minutes et 36 secondes sur le Danois Jonas Vingegaard et 4:06 sur le Belge Remco Evenepoel. La journ\u00e9e a \u00e9t\u00e9 marqu\u00e9e par une \u00e9chapp\u00e9e de quatre coureurs, Julian Alaphilippe (Tudor), Mathis Le Berre (TotalEnergies), Anthon Charmig (Uno-X) et Nelson Oliveira (Movistar).<\/p>\n<p>Alaphilippe a \u00e9t\u00e9 le premier \u00e0 l\u00e2cher prise, dans une petite c\u00f4t\u00e9 \u00e0 36 km de l\u2019arriv\u00e9e, symbole de ses difficult\u00e9s dans ce Tour et depuis le d\u00e9but de la saison. Le Fran\u00e7ais, double champion du monde (2020 et 2021) a m\u00eame perdu le contact avec le peloton ensuite pour terminer dernier de l\u2019\u00e9tape \u00e0 plus de sept minutes.<\/p>\n<p><i>\u00ab J\u2019ai tent\u00e9 le coup, \u00e7a roulait tr\u00e8s vite toute la journ\u00e9e. Je me sentais vraiment bien au d\u00e9part, mais il a commenc\u00e9 \u00e0 faire plus chaud. J\u2019ai tout de suite eu les sensations que j\u2019ai eu ces derniers jours, c\u2019est-\u00e0-dire pas superbes \u00bb<\/i>, a r\u00e9agi Alaphilippe apr\u00e8s la course.<\/p>\n<p>Les trois autres fuyards ont \u00e9t\u00e9 repris par le peloton trente kilom\u00e8tres plus loin, \u00e0 l\u2019approche d\u2019un final qui s\u2019est une nouvelle fois d\u00e9roul\u00e9 sans casse.<\/p>\n<p>La douzi\u00e8me \u00e9tape, ce jeudi, est une nouvelle fois promise aux sprinteurs entre le circuit de Nevers \u00ab Magny-Cours \u00bb et Chalon-sur-Sa\u00f4ne, avant une derni\u00e8re partie du Tour de France beaucoup plus montagneuse et vertigineuse.<\/p>\n<\/p><\/div>\n","protected":false},"excerpt":{"rendered":"C&rsquo;&eacute;tait une course comme on en a jamais vu auparavant. Avec une moyenne de 50,91 km\/h, le Norv&eacute;gien Soren Waerenskjold (Uno-X) a remport&eacute; au sprint la onzi&egrave;me &eacute;tape du Tour de France, la plus rapide de &#8230;","protected":false},"author":1,"featured_media":36432,"comment_status":"open","ping_status":"open","sticky":false,"template":"","format":"standard","meta":{"footnotes":""},"categories":[7],"tags":[1144,572,3253],"news-destination":[],"news-source":[475],"is_homepage":[],"ta_other":[],"class_list":["post-36431","post","type-post","status-publish","format-standard","has-post-thumbnail","hentry","category-sports","tag-cyclisme","tag-france","tag-tour-de-france","news-source-website"],"_links":{"self":[{"href":"https:\/\/euapp01.newsmemory.com\/lamarseillaise\/news\/wp-json\/wp\/v2\/posts\/36431","targetHints":{"allow":["GET"]}}],"collection":[{"href":"https:\/\/euapp01.newsmemory.com\/lamarseillaise\/news\/wp-json\/wp\/v2\/posts"}],"about":[{"href":"https:\/\/euapp01.newsmemory.com\/lamarseillaise\/news\/wp-json\/wp\/v2\/types\/post"}],"author":[{"embeddable":true,"href":"https:\/\/euapp01.newsmemory.com\/lamarseillaise\/news\/wp-json\/wp\/v2\/users\/1"}],"replies":[{"embeddable":true,"href":"https:\/\/euapp01.newsmemory.com\/lamarseillaise\/news\/wp-json\/wp\/v2\/comments?post=36431"}],"version-history":[{"count":1,"href":"https:\/\/euapp01.newsmemory.com\/lamarseillaise\/news\/wp-json\/wp\/v2\/posts\/36431\/revisions"}],"predecessor-version":[{"id":36433,"href":"https:\/\/euapp01.newsmemory.com\/lamarseillaise\/news\/wp-json\/wp\/v2\/posts\/36431\/revisions\/36433"}],"wp:featuredmedia":[{"embeddable":true,"href":"https:\/\/euapp01.newsmemory.com\/lamarseillaise\/news\/wp-json\/wp\/v2\/media\/36432"}],"wp:attachment":[{"href":"https:\/\/euapp01.newsmemory.com\/lamarseillaise\/news\/wp-json\/wp\/v2\/media?parent=36431"}],"wp:term":[{"taxonomy":"category","embeddable":true,"href":"https:\/\/euapp01.newsmemory.com\/lamarseillaise\/news\/wp-json\/wp\/v2\/categories?post=36431"},{"taxonomy":"post_tag","embeddable":true,"href":"https:\/\/euapp01.newsmemory.com\/lamarseillaise\/news\/wp-json\/wp\/v2\/tags?post=36431"},{"taxonomy":"news-destination","embeddable":true,"href":"https:\/\/euapp01.newsmemory.com\/lamarseillaise\/news\/wp-json\/wp\/v2\/news-destination?post=36431"},{"taxonomy":"news-source","embeddable":true,"href":"https:\/\/euapp01.newsmemory.com\/lamarseillaise\/news\/wp-json\/wp\/v2\/news-source?post=36431"},{"taxonomy":"is_homepage","embeddable":true,"href":"https:\/\/euapp01.newsmemory.com\/lamarseillaise\/news\/wp-json\/wp\/v2\/is_homepage?post=36431"},{"taxonomy":"ta_other","embeddable":true,"href":"https:\/\/euapp01.newsmemory.com\/lamarseillaise\/news\/wp-json\/wp\/v2\/ta_other?post=36431"}],"curies":[{"name":"wp","href":"https:\/\/api.w.org\/{rel}","templated":true}]}}