{"id":36428,"date":"2026-07-16T07:10:00","date_gmt":"2026-07-16T05:10:00","guid":{"rendered":"https:\/\/euapp01.newsmemory.com\/lamarseillaise\/news\/?p=36428"},"modified":"2026-07-21T08:54:49","modified_gmt":"2026-07-21T06:54:49","slug":"coupe-du-monde-lhistoire-agitee-des-tricolores-en-petite-finale","status":"publish","type":"post","link":"https:\/\/euapp01.newsmemory.com\/lamarseillaise\/news\/2026\/07\/16\/coupe-du-monde-lhistoire-agitee-des-tricolores-en-petite-finale\/","title":{"rendered":"[Coupe du monde] L\u2019histoire agit\u00e9e des Tricolores en petite finale"},"content":{"rendered":"<div class=\"paragraph\">\n<p>Reste une derni\u00e8re interrogation\u00a0: les Bleus auront-ils la motivation n\u00e9cessaire pour aller chercher la m\u00e9daille de bronze\u00a0? Une chose est s\u00fbre, cette situation n\u2019est pas in\u00e9dite dans l\u2019histoire de l\u2019\u00e9quipe de France. Sa premi\u00e8re \u00ab\u00a0petite finale\u00a0\u00bb remonte \u00e0 1958, lorsqu\u2019elle avait affront\u00e9 la RFA apr\u00e8s sa d\u00e9faite en demi-finale face au Br\u00e9sil d\u2019un jeune Pel\u00e9, auteur d\u2019un tripl\u00e9 contre les Bleus. Victorieux de l\u2019Allemagne de l\u2019Ouest, les Tricolores avaient alors d\u00e9croch\u00e9 la troisi\u00e8me place, tandis que Just Fontaine entrait dans la l\u00e9gende. Avec un quadrupl\u00e9, l\u2019attaquant avait port\u00e9 son total \u00e0 treize buts durant cette \u00e9dition, un record qui tient toujours 68\u00a0ans plus tard. La deuxi\u00e8me apparition fran\u00e7aise en \u00ab\u00a0petite finale\u00a0\u00bb a eu lieu en 1982. Mais apr\u00e8s la cruelle \u00e9limination face \u00e0 la RFA, marqu\u00e9e par l\u2019\u00e9pisode du 3-1 en prolongation avant le retour allemand, Michel Platini et ses co\u00e9quipiers n\u2019avaient plus les ressources mentales pour disputer pleinement cette rencontre. Marqu\u00e9s par ce qui a \u00e9t\u00e9 v\u00e9cu comme une v\u00e9ritable catastrophe nationale, les Bleus avaient logiquement \u00e9t\u00e9 battus par la Pologne.<\/p>\n<p>Quatre ans plus tard, l\u2019\u00e9quipe de France retrouvait ce m\u00eame rendez-vous. Mais la g\u00e9n\u00e9ration des \u00ab\u00a0coiffeurs\u00a0\u00bb, emmen\u00e9e notamment par le futur Marseillais Jean-Pierre Papin, avait abord\u00e9 cette rencontre avec davantage d\u2019envie, bien d\u00e9cid\u00e9e \u00e0 conclure son parcours sur une note positive. Un \u00e9tat d\u2019esprit dont les Bleus version 2026 pourraient bien s\u2019inspirer.<\/p>\n<\/p><\/div>\n","protected":false},"excerpt":{"rendered":"Reste une derni&egrave;re interrogation&nbsp;: les Bleus auront-ils la motivation n&eacute;cessaire pour aller chercher la m&eacute;daille de bronze&nbsp;? Une chose est s&ucirc;re, cette situation n&rsquo;est pas in&eacute;dite dans &#8230;","protected":false},"author":1,"featured_media":36429,"comment_status":"open","ping_status":"open","sticky":false,"template":"","format":"standard","meta":{"footnotes":""},"categories":[3926,3925,7],"tags":[1097,999,13,572],"news-destination":[3944],"news-source":[475],"is_homepage":[],"ta_other":[],"class_list":["post-36428","post","type-post","status-publish","format-standard","has-post-thumbnail","hentry","category-accueil-merge","category-accueil-third","category-sports","tag-coupe-du-monde","tag-equipe-de-france","tag-football","tag-france","news-destination-homepage","news-source-website"],"_links":{"self":[{"href":"https:\/\/euapp01.newsmemory.com\/lamarseillaise\/news\/wp-json\/wp\/v2\/posts\/36428","targetHints":{"allow":["GET"]}}],"collection":[{"href":"https:\/\/euapp01.newsmemory.com\/lamarseillaise\/news\/wp-json\/wp\/v2\/posts"}],"about":[{"href":"https:\/\/euapp01.newsmemory.com\/lamarseillaise\/news\/wp-json\/wp\/v2\/types\/post"}],"author":[{"embeddable":true,"href":"https:\/\/euapp01.newsmemory.com\/lamarseillaise\/news\/wp-json\/wp\/v2\/users\/1"}],"replies":[{"embeddable":true,"href":"https:\/\/euapp01.newsmemory.com\/lamarseillaise\/news\/wp-json\/wp\/v2\/comments?post=36428"}],"version-history":[{"count":1,"href":"https:\/\/euapp01.newsmemory.com\/lamarseillaise\/news\/wp-json\/wp\/v2\/posts\/36428\/revisions"}],"predecessor-version":[{"id":36430,"href":"https:\/\/euapp01.newsmemory.com\/lamarseillaise\/news\/wp-json\/wp\/v2\/posts\/36428\/revisions\/36430"}],"wp:featuredmedia":[{"embeddable":true,"href":"https:\/\/euapp01.newsmemory.com\/lamarseillaise\/news\/wp-json\/wp\/v2\/media\/36429"}],"wp:attachment":[{"href":"https:\/\/euapp01.newsmemory.com\/lamarseillaise\/news\/wp-json\/wp\/v2\/media?parent=36428"}],"wp:term":[{"taxonomy":"category","embeddable":true,"href":"https:\/\/euapp01.newsmemory.com\/lamarseillaise\/news\/wp-json\/wp\/v2\/categories?post=36428"},{"taxonomy":"post_tag","embeddable":true,"href":"https:\/\/euapp01.newsmemory.com\/lamarseillaise\/news\/wp-json\/wp\/v2\/tags?post=36428"},{"taxonomy":"news-destination","embeddable":true,"href":"https:\/\/euapp01.newsmemory.com\/lamarseillaise\/news\/wp-json\/wp\/v2\/news-destination?post=36428"},{"taxonomy":"news-source","embeddable":true,"href":"https:\/\/euapp01.newsmemory.com\/lamarseillaise\/news\/wp-json\/wp\/v2\/news-source?post=36428"},{"taxonomy":"is_homepage","embeddable":true,"href":"https:\/\/euapp01.newsmemory.com\/lamarseillaise\/news\/wp-json\/wp\/v2\/is_homepage?post=36428"},{"taxonomy":"ta_other","embeddable":true,"href":"https:\/\/euapp01.newsmemory.com\/lamarseillaise\/news\/wp-json\/wp\/v2\/ta_other?post=36428"}],"curies":[{"name":"wp","href":"https:\/\/api.w.org\/{rel}","templated":true}]}}