{"id":36425,"date":"2026-07-16T07:00:00","date_gmt":"2026-07-16T05:00:00","guid":{"rendered":"https:\/\/euapp01.newsmemory.com\/lamarseillaise\/news\/?p=36425"},"modified":"2026-07-21T08:54:49","modified_gmt":"2026-07-21T06:54:49","slug":"om-le-tandem-genesio-lorenzi-annonce-la-couleur","status":"publish","type":"post","link":"https:\/\/euapp01.newsmemory.com\/lamarseillaise\/news\/2026\/07\/16\/om-le-tandem-genesio-lorenzi-annonce-la-couleur\/","title":{"rendered":"OM : le tandem Genesio-Lorenzi annonce la couleur"},"content":{"rendered":"<div class=\"paragraph\">\n<p>Le mois de juillet est celui des bonnes r\u00e9solutions dans le football. Et cette ann\u00e9e, alors que la reprise verra Strasbourg rendre visite au V\u00e9lodrome le 21 ao\u00fbt pour lancer la nouvelle saison, l\u2019OM en a plus que de raison. \u00ab\u00a0<i>Nous nous devons de placer le club sur de nouveaux rails, lui redonner sa stabilit\u00e9 et une viabilit\u00e9 \u00e9conomique<\/i><i>\u00a0<\/i>\u00bb. St\u00e9phane Richard, qui est d\u00e9sormais pr\u00e9sident, a d\u00e9fini le cadre dans lequel son directeur sportif et son entra\u00eeneur vont devoir travailler. Conscient que \u00ab\u00a0<i>ce d\u00e9fi n\u2019est pas simple<\/i><i>\u00a0<\/i>\u00bb.<\/p>\n<p>Travailler avec des bouts de ficelles pour arriver \u00e0 des miracles, Gregory Lorenzi a d\u00e9montr\u00e9 qu\u2019il en \u00e9tait capable avec Brest\u00a0: \u00ab\u00a0<i>J\u2019ai une \u00e2me de b\u00e2tisseur et lorsque je m\u2019engage, c\u2019est sur du long terme.<\/i><i>\u00a0<\/i>\u00bb Il a pris en main les Tyzefs lorsqu\u2019ils \u00e9taient en Ligue 2. \u00ab\u00a0<i>Le projet \u00e9tait progressif et le parcours a \u00e9t\u00e9 exceptionnel, avec la Ligue des Champions au bout<\/i><i>\u00a0<\/i>\u00bb, se souvient-il. Mais avec l\u2019OM, c\u2019est un tout autre challenge qui s\u2019offre \u00e0 lui. \u00ab\u00a0<i>Il est excitant, mais aussi difficile du point de vue financier. Il faut reconstruire. Cela prendra du temps. Mais je suis motiv\u00e9<\/i><i>\u00a0<\/i>\u00bb, a-t-il confi\u00e9 en conf\u00e9rence de presse.<\/p>\n<p>Lui est charg\u00e9 d\u2019alimenter le groupe de nouvelles recrues. Mais aussi de faire rentrer de l\u2019argent frais dans les caisses du club en vendant certains \u00e9l\u00e9ments. Les d\u00e9parts de Mason Greenwood et Hamed Traor\u00e9 entrent dans ce cadre. \u00ab\u00a0<i>Cela ne veut pas dire que tout le monde peut partir. Il faut juste retrouver un \u00e9quilibre financier. Car l\u2019OM doit rester ambitieux. Il faut juste l\u2019\u00eatre avec ces contraintes financi\u00e8res.<\/i><i>\u00a0<\/i>\u00bb<\/p>\n<\/p><\/div>\n<div class=\"intext\"> Honneur et fiert\u00e9\n              <\/div>\n<div class=\"paragraph\">\n<p>Bruno Genesio \u00e9tait au courant de la situation lorsqu\u2019il a franchi le Rubicon. Il aurait pu opter pour un nouveau bail lillois, avec \u00e0 la clef une campagne en Ligue des Champions, \u00ab\u00a0<i>mais j\u2019avais besoin de l\u2019adr\u00e9naline que procure un club comme Marseille. Je suis venu en connaissance de cause. Entra\u00eener ici, c\u2019est \u00e0 la fois un honneur et une fiert\u00e9<\/i><i>\u00a0<\/i>\u00bb, souligne le Gone.<\/p>\n<p>Il est conscient qu\u2019il s\u2019attaque \u00e0 une mission compliqu\u00e9e. \u00ab\u00a0<i>Depuis que je suis arriv\u00e9, je comprends que l\u2019OM repr\u00e9sente beaucoup. Que l\u2019engouement et les attentes sont d\u2019un tout autre niveau que ce qui se trouve ailleurs.\u00bb<\/i><i>\u00a0<\/i><i> <\/i>Les finances serr\u00e9es ne l\u2019inqui\u00e8te pas. Celui qui est pr\u00e9sent\u00e9 comme un entra\u00eeneur pragmatique compte bien apporter sa contribution \u00e0 la renaissance sportive olympienne.<\/p>\n<p>Il ouvre ainsi la porte aux jeunes. \u00ab\u00a0<i>Partout o\u00f9 je suis pass\u00e9, je leur ai fait confiance. Je leur r\u00e9p\u00e8te que ce sont eux qui ont les cartes en main et doivent nous donner envie de les faire jouer<\/i><i>\u00a0<\/i>\u00bb, pr\u00e9cise-t-il. Pour lui, le moment est venu de \u00ab\u00a0<i>trouver la bonne alchimie&#8230; et pouvoir aider l\u2019OM \u00e0 battre ses concurrents directs<\/i><i>\u00a0<\/i>\u00bb.<\/p>\n<p>Il sait que le moment est venu de tourner une page, dans une p\u00e9riode incertaine. Bruno Genesio qui a avou\u00e9 \u00ab\u00a0<i>avoir trouv\u00e9 des gens \u00e9prouv\u00e9s, mais qui ont toujours envie de tout donner pour l\u2019OM<\/i><i>\u00a0<\/i>\u00bb. D\u2019o\u00f9 son envie de r\u00e9ussite.<\/p>\n<\/p><\/div>\n<div class=\"paragraph\">\n<p><b>L\u2019OM en C\u00f4te d\u2019Ivoire, sans Pierre-Emerick Aubameyang<\/b><\/p>\n<p>Sit\u00f4t termin\u00e9e la premi\u00e8re conf\u00e9rence de presse de Bruno Genesio et Gregory Lorenzi, l\u2019OM s\u2019est envol\u00e9 pour la C\u00f4te d\u2019Ivoire.<\/p>\n<p>Dans le cadre du partenariat avec le programme d\u2019Etat \u00ab Sublime C\u00f4te d\u2019Ivoire \u00bb, un stage de trois jours est au menu des Olympiens. Il se terminera sur un match amical, le premier, face \u00e0 Yamoussoukro, vendredi.<\/p>\n<p>Un stage auquel n\u2019a pas pris part Pierre-Emerick Aubameyang. L\u2019attaquant gabonais a pris la direction de La Corogne, qui vient de retrouver la Liga espagnole. L\u2019homme aux 14 buts et 10 passes d\u00e9cisives la saison derni\u00e8re a obtenu un bon de sortie de la part de ses dirigeants. Il sera le troisi\u00e8me d\u00e9part de la semaine.<\/p>\n<\/p><\/div>\n","protected":false},"excerpt":{"rendered":"Le mois de juillet est celui des bonnes r&eacute;solutions dans le football. Et cette ann&eacute;e, alors que la reprise verra Strasbourg rendre visite au V&eacute;lodrome le 21 ao&ucirc;t pour lancer la nouvelle saison, l&rsquo;OM en a plus que de &#8230;","protected":false},"author":1,"featured_media":36426,"comment_status":"open","ping_status":"open","sticky":false,"template":"","format":"standard","meta":{"footnotes":""},"categories":[3926,3925,7],"tags":[10,13,16,1152,1215,14],"news-destination":[3944],"news-source":[475],"is_homepage":[],"ta_other":[],"class_list":["post-36425","post","type-post","status-publish","format-standard","has-post-thumbnail","hentry","category-accueil-merge","category-accueil-third","category-sports","tag-bouches-du-rhone","tag-football","tag-marseille","tag-mercato","tag-olympique-de-marseille","tag-om","news-destination-homepage","news-source-website"],"_links":{"self":[{"href":"https:\/\/euapp01.newsmemory.com\/lamarseillaise\/news\/wp-json\/wp\/v2\/posts\/36425","targetHints":{"allow":["GET"]}}],"collection":[{"href":"https:\/\/euapp01.newsmemory.com\/lamarseillaise\/news\/wp-json\/wp\/v2\/posts"}],"about":[{"href":"https:\/\/euapp01.newsmemory.com\/lamarseillaise\/news\/wp-json\/wp\/v2\/types\/post"}],"author":[{"embeddable":true,"href":"https:\/\/euapp01.newsmemory.com\/lamarseillaise\/news\/wp-json\/wp\/v2\/users\/1"}],"replies":[{"embeddable":true,"href":"https:\/\/euapp01.newsmemory.com\/lamarseillaise\/news\/wp-json\/wp\/v2\/comments?post=36425"}],"version-history":[{"count":1,"href":"https:\/\/euapp01.newsmemory.com\/lamarseillaise\/news\/wp-json\/wp\/v2\/posts\/36425\/revisions"}],"predecessor-version":[{"id":36427,"href":"https:\/\/euapp01.newsmemory.com\/lamarseillaise\/news\/wp-json\/wp\/v2\/posts\/36425\/revisions\/36427"}],"wp:featuredmedia":[{"embeddable":true,"href":"https:\/\/euapp01.newsmemory.com\/lamarseillaise\/news\/wp-json\/wp\/v2\/media\/36426"}],"wp:attachment":[{"href":"https:\/\/euapp01.newsmemory.com\/lamarseillaise\/news\/wp-json\/wp\/v2\/media?parent=36425"}],"wp:term":[{"taxonomy":"category","embeddable":true,"href":"https:\/\/euapp01.newsmemory.com\/lamarseillaise\/news\/wp-json\/wp\/v2\/categories?post=36425"},{"taxonomy":"post_tag","embeddable":true,"href":"https:\/\/euapp01.newsmemory.com\/lamarseillaise\/news\/wp-json\/wp\/v2\/tags?post=36425"},{"taxonomy":"news-destination","embeddable":true,"href":"https:\/\/euapp01.newsmemory.com\/lamarseillaise\/news\/wp-json\/wp\/v2\/news-destination?post=36425"},{"taxonomy":"news-source","embeddable":true,"href":"https:\/\/euapp01.newsmemory.com\/lamarseillaise\/news\/wp-json\/wp\/v2\/news-source?post=36425"},{"taxonomy":"is_homepage","embeddable":true,"href":"https:\/\/euapp01.newsmemory.com\/lamarseillaise\/news\/wp-json\/wp\/v2\/is_homepage?post=36425"},{"taxonomy":"ta_other","embeddable":true,"href":"https:\/\/euapp01.newsmemory.com\/lamarseillaise\/news\/wp-json\/wp\/v2\/ta_other?post=36425"}],"curies":[{"name":"wp","href":"https:\/\/api.w.org\/{rel}","templated":true}]}}