{"id":36422,"date":"2026-07-16T06:55:00","date_gmt":"2026-07-16T04:55:00","guid":{"rendered":"https:\/\/euapp01.newsmemory.com\/lamarseillaise\/news\/?p=36422"},"modified":"2026-07-21T08:28:37","modified_gmt":"2026-07-21T06:28:37","slug":"le-rappeur-el-mahdi-lyoubi-emprisonne-a-casablanca","status":"publish","type":"post","link":"https:\/\/euapp01.newsmemory.com\/lamarseillaise\/news\/2026\/07\/16\/le-rappeur-el-mahdi-lyoubi-emprisonne-a-casablanca\/","title":{"rendered":"Le rappeur El Mahdi Lyoubi emprisonn\u00e9 \u00e0 Casablanca"},"content":{"rendered":"<div class=\"paragraph\">\n<p>El Mahdi Lyoubi alias Mehdi Black Wind a pass\u00e9 la nuit dans la prison d\u2019Oukacha \u00e0 Casablanca. Le cin\u00e9aste et rappeur marocain a \u00e9t\u00e9 arr\u00eat\u00e9 ce lundi \u00e0 l\u2019a\u00e9roport alors qu\u2019il quittait la ville. Mercredi, dans la soir\u00e9e, ses proches annoncent les charges retenues contre l\u2019artiste\u00a0: \u00ab\u00a0<i>atteinte \u00e0 corps constitu\u00e9 (pour ses chansons) et incitation \u00e0 commettre des d\u00e9lits<\/i>\u00a0\u00bb, pr\u00e9cisent-ils. Il s\u2019est pr\u00e9sent\u00e9 seul, sans repr\u00e9sentation devant la justice. Et pour cause\u00a0: les avocats marocains sont engag\u00e9s depuis cinq semaines dans un mouvement de gr\u00e8ve illimit\u00e9 contre le projet de loi 66.23 qui r\u00e9git l\u2019exercice de leur fonction, \u00ab\u00a0<i>on craint qu\u2019il n\u2019ait pas acc\u00e8s \u00e0 un proc\u00e8s \u00e9quitable<\/i>\u00a0\u00bb pr\u00e9vu le 22\u00a0juillet, pointent ses proches, dont certains se sont r\u00e9unis \u00e0 Marseille, sa ville de r\u00e9sidence.<\/p>\n<p>D\u2019apr\u00e8s son comit\u00e9 de soutien, El Mahdi Lyoubi, qui \u00e9tait en rep\u00e9rage pour un documentaire pourrait \u00eatre vis\u00e9 pour son soutien exprim\u00e9 sur les r\u00e9seaux sociaux envers le mouvement de contestation GenZ 212. Zineb Kharroubi, l\u2019une des figures de ce collectif, a \u00e9t\u00e9 condamn\u00e9e en juin dernier \u00e0 six mois de prison avec sursis pour \u00ab\u00a0<i>incitation \u00e0 commettre des crimes ou d\u00e9lits par voie \u00e9lectronique<\/i>\u00a0\u00bb. Ces arrestations s\u2019inscrivent dans une vague de r\u00e9pression visant les voix dissidentes dans le sillage du soul\u00e8vement populaire r\u00e9unissant une partie de la jeunesse \u00e0 l\u2019automne 2025.<\/p>\n<p>Au total, ce sont pr\u00e8s de 2\u00a0480\u00a0personnes qui ont \u00e9t\u00e9 interpell\u00e9es et des poursuites ont \u00e9t\u00e9 lanc\u00e9es \u00e0 l\u2019encontre d\u2019au moins 1\u00a0473\u00a0manifestants, tous plac\u00e9s en d\u00e9tention provisoire. Dimanche, le journaliste franco-marocain Ali Lmrabet a lui aussi \u00e9t\u00e9 arr\u00eat\u00e9 d\u00e8s son atterrissage \u00e0 Tanger. Figure du journalisme ind\u00e9pendant, critique \u00e0 l\u2019\u00e9gard des autorit\u00e9s, il a depuis \u00e9t\u00e9 rel\u00e2ch\u00e9. Une enqu\u00eate sur des publications en ligne \u00ab\u00a0<i>comportant des propos diffamatoires et injurieux \u00e0 l\u2019encontre des personnes et des institutions, et outrageux \u00e0 l\u2019\u00e9gard d\u2019instances r\u00e9gies par la loi<\/i><i>\u00a0<\/i>\u00bb est toujours en cours, selon l\u2019agence de presse officielle MAP.<\/p>\n<p>\u00ab\u00a0<i>Ce sont des outils d\u2019intimidation et de r\u00e9pression, tout cela contribue \u00e0 cr\u00e9er un climat inqui\u00e9tant<\/i><i>\u00a0<\/i>\u00bb, alerte le comit\u00e9 de soutien Free El Mahdi Lyoubi, qui r\u00e9clame sa \u00ab\u00a0<i>lib\u00e9ration imm\u00e9diate<\/i><i>\u00a0<\/i>\u00bb. Et attend, sans trop y croire le \u00ab\u00a0<i>soutien<\/i><i>\u00a0<\/i>\u00bb de la France, pays o\u00f9 le cin\u00e9aste \u00ab\u00a0<i>habite depuis 2017, o\u00f9 il fait sa carri\u00e8re, o\u00f9 il fait ses films<\/i>\u00a0\u00bb. Car au m\u00eame moment, le Premier ministre fran\u00e7ais S\u00e9bastien Lecornu entame dans le royaume ch\u00e9rifien son premier voyage officiel depuis sa nomination. Accompagn\u00e9 d\u2019une douzaine de ministres, il \u00e9voquera les coop\u00e9rations \u00e9conomiques, s\u00e9curitaire, migratoire et de d\u00e9fense. La libert\u00e9 d\u2019expression n\u2019est pas au programme.<\/p>\n<\/p><\/div>\n","protected":false},"excerpt":{"rendered":"El Mahdi Lyoubi alias Mehdi Black Wind a pass&eacute; la nuit dans la prison d&rsquo;Oukacha &agrave; Casablanca. Le cin&eacute;aste et rappeur marocain a &eacute;t&eacute; arr&ecirc;t&eacute; ce lundi &agrave; l&rsquo;a&eacute;roport alors &#8230;","protected":false},"author":1,"featured_media":36423,"comment_status":"open","ping_status":"open","sticky":false,"template":"","format":"standard","meta":{"footnotes":""},"categories":[3926,3925,337,20],"tags":[992,10,919,3223,1999,16,325,3189,380],"news-destination":[3944],"news-source":[475],"is_homepage":[],"ta_other":[],"class_list":["post-36422","post","type-post","status-publish","format-standard","has-post-thumbnail","hentry","category-accueil-merge","category-accueil-third","category-international","category-societe","tag-artiste","tag-bouches-du-rhone","tag-cinema","tag-comite-de-soutien","tag-maroc","tag-marseille","tag-musique","tag-rap","tag-reseaux-sociaux","news-destination-homepage","news-source-website"],"_links":{"self":[{"href":"https:\/\/euapp01.newsmemory.com\/lamarseillaise\/news\/wp-json\/wp\/v2\/posts\/36422","targetHints":{"allow":["GET"]}}],"collection":[{"href":"https:\/\/euapp01.newsmemory.com\/lamarseillaise\/news\/wp-json\/wp\/v2\/posts"}],"about":[{"href":"https:\/\/euapp01.newsmemory.com\/lamarseillaise\/news\/wp-json\/wp\/v2\/types\/post"}],"author":[{"embeddable":true,"href":"https:\/\/euapp01.newsmemory.com\/lamarseillaise\/news\/wp-json\/wp\/v2\/users\/1"}],"replies":[{"embeddable":true,"href":"https:\/\/euapp01.newsmemory.com\/lamarseillaise\/news\/wp-json\/wp\/v2\/comments?post=36422"}],"version-history":[{"count":1,"href":"https:\/\/euapp01.newsmemory.com\/lamarseillaise\/news\/wp-json\/wp\/v2\/posts\/36422\/revisions"}],"predecessor-version":[{"id":36424,"href":"https:\/\/euapp01.newsmemory.com\/lamarseillaise\/news\/wp-json\/wp\/v2\/posts\/36422\/revisions\/36424"}],"wp:featuredmedia":[{"embeddable":true,"href":"https:\/\/euapp01.newsmemory.com\/lamarseillaise\/news\/wp-json\/wp\/v2\/media\/36423"}],"wp:attachment":[{"href":"https:\/\/euapp01.newsmemory.com\/lamarseillaise\/news\/wp-json\/wp\/v2\/media?parent=36422"}],"wp:term":[{"taxonomy":"category","embeddable":true,"href":"https:\/\/euapp01.newsmemory.com\/lamarseillaise\/news\/wp-json\/wp\/v2\/categories?post=36422"},{"taxonomy":"post_tag","embeddable":true,"href":"https:\/\/euapp01.newsmemory.com\/lamarseillaise\/news\/wp-json\/wp\/v2\/tags?post=36422"},{"taxonomy":"news-destination","embeddable":true,"href":"https:\/\/euapp01.newsmemory.com\/lamarseillaise\/news\/wp-json\/wp\/v2\/news-destination?post=36422"},{"taxonomy":"news-source","embeddable":true,"href":"https:\/\/euapp01.newsmemory.com\/lamarseillaise\/news\/wp-json\/wp\/v2\/news-source?post=36422"},{"taxonomy":"is_homepage","embeddable":true,"href":"https:\/\/euapp01.newsmemory.com\/lamarseillaise\/news\/wp-json\/wp\/v2\/is_homepage?post=36422"},{"taxonomy":"ta_other","embeddable":true,"href":"https:\/\/euapp01.newsmemory.com\/lamarseillaise\/news\/wp-json\/wp\/v2\/ta_other?post=36422"}],"curies":[{"name":"wp","href":"https:\/\/api.w.org\/{rel}","templated":true}]}}