{"id":36416,"date":"2026-07-16T06:50:00","date_gmt":"2026-07-16T04:50:00","guid":{"rendered":"https:\/\/euapp01.newsmemory.com\/lamarseillaise\/news\/?p=36416"},"modified":"2026-07-21T08:01:39","modified_gmt":"2026-07-21T06:01:39","slug":"des-controles-contre-les-dangers-de-la-mer","status":"publish","type":"post","link":"https:\/\/euapp01.newsmemory.com\/lamarseillaise\/news\/2026\/07\/16\/des-controles-contre-les-dangers-de-la-mer\/","title":{"rendered":"Des contr\u00f4les contre les dangers de la mer"},"content":{"rendered":"<div class=\"paragraph\">\n<p>Devant le stade nautique du Roucas Blanc, \u00e0 Marseille, l\u2019adjoint du pr\u00e9fet maritime, le commissaire Jean-Emmanuel Perrin fait le briefing aux unit\u00e9s pr\u00eates \u00e0 partir en mer cet apr\u00e8s-midi. Un mot d\u2019ordre\u00a0: \u00ab<i>\u00a0<\/i><i>Veiller au respect de la r\u00e9glementation pour sauvegarder la vie humaine en M\u00e9diterran\u00e9e.<\/i><i>\u00a0<\/i>\u00bb<\/p>\n<p>Au programme, 50 \u00e0 70\u00a0agents \u00e0 bord de huit Zodiacs vont s\u00e9curiser le plan d\u2019eau. Les affaires et la gendarmerie maritimes, la douane, les polices municipale et nationale sont missionn\u00e9es du 1<sup>er<\/sup>\u00a0mai au 30\u00a0septembre. Ils agissent sur toute la fa\u00e7ade M\u00e9diterran\u00e9e.<\/p>\n<p>L\u2019\u00e9t\u00e9 dernier, sur les 12\u00a0000\u00a0contr\u00f4les effectu\u00e9s, 4\u00a0000\u00a0infractions ont \u00e9t\u00e9 relev\u00e9es. \u00ab\u00a0<i>En mer, il y a de plus en plus d\u2019infractions parce qu\u2019il y a plus de fr\u00e9quentation<\/i>\u00a0\u00bb, constate le Major Marc Foyer, responsable de la brigade nautique d\u00e9partementale, en poste aux c\u00f4t\u00e9s de quatre autres agents de la police nationale. \u00c0 bord de leur intercepteur, nom donn\u00e9 au Zodiac, ils se veulent \u00ab\u00a0<i>visibles et cr\u00e9dibles<\/i>\u00a0\u00bb.<\/p>\n<\/p><\/div>\n<div class=\"intext\"> Prot\u00e9ger et sanctionner<br \/>\n               <br \/>\u00e0 tous les niveaux\n              <\/div>\n<div class=\"paragraph\">\n<p>Car les dangers sur l\u2019eau sont multiples. Un \u00e9quipement complet et en r\u00e8gle doit toujours \u00eatre v\u00e9rifi\u00e9 par le capitaine du bateau, m\u00eame quand c\u2019est de la location. Alors que l\u2019intercepteur de la police navigue \u00e0 proximit\u00e9 du Mucem, le Major fait signe \u00e0 un bateau de location de s\u2019arr\u00eater. \u00ab\u00a0<i>On coupe le moteur s\u2019il vous pla\u00eet. Vous me pr\u00e9sentez la carte de circulation et le permis bateau.<\/i>\u00a0\u00bb<\/p>\n<p>La v\u00e9rification des papiers faite, les policiers rappellent la r\u00e9glementation\u00a0: \u00ab\u00a0<i>Quel est l\u2019\u00e9quipement obligatoire \u00e0 bord, Monsieur<\/i><i>\u00a0<\/i><i>?<\/i>\u00a0\u00bb Bonne r\u00e9ponse pour le capitaine contr\u00f4l\u00e9, qui pr\u00e9sente cinq gilets de sauvetage pour ses cinq passagers. \u00ab\u00a0<i>On fait preuve de p\u00e9dagogie sur nos contr\u00f4les, pour r\u00e9duire les risques en amont des infractions<\/i><i>\u00a0<\/i>\u00bb, explique Marc Foyer. Parmi les \u00e9quipements contr\u00f4l\u00e9s, l\u2019extincteur et sa date de p\u00e9remption, ou encore la lisibilit\u00e9 de l\u2019immatriculation du bateau.<\/p>\n<p>Le bateau de la police nationale ralentit de nouveau quand il croise un baigneur dans la rade du Vieux-Port. Une baignade interdite dans cette zone. \u00ab\u00a0<i>Je<\/i><i> vous invite \u00e0 rapidement retrouver la berge.<\/i>\u00a0\u00bb Les agents de police expliquent, contr\u00f4lent, et portent secours quand il y a urgence. Ils sont tous dipl\u00f4m\u00e9s du BNSSA, du PSC1 et 2.<\/p>\n<p>L\u2019autre danger majeur sur l\u2019eau, ce sont les exc\u00e8s de vitesse des bateaux. \u00ab\u00a0<i>Sur la bande des 300<\/i><i>\u00a0<\/i><i>m\u00e8tres, c\u2019est-\u00e0-dire les eaux proches de la berge, il ne faut pas d\u00e9passer les cinq n\u0153uds <\/i>[10\u00a0km\/h ndlr]<i>.<\/i>\u00a0\u00bb Au moment o\u00f9 Thierry, aux commandes du Zodiac, d\u00e9taille la r\u00e9glementation en mer, il remarque une \u00e9cume particuli\u00e8rement \u00e9paisse autour d\u2019un plaisancier, t\u00e9moin d\u2019une vitesse trop \u00e9lev\u00e9e. Le bateau transporte une dizaine d\u2019adolescents, conduits par un guide professionnel. \u00ab\u00a0<i>Vous savez pourquoi vous \u00eates arr\u00eat\u00e9<\/i><i>\u00a0<\/i><i>?<\/i>\u00a0\u00bb, lance Marc Foyer. En quelques minutes, le proc\u00e8s-verbal est r\u00e9dig\u00e9, et le permis lev\u00e9. \u00ab\u00a0<i>Pour un d\u00e9lit de cinqui\u00e8me classe comme \u00e7a, c\u2019est le procureur qui d\u00e9cidera du montant de l\u2019amende et de la dur\u00e9e de suspension du permis.<\/i><i>\u00a0<\/i>\u00bb<\/p>\n<p>Tout au long de l\u2019apr\u00e8s-midi de contr\u00f4les, les agents de police rep\u00e8rent les comportements \u00e0 risque et sensibilisent aux bons r\u00e9flexes. Notamment lorsqu\u2019ils voient des touristes en vacances, en train de consommer de l\u2019alcool. \u00ab\u00a0<i>C\u2019est vous qui pilotez<\/i><i>\u00a0<\/i><i>? Il n\u2019y aura pas de troisi\u00e8me bi\u00e8re, on est bien d\u2019accord<\/i><i>\u00a0<\/i><i>?<\/i><i>\u00a0<\/i>\u00bb, met en garde le Major Foyer. Un avertissement d\u2019autant plus important depuis l\u2019adoption du d\u00e9cret anti-ivresse le 2\u00a0juin dernier. L\u2019ivresse manifeste est punie d\u2019un retrait du permis et de la confiscation du navire. \u00ab\u00a0<i>L\u2019objectif de ces journ\u00e9es, c\u2019est de renforcer le volume de contr\u00f4les. C\u2019est une op\u00e9ration coup de poing<\/i><i>\u00a0<\/i>\u00bb, insiste le Major. \u00ab\u00a0<i>Pour que la mer reste un espace de plaisir.<\/i>\u00a0\u00bb<\/p>\n<\/p><\/div>\n<div class=\"paragraph\">\n<p><b>REP\u00c8RES<\/b><\/p>\n<p><b>3 536<\/b><\/p>\n<p>L\u2019\u00e9t\u00e9 2025 a \u00e9t\u00e9 particuli\u00e8rement charg\u00e9 pour les secours en mer en M\u00e9diterran\u00e9e. Le CROSS MED a coordonn\u00e9 3 536 op\u00e9rations, soit une hausse de 14 % par rapport \u00e0 l\u2019ann\u00e9e pr\u00e9c\u00e9dente. Au total, 8 072 usagers ont \u00e9t\u00e9 impliqu\u00e9s dans ces interventions (+4 %). Les d\u00e9partements du Var, des Bouches-du-Rh\u00f4ne, des Alpes-Maritimes, de la Corse-du-Sud et de l\u2019H\u00e9rault concentrent \u00e0 eux seuls pr\u00e8s de 80 % des op\u00e9rations. Cette augmentation confirme une accidentologie estivale toujours \u00e9lev\u00e9e sur un littoral tr\u00e8s fr\u00e9quent\u00e9.<\/p>\n<p><b>Contr\u00f4les<\/b><\/p>\n<p>Pour faire face \u00e0 la multiplication des pratiques nautiques et aux comportements \u00e0 risque, la pr\u00e9fecture maritime de la M\u00e9diterran\u00e9e a renforc\u00e9 sa pr\u00e9sence en mer. Durant la saison 2025, pr\u00e8s de 12 000 contr\u00f4les ont \u00e9t\u00e9 effectu\u00e9s sur le littoral. Ces op\u00e9rations ont permis de constater environ 4 000 infractions, soit un contr\u00f4le sur trois donnant lieu \u00e0 une verbalisation ou un constat d\u2019irr\u00e9gularit\u00e9. Les autorit\u00e9s pointent surtout l\u2019inexp\u00e9rience, l\u2019impr\u00e9paration et les comportements irresponsables comme principales causes d\u2019interventions de secours.<\/p>\n<p><b>38<\/b><\/p>\n<p>Si le nombre d\u2019accidents reste important, la mortalit\u00e9 en mer recule. En 2025, 38 d\u00e9c\u00e8s ont \u00e9t\u00e9 recens\u00e9s sur la fa\u00e7ade m\u00e9diterran\u00e9enne, soit une baisse de 17 % par rapport \u00e0 2024. La plong\u00e9e sous-marine, particuli\u00e8rement touch\u00e9e l\u2019ann\u00e9e pr\u00e9c\u00e9dente, enregistre une diminution notable avec six d\u00e9c\u00e8s, en recul de 33 %. Les autorit\u00e9s attribuent cette am\u00e9lioration aux campagnes de sensibilisation et aux actions de pr\u00e9vention renforc\u00e9es men\u00e9es aupr\u00e8s des pratiquants, qui seront poursuivies cet \u00e9t\u00e9.<\/p>\n<\/p><\/div>\n","protected":false},"excerpt":{"rendered":"Devant le stade nautique du Roucas Blanc, &agrave; Marseille, l&rsquo;adjoint du pr&eacute;fet maritime, le commissaire Jean-Emmanuel Perrin fait le briefing aux unit&eacute;s pr&ecirc;tes &agrave; partir en mer cet apr&egrave;s-midi. Un mot &#8230;","protected":false},"author":1,"featured_media":36417,"comment_status":"open","ping_status":"open","sticky":false,"template":"","format":"standard","meta":{"footnotes":""},"categories":[3926,3925,20],"tags":[659,10,1754,1798,5520,1856,16,128,1977,1698,111,1085,2432],"news-destination":[3944],"news-source":[475],"is_homepage":[],"ta_other":[],"class_list":["post-36416","post","type-post","status-publish","format-standard","has-post-thumbnail","hentry","category-accueil-merge","category-accueil-third","category-societe","tag-bateaux","tag-bouches-du-rhone","tag-equipements","tag-gendarmerie","tag-ile-du-frioul","tag-maritime","tag-marseille","tag-mediterranee","tag-police-nationale","tag-saison-estivale","tag-securite","tag-sensibilisation","tag-sports-nautiques","news-destination-homepage","news-source-website"],"_links":{"self":[{"href":"https:\/\/euapp01.newsmemory.com\/lamarseillaise\/news\/wp-json\/wp\/v2\/posts\/36416","targetHints":{"allow":["GET"]}}],"collection":[{"href":"https:\/\/euapp01.newsmemory.com\/lamarseillaise\/news\/wp-json\/wp\/v2\/posts"}],"about":[{"href":"https:\/\/euapp01.newsmemory.com\/lamarseillaise\/news\/wp-json\/wp\/v2\/types\/post"}],"author":[{"embeddable":true,"href":"https:\/\/euapp01.newsmemory.com\/lamarseillaise\/news\/wp-json\/wp\/v2\/users\/1"}],"replies":[{"embeddable":true,"href":"https:\/\/euapp01.newsmemory.com\/lamarseillaise\/news\/wp-json\/wp\/v2\/comments?post=36416"}],"version-history":[{"count":1,"href":"https:\/\/euapp01.newsmemory.com\/lamarseillaise\/news\/wp-json\/wp\/v2\/posts\/36416\/revisions"}],"predecessor-version":[{"id":36418,"href":"https:\/\/euapp01.newsmemory.com\/lamarseillaise\/news\/wp-json\/wp\/v2\/posts\/36416\/revisions\/36418"}],"wp:featuredmedia":[{"embeddable":true,"href":"https:\/\/euapp01.newsmemory.com\/lamarseillaise\/news\/wp-json\/wp\/v2\/media\/36417"}],"wp:attachment":[{"href":"https:\/\/euapp01.newsmemory.com\/lamarseillaise\/news\/wp-json\/wp\/v2\/media?parent=36416"}],"wp:term":[{"taxonomy":"category","embeddable":true,"href":"https:\/\/euapp01.newsmemory.com\/lamarseillaise\/news\/wp-json\/wp\/v2\/categories?post=36416"},{"taxonomy":"post_tag","embeddable":true,"href":"https:\/\/euapp01.newsmemory.com\/lamarseillaise\/news\/wp-json\/wp\/v2\/tags?post=36416"},{"taxonomy":"news-destination","embeddable":true,"href":"https:\/\/euapp01.newsmemory.com\/lamarseillaise\/news\/wp-json\/wp\/v2\/news-destination?post=36416"},{"taxonomy":"news-source","embeddable":true,"href":"https:\/\/euapp01.newsmemory.com\/lamarseillaise\/news\/wp-json\/wp\/v2\/news-source?post=36416"},{"taxonomy":"is_homepage","embeddable":true,"href":"https:\/\/euapp01.newsmemory.com\/lamarseillaise\/news\/wp-json\/wp\/v2\/is_homepage?post=36416"},{"taxonomy":"ta_other","embeddable":true,"href":"https:\/\/euapp01.newsmemory.com\/lamarseillaise\/news\/wp-json\/wp\/v2\/ta_other?post=36416"}],"curies":[{"name":"wp","href":"https:\/\/api.w.org\/{rel}","templated":true}]}}