{"id":36413,"date":"2026-07-16T06:35:00","date_gmt":"2026-07-16T04:35:00","guid":{"rendered":"https:\/\/euapp01.newsmemory.com\/lamarseillaise\/news\/?p=36413"},"modified":"2026-07-16T10:14:44","modified_gmt":"2026-07-16T08:14:44","slug":"exces-de-zele","status":"publish","type":"post","link":"https:\/\/euapp01.newsmemory.com\/lamarseillaise\/news\/2026\/07\/16\/exces-de-zele\/","title":{"rendered":"Exc\u00e8s de z\u00e8le"},"content":{"rendered":"<div class=\"paragraph\">\n<p>L\u2019an pass\u00e9, 75\u00a0% des interventions coordonn\u00e9es par le Crossmed \u00e9taient concentr\u00e9es sur la p\u00e9riode estivale, de mai \u00e0 septembre, et elles concernent en majorit\u00e9 des plaisanciers.<\/p>\n<p>La M\u00e9diterran\u00e9e, avec ses ports, ses \u00eeles, ses calanques, ce ciel haut, cet espace de libert\u00e9, donne envie de prendre le large et de s\u2019\u00e9chapper des villes, le temps d\u2019une apr\u00e8s-midi. Mais ce n\u2019est pas un lac, loin de l\u00e0.<\/p>\n<p>L\u2019insouciance des vacances est passablement incompatible avec les<br \/>\u00ab\u00a0loisirs\u00a0\u00bb nautiques, maritimes ou du littoral, \u00e0 partir du moment o\u00f9 les activit\u00e9s comportent une prise de risques. Il en est des estivants qui louent une embarcation pour la journ\u00e9e comme de ces jeunes qui se d\u00e9fient sur la corniche Kennedy. L\u2019exc\u00e8s de vitesse et l\u2019exc\u00e8s de z\u00e8le augmentent vertigineusement les risques, pour soi, pour ses proches et pour les autres.<\/p>\n<p><b>De l\u2019insouciance \u00e0 l\u2019inconscience<\/b><\/p>\n<p>Quand l\u2019insouciance culmine parfois \u00e0 l\u2019inconscience. C\u2019est cette mise en garde, ce rappel formel, que les autorit\u00e9s entendent exprimer d\u2019abord et avant tout, du Frioul \u00e0 la Corniche Kennedy, \u00e0 l\u2019adresse des plaisanciers ou des plongeurs d\u2019un jour.<br \/>L\u00e0 encore, le bilan de l\u2019ann\u00e9e pass\u00e9e est sans concession\u00a0: 87\u00a0personnes ont perdu la vie en M\u00e9diterran\u00e9e en 2025, et plus pr\u00e9occupant encore, le nombre de morts a augment\u00e9 de 26\u00a0% par rapport \u00e0 l\u2019ann\u00e9e pr\u00e9c\u00e9dente. Alors certes, les vagues de chaleur successives incitent \u00e9videmment \u00e0 se mettre \u00e0 l\u2019eau, mais pas n\u2019importe quand, pas n\u2019importe comment, et pas n\u2019importe o\u00f9.<\/p>\n<\/p><\/div>\n","protected":false},"excerpt":{"rendered":"L&rsquo;an pass&eacute;, 75&nbsp;% des interventions coordonn&eacute;es par le Crossmed &eacute;taient concentr&eacute;es sur la p&eacute;riode estivale, de mai &agrave; septembre, et elles concernent en majorit&eacute; des plaisanciers.La &#8230;","protected":false},"author":1,"featured_media":36414,"comment_status":"open","ping_status":"open","sticky":false,"template":"","format":"standard","meta":{"footnotes":""},"categories":[332],"tags":[10,373,1372,1856,16,128,85,111,2432],"news-destination":[],"news-source":[475],"is_homepage":[],"ta_other":[],"class_list":["post-36413","post","type-post","status-publish","format-standard","has-post-thumbnail","hentry","category-edito","tag-bouches-du-rhone","tag-chaleur","tag-editoriaux","tag-maritime","tag-marseille","tag-mediterranee","tag-mer","tag-securite","tag-sports-nautiques","news-source-website"],"_links":{"self":[{"href":"https:\/\/euapp01.newsmemory.com\/lamarseillaise\/news\/wp-json\/wp\/v2\/posts\/36413","targetHints":{"allow":["GET"]}}],"collection":[{"href":"https:\/\/euapp01.newsmemory.com\/lamarseillaise\/news\/wp-json\/wp\/v2\/posts"}],"about":[{"href":"https:\/\/euapp01.newsmemory.com\/lamarseillaise\/news\/wp-json\/wp\/v2\/types\/post"}],"author":[{"embeddable":true,"href":"https:\/\/euapp01.newsmemory.com\/lamarseillaise\/news\/wp-json\/wp\/v2\/users\/1"}],"replies":[{"embeddable":true,"href":"https:\/\/euapp01.newsmemory.com\/lamarseillaise\/news\/wp-json\/wp\/v2\/comments?post=36413"}],"version-history":[{"count":1,"href":"https:\/\/euapp01.newsmemory.com\/lamarseillaise\/news\/wp-json\/wp\/v2\/posts\/36413\/revisions"}],"predecessor-version":[{"id":36415,"href":"https:\/\/euapp01.newsmemory.com\/lamarseillaise\/news\/wp-json\/wp\/v2\/posts\/36413\/revisions\/36415"}],"wp:featuredmedia":[{"embeddable":true,"href":"https:\/\/euapp01.newsmemory.com\/lamarseillaise\/news\/wp-json\/wp\/v2\/media\/36414"}],"wp:attachment":[{"href":"https:\/\/euapp01.newsmemory.com\/lamarseillaise\/news\/wp-json\/wp\/v2\/media?parent=36413"}],"wp:term":[{"taxonomy":"category","embeddable":true,"href":"https:\/\/euapp01.newsmemory.com\/lamarseillaise\/news\/wp-json\/wp\/v2\/categories?post=36413"},{"taxonomy":"post_tag","embeddable":true,"href":"https:\/\/euapp01.newsmemory.com\/lamarseillaise\/news\/wp-json\/wp\/v2\/tags?post=36413"},{"taxonomy":"news-destination","embeddable":true,"href":"https:\/\/euapp01.newsmemory.com\/lamarseillaise\/news\/wp-json\/wp\/v2\/news-destination?post=36413"},{"taxonomy":"news-source","embeddable":true,"href":"https:\/\/euapp01.newsmemory.com\/lamarseillaise\/news\/wp-json\/wp\/v2\/news-source?post=36413"},{"taxonomy":"is_homepage","embeddable":true,"href":"https:\/\/euapp01.newsmemory.com\/lamarseillaise\/news\/wp-json\/wp\/v2\/is_homepage?post=36413"},{"taxonomy":"ta_other","embeddable":true,"href":"https:\/\/euapp01.newsmemory.com\/lamarseillaise\/news\/wp-json\/wp\/v2\/ta_other?post=36413"}],"curies":[{"name":"wp","href":"https:\/\/api.w.org\/{rel}","templated":true}]}}