{"id":36405,"date":"2026-07-15T10:14:00","date_gmt":"2026-07-15T08:14:00","guid":{"rendered":"https:\/\/euapp01.newsmemory.com\/lamarseillaise\/news\/?p=36405"},"modified":"2026-07-15T10:31:33","modified_gmt":"2026-07-15T08:31:33","slug":"cest-lete-lintegrale-des-carrieres-de-baux-de-provence","status":"publish","type":"post","link":"https:\/\/euapp01.newsmemory.com\/lamarseillaise\/news\/2026\/07\/15\/cest-lete-lintegrale-des-carrieres-de-baux-de-provence\/","title":{"rendered":"[C\u2019est l\u2019\u00e9t\u00e9] L\u2019int\u00e9grale des Carri\u00e8res de Baux-de-Provence"},"content":{"rendered":"<div class=\"paragraph\">\n<p>Les carri\u00e8res de Lumi\u00e8res vous proposent une r\u00e9trospective de trois spectacles\u00a0: <i>Jimmy Nelson, les gardiens de l\u2019humanit\u00e9<\/i>, <i>Japon r\u00eav\u00e9, images d\u2019un monde flottant<\/i> et <i>L\u2019\u00c9gypte des pharaons<\/i>. De Kh\u00e9ops \u00e0 Rams\u00e8s\u00a0II. Le lieu vous ouvre ses portes \u00e0 la tomb\u00e9e de la nuit pour une immersion \u00e0 la fois magique et unique dans les expositions pass\u00e9es et vous invite \u00e0 un voyage artistique \u00e0 travers les civilisations.<\/p>\n<\/p><\/div>\n<div class=\"paragraph\">\n<p><i>\u00c0 partir de 20h30. D\u00e8s 29 euros le billet. <\/i><\/p>\n<\/p><\/div>\n","protected":false},"excerpt":{"rendered":"Les carri&egrave;res de Lumi&egrave;res vous proposent une r&eacute;trospective de trois spectacles&nbsp;: Jimmy Nelson, les gardiens de l&rsquo;humanit&eacute;, Japon r&ecirc;v&eacute;, images d&rsquo;un monde flottant et L&rsquo;&Eacute;gypte des &#8230;","protected":false},"author":1,"featured_media":36406,"comment_status":"open","ping_status":"open","sticky":false,"template":"","format":"standard","meta":{"footnotes":""},"categories":[20],"tags":[2873,10,6085,280,6095,55,3391,529],"news-destination":[],"news-source":[475],"is_homepage":[],"ta_other":[],"class_list":["post-36405","post","type-post","status-publish","format-standard","has-post-thumbnail","hentry","category-societe","tag-activites-de-loisirs","tag-bouches-du-rhone","tag-cest-lete","tag-histoire","tag-les-baux-de-provence","tag-loisirs","tag-nuit","tag-spectacle","news-source-website"],"_links":{"self":[{"href":"https:\/\/euapp01.newsmemory.com\/lamarseillaise\/news\/wp-json\/wp\/v2\/posts\/36405","targetHints":{"allow":["GET"]}}],"collection":[{"href":"https:\/\/euapp01.newsmemory.com\/lamarseillaise\/news\/wp-json\/wp\/v2\/posts"}],"about":[{"href":"https:\/\/euapp01.newsmemory.com\/lamarseillaise\/news\/wp-json\/wp\/v2\/types\/post"}],"author":[{"embeddable":true,"href":"https:\/\/euapp01.newsmemory.com\/lamarseillaise\/news\/wp-json\/wp\/v2\/users\/1"}],"replies":[{"embeddable":true,"href":"https:\/\/euapp01.newsmemory.com\/lamarseillaise\/news\/wp-json\/wp\/v2\/comments?post=36405"}],"version-history":[{"count":1,"href":"https:\/\/euapp01.newsmemory.com\/lamarseillaise\/news\/wp-json\/wp\/v2\/posts\/36405\/revisions"}],"predecessor-version":[{"id":36407,"href":"https:\/\/euapp01.newsmemory.com\/lamarseillaise\/news\/wp-json\/wp\/v2\/posts\/36405\/revisions\/36407"}],"wp:featuredmedia":[{"embeddable":true,"href":"https:\/\/euapp01.newsmemory.com\/lamarseillaise\/news\/wp-json\/wp\/v2\/media\/36406"}],"wp:attachment":[{"href":"https:\/\/euapp01.newsmemory.com\/lamarseillaise\/news\/wp-json\/wp\/v2\/media?parent=36405"}],"wp:term":[{"taxonomy":"category","embeddable":true,"href":"https:\/\/euapp01.newsmemory.com\/lamarseillaise\/news\/wp-json\/wp\/v2\/categories?post=36405"},{"taxonomy":"post_tag","embeddable":true,"href":"https:\/\/euapp01.newsmemory.com\/lamarseillaise\/news\/wp-json\/wp\/v2\/tags?post=36405"},{"taxonomy":"news-destination","embeddable":true,"href":"https:\/\/euapp01.newsmemory.com\/lamarseillaise\/news\/wp-json\/wp\/v2\/news-destination?post=36405"},{"taxonomy":"news-source","embeddable":true,"href":"https:\/\/euapp01.newsmemory.com\/lamarseillaise\/news\/wp-json\/wp\/v2\/news-source?post=36405"},{"taxonomy":"is_homepage","embeddable":true,"href":"https:\/\/euapp01.newsmemory.com\/lamarseillaise\/news\/wp-json\/wp\/v2\/is_homepage?post=36405"},{"taxonomy":"ta_other","embeddable":true,"href":"https:\/\/euapp01.newsmemory.com\/lamarseillaise\/news\/wp-json\/wp\/v2\/ta_other?post=36405"}],"curies":[{"name":"wp","href":"https:\/\/api.w.org\/{rel}","templated":true}]}}