{"id":36399,"date":"2026-07-15T09:21:00","date_gmt":"2026-07-15T07:21:00","guid":{"rendered":"https:\/\/euapp01.newsmemory.com\/lamarseillaise\/news\/?p=36399"},"modified":"2026-07-15T10:04:23","modified_gmt":"2026-07-15T08:04:23","slug":"cest-lete-visite-guidee-a-pernes-les-fontaines","status":"publish","type":"post","link":"https:\/\/euapp01.newsmemory.com\/lamarseillaise\/news\/2026\/07\/15\/cest-lete-visite-guidee-a-pernes-les-fontaines\/","title":{"rendered":"[C\u2019est l\u2019\u00e9t\u00e9] Visite guid\u00e9e \u00e0 Pernes-les-Fontaines"},"content":{"rendered":"<div class=\"paragraph\">\n<p>Gr\u00e2ce \u00e0 cette visite guid\u00e9e de deux heures vous pourrez en apprendre davantage sur les coutumes, le folklore et les l\u00e9gendes de la r\u00e9gion en d\u00e9couvrant les mus\u00e9es de la ville comme le mus\u00e9e du costume et le mus\u00e9e des traditions.<\/p>\n<\/p><\/div>\n<div class=\"paragraph\">\n<p><i>De 10h15 \u00e0 12h15. <\/i><\/p>\n<p><i>Comptez 5 euros pour les adultes, 2,50 euros pour les \u00e9tudiants et gratuit pour les &#8211;<\/i><i>\u00a0<\/i><i>18<\/i><i>\u00a0<\/i><i>ans.<\/i><\/p>\n<p><i>Infos et r\u00e9servations<\/i><i>\u00a0<\/i><i>: 04.90.61.31.04<\/i><\/p>\n<\/p><\/div>\n","protected":false},"excerpt":{"rendered":"Gr&acirc;ce &agrave; cette visite guid&eacute;e de deux heures vous pourrez en apprendre davantage sur les coutumes, le folklore et les l&eacute;gendes de la r&eacute;gion en d&eacute;couvrant les mus&eacute;es de la ville comme le mus&eacute;e du &#8230;","protected":false},"author":1,"featured_media":36400,"comment_status":"open","ping_status":"open","sticky":false,"template":"","format":"standard","meta":{"footnotes":""},"categories":[20],"tags":[2873,1289,6085,2410,153,1662,2602,347,1749,171],"news-destination":[],"news-source":[475],"is_homepage":[],"ta_other":[],"class_list":["post-36399","post","type-post","status-publish","format-standard","has-post-thumbnail","hentry","category-societe","tag-activites-de-loisirs","tag-balade","tag-cest-lete","tag-costumes","tag-musee","tag-office-de-tourisme","tag-sorties","tag-tourisme","tag-tradition","tag-vaucluse","news-source-website"],"_links":{"self":[{"href":"https:\/\/euapp01.newsmemory.com\/lamarseillaise\/news\/wp-json\/wp\/v2\/posts\/36399","targetHints":{"allow":["GET"]}}],"collection":[{"href":"https:\/\/euapp01.newsmemory.com\/lamarseillaise\/news\/wp-json\/wp\/v2\/posts"}],"about":[{"href":"https:\/\/euapp01.newsmemory.com\/lamarseillaise\/news\/wp-json\/wp\/v2\/types\/post"}],"author":[{"embeddable":true,"href":"https:\/\/euapp01.newsmemory.com\/lamarseillaise\/news\/wp-json\/wp\/v2\/users\/1"}],"replies":[{"embeddable":true,"href":"https:\/\/euapp01.newsmemory.com\/lamarseillaise\/news\/wp-json\/wp\/v2\/comments?post=36399"}],"version-history":[{"count":1,"href":"https:\/\/euapp01.newsmemory.com\/lamarseillaise\/news\/wp-json\/wp\/v2\/posts\/36399\/revisions"}],"predecessor-version":[{"id":36401,"href":"https:\/\/euapp01.newsmemory.com\/lamarseillaise\/news\/wp-json\/wp\/v2\/posts\/36399\/revisions\/36401"}],"wp:featuredmedia":[{"embeddable":true,"href":"https:\/\/euapp01.newsmemory.com\/lamarseillaise\/news\/wp-json\/wp\/v2\/media\/36400"}],"wp:attachment":[{"href":"https:\/\/euapp01.newsmemory.com\/lamarseillaise\/news\/wp-json\/wp\/v2\/media?parent=36399"}],"wp:term":[{"taxonomy":"category","embeddable":true,"href":"https:\/\/euapp01.newsmemory.com\/lamarseillaise\/news\/wp-json\/wp\/v2\/categories?post=36399"},{"taxonomy":"post_tag","embeddable":true,"href":"https:\/\/euapp01.newsmemory.com\/lamarseillaise\/news\/wp-json\/wp\/v2\/tags?post=36399"},{"taxonomy":"news-destination","embeddable":true,"href":"https:\/\/euapp01.newsmemory.com\/lamarseillaise\/news\/wp-json\/wp\/v2\/news-destination?post=36399"},{"taxonomy":"news-source","embeddable":true,"href":"https:\/\/euapp01.newsmemory.com\/lamarseillaise\/news\/wp-json\/wp\/v2\/news-source?post=36399"},{"taxonomy":"is_homepage","embeddable":true,"href":"https:\/\/euapp01.newsmemory.com\/lamarseillaise\/news\/wp-json\/wp\/v2\/is_homepage?post=36399"},{"taxonomy":"ta_other","embeddable":true,"href":"https:\/\/euapp01.newsmemory.com\/lamarseillaise\/news\/wp-json\/wp\/v2\/ta_other?post=36399"}],"curies":[{"name":"wp","href":"https:\/\/api.w.org\/{rel}","templated":true}]}}